{"id":145951,"date":"2025-09-29T07:50:10","date_gmt":"2025-09-29T07:50:10","guid":{"rendered":"https:\/\/www.europesays.com\/es\/145951\/"},"modified":"2025-09-29T07:50:10","modified_gmt":"2025-09-29T07:50:10","slug":"enrique-bunbury-bunbury-eso-es-todo-amigos","status":"publish","type":"post","link":"https:\/\/www.europesays.com\/es\/145951\/","title":{"rendered":"Enrique Bunbury | Bunbury: \u00abEso es todo, amigos\u00bb"},"content":{"rendered":"<p class=\"ft-text\">El aragon\u00e9s <a class=\"ft-link ft-link--decoration\" href=\"https:\/\/www.elperiodicodearagon.com\/tags\/enrique-bunbury\/\" target=\"_blank\" rel=\"nofollow noopener\"><strong>Enrique Bunbury<\/strong><\/a>, tras su arrollador paso por el pabell\u00f3n <a class=\"ft-link ft-link--decoration\" href=\"https:\/\/www.elperiodicodearagon.com\/cultura\/2025\/09\/20\/bunbury-luce-huracan-ambulante-ciudad-121791949.html\" target=\"_blank\" rel=\"nofollow noopener\"><strong>Pr\u00edncipe Felipe de Zaragoza el 20 de septiembre<\/strong><\/a>, ha culminado este pasado fin de semana su gira de reuni\u00f3n con <strong>El hurac\u00e1n ambulante<\/strong> en Buenos Aires en un concierto multitudinario en el que ha seguido el guion de su &#8216;tour&#8217; con un repertorio casi calcado y con una<strong> espectacular puesta en escena.<\/strong><\/p>\n<p class=\"ft-text\">Terminada la gira, llega el momento de los balances y el aragon\u00e9s errante ha lanzado, como es habitual en \u00e9l, un mensaje a sus seguidores a trav\u00e9s de sus redes sociales: \u00abEso es todo amigos! Ha sido una gira hermosa,<strong> llena de momentos gloriosos.<\/strong> Estoy muy agradecido a todos vosotros que acudisteis a los conciertos y nos hicisteis vibrar y nos emocionasteis con vuestra entrega. Tambi\u00e9n, por supuesto a la banda, el Hurac\u00e1n Ambulante: Copi, Ram\u00f3n, Bel\u00e9n, Del, Jordi, Luismi y los Javis. Y la Crew que nos acompa\u00f1\u00f3 y <strong>nos hizo sonar y lucir mejor.<\/strong> Finalmente, el equipo de management y promotores que hicieron posible lo imposible. Hasta pronto!\u00bb.<\/p>\n<p class=\"ft-text\">Un d\u00eda antes, el propio Enrique Bunbury ya le hab\u00eda dado las gracias al p\u00fablico argentino: \u00abContra todo pron\u00f3stico. Ni el fr\u00edo, ni el viento, ni la lluvia pudieron con el p\u00fablico argentino.<strong> Qu\u00e9 maravilla de cierre de gira<\/strong>. Buenos Aires, nos hab\u00e9is hecho tremendamente felices. Infinitas gracias!\u00bb.<\/p>\n","protected":false},"excerpt":{"rendered":"El aragon\u00e9s Enrique Bunbury, tras su arrollador paso por el pabell\u00f3n Pr\u00edncipe Felipe de Zaragoza el 20 de&hellip;\n","protected":false},"author":2,"featured_media":145952,"comment_status":"","ping_status":"","sticky":false,"template":"","format":"standard","meta":{"footnotes":""},"categories":[170],"tags":[17832,146,147,25,24,184,185,23],"class_list":{"0":"post-145951","1":"post","2":"type-post","3":"status-publish","4":"format-standard","5":"has-post-thumbnail","7":"category-musica","8":"tag-bunbury","9":"tag-entertainment","10":"tag-entretenimiento","11":"tag-es","12":"tag-espana","13":"tag-music","14":"tag-musica","15":"tag-spain"},"share_on_mastodon":{"url":"","error":""},"_links":{"self":[{"href":"https:\/\/www.europesays.com\/es\/wp-json\/wp\/v2\/posts\/145951","targetHints":{"allow":["GET"]}}],"collection":[{"href":"https:\/\/www.europesays.com\/es\/wp-json\/wp\/v2\/posts"}],"about":[{"href":"https:\/\/www.europesays.com\/es\/wp-json\/wp\/v2\/types\/post"}],"author":[{"embeddable":true,"href":"https:\/\/www.europesays.com\/es\/wp-json\/wp\/v2\/users\/2"}],"replies":[{"embeddable":true,"href":"https:\/\/www.europesays.com\/es\/wp-json\/wp\/v2\/comments?post=145951"}],"version-history":[{"count":0,"href":"https:\/\/www.europesays.com\/es\/wp-json\/wp\/v2\/posts\/145951\/revisions"}],"wp:featuredmedia":[{"embeddable":true,"href":"https:\/\/www.europesays.com\/es\/wp-json\/wp\/v2\/media\/145952"}],"wp:attachment":[{"href":"https:\/\/www.europesays.com\/es\/wp-json\/wp\/v2\/media?parent=145951"}],"wp:term":[{"taxonomy":"category","embeddable":true,"href":"https:\/\/www.europesays.com\/es\/wp-json\/wp\/v2\/categories?post=145951"},{"taxonomy":"post_tag","embeddable":true,"href":"https:\/\/www.europesays.com\/es\/wp-json\/wp\/v2\/tags?post=145951"}],"curies":[{"name":"wp","href":"https:\/\/api.w.org\/{rel}","templated":true}]}}