{"id":145961,"date":"2025-09-29T07:57:07","date_gmt":"2025-09-29T07:57:07","guid":{"rendered":"https:\/\/www.europesays.com\/es\/145961\/"},"modified":"2025-09-29T07:57:07","modified_gmt":"2025-09-29T07:57:07","slug":"un-muerto-y-12-militares-heridos-en-protesta-dw-29-09-2025","status":"publish","type":"post","link":"https:\/\/www.europesays.com\/es\/145961\/","title":{"rendered":"un muerto y 12 militares heridos en protesta \u2013 DW \u2013 29\/09\/2025"},"content":{"rendered":"<p>El Ministerio ecuatoriano de Defensa inform\u00f3 este domingo (28.09.2025) que 12 militares resultaron heridos y 17 retenidos tras ser emboscados por \u00abgrupos terroristas infiltrados\u00bb en las <a class=\"internal-link\" href=\"https:\/\/www.dw.com\/es\/ecuador-24-detenidos-en-protestas-contra-el-alza-del-di\u00e9sel\/a-74102042\" rel=\"nofollow noopener\" target=\"_blank\">protestas contra el alza del di\u00e9sel<\/a> en la ciudad andina de Cotacachi donde, seg\u00fan el movimiento ind\u00edgena, muri\u00f3 un manifestante.<\/p>\n<p>\u00ab12 militares heridos mientras custodiaban un convoy de alimentos fueron emboscados\u00bb, asever\u00f3 el Ministerio en su cuenta de la red social X, en la que asevera que ello es \u00abla muestra m\u00e1s palpable de que la protesta NO es pac\u00edfica\u00bb.<\/p>\n<p>Adem\u00e1s, a\u00f1adi\u00f3 que 17 militares fueron retenidos \u00aben el cumplimiento de su misi\u00f3n, mientras custodiaban un convoy de alimentos destinado a abastecer a las zonas m\u00e1s necesitadas de la Sierra norte, los cuales fueron violentamente emboscados por grupos terroristas infiltrados en Cotacachi\u00bb.<\/p>\n<p>\u00abHechos como estos NO quedar\u00e1n impunes. Las Fuerzas Armadas condenan estos actos. La vida y la seguridad de los ecuatorianos est\u00e1 por encima de todo\u00bb, finaliz\u00f3 en el mensaje al que acompa\u00f1an fotograf\u00edas de militares con sangre en sus rostros y cabeza, as\u00ed como un v\u00eddeo del momento en que son agredidos.<\/p>\n<p>Por su parte, la Confederaci\u00f3n de Nacionalidades Ind\u00edgenas de <a class=\"internal-link\" href=\"https:\/\/www.dw.com\/es\/ecuador\/t-17411922\" rel=\"nofollow noopener\" target=\"_blank\">Ecuador<\/a> (Conaie) denunci\u00f3 este domingo la muerte de un manifestante durante las protestas, que cumplen su s\u00e9ptimo d\u00eda.<\/p>\n<p>\u00abDenunciamos la muerte de Efra\u00edn Fuerez, comunero ind\u00edgena de Cuicocha, Imbabura, asesinado el 28\/09\/2025 por un impacto de bala de las FFAA (Fuerzas Armadas), durante el Paro Nacional 2025 en Cotacachi\u00bb, se\u00f1al\u00f3 la Conaie en su cuenta de la red social X.<\/p>\n<p>Ni la Presidencia, la Polic\u00eda o el Ministerio del Interior, consultados por la prensa, se han pronunciado a\u00fan sobre la denuncia de la Conaie, convocante al paro nacional.<\/p>\n<p>Fiscal\u00eda realiza primeras diligencias\u00a0<\/p>\n<p>La Fiscal\u00eda General del Estado indic\u00f3 que \u00abtras haber conocido sobre el presunto fallecimiento de un ciudadano en Cotacachi\u00bb, servidores de esa instituci\u00f3n se trasladaron al sitio para el levantamiento del cad\u00e1ver y las diligencias correspondientes.<\/p>\n<p>La Conaie, la mayor organizaci\u00f3n social del pa\u00eds, rechaz\u00f3 \u00abel uso letal de la fuerza por parte de las Fuerzas Armadas contra comuneros ind\u00edgenas\u00bb.<\/p>\n<p>La provincia de Imbabura se ha convertido en el epicentro del paro, convocado con car\u00e1cter nacional y que desde el pasado lunes se ha caracterizado por el corte parcial de v\u00edas y protestas espor\u00e1dicas en unas cinco de las 24 provincias del pa\u00eds.<\/p>\n<p>La Conaie exige que el presidente, <a class=\"internal-link\" href=\"https:\/\/www.dw.com\/es\/noboa-daniel\/t-67524363\" rel=\"nofollow noopener\" target=\"_blank\">Daniel Noboa<\/a>, derogue el decreto 126 con el cual elimin\u00f3 el subsidio al di\u00e9sel, pero el jefe de Estado se mantiene firme en su decisi\u00f3n.<\/p>\n<p>El presidente de la Conaie, Marlon Vargas, ha pedido la liberaci\u00f3n de los detenidos durante las protestas, que el Gobierno cifra en alrededor de cien -algunos procesados por terrorismo- y entre los detenidos figuran dos venezolanos que las autoridades presumen que est\u00e1n vinculados al Tren de Aragua, una organizaci\u00f3n criminal transnacional, catalogada por el Gobierno de Noboa como \u00abterrorista\u00bb.<\/p>\n<p>Una nutrida marcha el s\u00e1bado en Otavalo exigi\u00f3 la liberaci\u00f3n de doce detenidos tras la protesta del lunes, cuando un millar de manifestantes atac\u00f3 un destacamento policial, da\u00f1\u00f3 su infraestructura y quem\u00f3 diez veh\u00edculos policiales y particulares.<\/p>\n<p>El movimiento ind\u00edgena ya lider\u00f3 en 2019 y 2022 las masivas protestas que llevaron a los presidentes Len\u00edn Moreno (2017-2021) y Guillermo Lasso (2021-2023) a dar marcha a atr\u00e1s cuando tambi\u00e9n quisieron eliminar las subvenciones estatales a los combustibles para cumplir con las metas de ajuste fiscal de los programas crediticios firmados con el Fondo Monetario Internacional (FMI).<\/p>\n<p>mg (efe, Primicias)<\/p>\n<p>\u00a0<\/p>\n","protected":false},"excerpt":{"rendered":"El Ministerio ecuatoriano de Defensa inform\u00f3 este domingo (28.09.2025) que 12 militares resultaron heridos y 17 retenidos tras&hellip;\n","protected":false},"author":2,"featured_media":119458,"comment_status":"","ping_status":"","sticky":false,"template":"","format":"standard","meta":{"footnotes":""},"categories":[42],"tags":[17,18,13,14,11,61,62,63,64,19,20,9,10,15,16,12,21,22,65,66,67],"class_list":{"0":"post-145961","1":"post","2":"type-post","3":"status-publish","4":"format-standard","5":"has-post-thumbnail","7":"category-internacional","8":"tag-breaking-news","9":"tag-breakingnews","10":"tag-featured-news","11":"tag-featurednews","12":"tag-headlines","13":"tag-internacional","14":"tag-international","15":"tag-international-news","16":"tag-internationalnews","17":"tag-latest-news","18":"tag-latestnews","19":"tag-news","20":"tag-noticias","21":"tag-noticias-destacadas","22":"tag-noticiasdestacadas","23":"tag-titulares","24":"tag-ultimas-noticias","25":"tag-ultimasnoticias","26":"tag-world","27":"tag-world-news","28":"tag-worldnews"},"share_on_mastodon":{"url":"","error":""},"_links":{"self":[{"href":"https:\/\/www.europesays.com\/es\/wp-json\/wp\/v2\/posts\/145961","targetHints":{"allow":["GET"]}}],"collection":[{"href":"https:\/\/www.europesays.com\/es\/wp-json\/wp\/v2\/posts"}],"about":[{"href":"https:\/\/www.europesays.com\/es\/wp-json\/wp\/v2\/types\/post"}],"author":[{"embeddable":true,"href":"https:\/\/www.europesays.com\/es\/wp-json\/wp\/v2\/users\/2"}],"replies":[{"embeddable":true,"href":"https:\/\/www.europesays.com\/es\/wp-json\/wp\/v2\/comments?post=145961"}],"version-history":[{"count":0,"href":"https:\/\/www.europesays.com\/es\/wp-json\/wp\/v2\/posts\/145961\/revisions"}],"wp:featuredmedia":[{"embeddable":true,"href":"https:\/\/www.europesays.com\/es\/wp-json\/wp\/v2\/media\/119458"}],"wp:attachment":[{"href":"https:\/\/www.europesays.com\/es\/wp-json\/wp\/v2\/media?parent=145961"}],"wp:term":[{"taxonomy":"category","embeddable":true,"href":"https:\/\/www.europesays.com\/es\/wp-json\/wp\/v2\/categories?post=145961"},{"taxonomy":"post_tag","embeddable":true,"href":"https:\/\/www.europesays.com\/es\/wp-json\/wp\/v2\/tags?post=145961"}],"curies":[{"name":"wp","href":"https:\/\/api.w.org\/{rel}","templated":true}]}}