{"id":145962,"date":"2025-09-29T07:58:09","date_gmt":"2025-09-29T07:58:09","guid":{"rendered":"https:\/\/www.europesays.com\/es\/145962\/"},"modified":"2025-09-29T07:58:09","modified_gmt":"2025-09-29T07:58:09","slug":"maria-jesus-montero-en-siete-frases-para-enmarcar","status":"publish","type":"post","link":"https:\/\/www.europesays.com\/es\/145962\/","title":{"rendered":"Mar\u00eda Jes\u00fas Montero en siete frases para enmarcar"},"content":{"rendered":"<p style=\"\"><strong>Mar\u00eda Jes\u00fas Montero<\/strong> lo ha sido todo en el PSOE andaluz: desde consejera de Salud durante nueve a\u00f1os (2004-2013) hasta m\u00e1xima responsable de la Hacienda auton\u00f3mica (2013-2018). En Madrid no la descubrieron hasta que<strong> Pedro S\u00e1nchez<\/strong> la incorpor\u00f3 a su  &#8230; Gobierno en junio de 2018 y la ministra de Hacienda empez\u00f3 a subir escalones de dos en dos: vicepresidenta primera del Gobierno, vicesecretaria general del PSOE,<a href=\"https:\/\/www.abc.es\/espana\/andalucia\/pedro-sanchez-pone-estado-servicio-operacion-montero-20250323184826-nts.html\" target=\"_self\" data-voc-vtm-id=\"in-text-traffic\" title=\" l\u00edder de la federaci\u00f3n andaluza y candidata a la Presidencia de la Junta.\" data-mrf-link=\"www.abc.es\" rel=\"nofollow noopener\"> l\u00edder de la federaci\u00f3n andaluza y candidata a la Presidencia de la Junta.<\/a>\u00a0<\/p>\n<p class=\"voc-p\" style=\"\">De casi todas las <strong>batallas pol\u00edticas que ha librado en 23 a\u00f1os<\/strong> con los focos apuntando hacia su persona, ha salido m\u00e1s o menos airosa con su particular manual de resistencia. Sin embargo, esta habilidad no es ni de lejos lo mejor que la doctora Montero (se licenci\u00f3 en Medicina) sabe hacer. Donde no tiene igual es dejando frases para la historia que lo mismo sirven para escapar de un aprieto, para <strong>ridiculizar a un dirigente del PP, para aleccionar sobre los presupuestos<\/strong> o para levantar la moral alica\u00edda de los socialistas que no terminan de ver la hora de recuperar la Junta de Andaluc\u00eda perdida en las elecciones de 2018.<\/p>\n<p>\n\u00abEse bicharraco que es PSOE andaluz\u00bb\n<\/p>\n<p class=\"voc-p\" style=\"\">\u00abCon ese bicharraco que es el PSOE de Andaluc\u00eda, cuando est\u00e1 brav\u00edo, unido, se lo cree, lo pelea, militante por militante, simpatizante por simpatizante, somos imbatibles\u00bb, proclam\u00f3 Montero en el Comit\u00e9 Director celebrado el pasado 20 de septiembre. <a href=\"https:\/\/www.abc.es\/espana\/andalucia\/maria-jesus-montero-llama-movilizacion-total-militantes-20250920151325-nts.html\" target=\"_self\" data-voc-vtm-id=\"in-text-traffic\" title=\"La palabra elegida para definir la portentosa maquinaria que ha sido el PSOE andaluz\" data-mrf-link=\"www.abc.es\" rel=\"nofollow noopener\">La palabra elegida para definir la portentosa maquinaria que ha sido el PSOE andaluz<\/a> no habr\u00eda desentonado entre parroquianos en la barra de un bar, pero son\u00f3 chocante escucharla en una intervenci\u00f3n retransmitida a los medios de comunicaci\u00f3n en un \u00f3rgano interno. <\/p>\n<p class=\"voc-p\" style=\"\">Todo vale con tal de contagiar su entusiasmo a la tropa. Para tama\u00f1a tarea <strong>no necesita seguidores sino creyentes<\/strong> que profesen la fe de que su candidata puede obrar la gesta de recuperar la Junta de Andaluc\u00eda despu\u00e9s de que su antecesor, <strong>Juan Espadas<\/strong>, firmara el peor resultado de la historia para el PSOE en los pasados comicios de 2022. Despertar a ese \u00abbicharraco\u00bb es la \u00faltima de las ocurrencias que ha regalado la ministra criada en Triana que, como se dice en Andaluc\u00eda, suele estar sembrada. <\/p>\n<p>\n\u00abChiqui&#8230; Son 1.200 millones. Eso es poco\u00bb\n<\/p>\n<p class=\"voc-p\" style=\"\">\u00abPasarse en un presupuesto es f\u00e1cil. Lo he dicho siempre, chiqui&#8230; Son 1.200 millones. Eso es poco. Eso se quita o pone en una parte del presupuesto\u00bb. \u00bfQu\u00e9 son 1.200 millones?<strong> Una minucia en el oc\u00e9ano de las cuentas del Estado<\/strong>. As\u00ed se lo dio a entender Montero a una periodista en el Congreso el 18 de octubre de 2018, casi reci\u00e9n aterrizada en el Ministerio de Hacienda. Bruselas hab\u00eda reclamado al Gobierno de S\u00e1nchez que aclarase algunos ingresos poco fiables. La ministra quit\u00f3 importancia a un <strong>posible ajuste del cintur\u00f3n impuesto por Europa<\/strong> como ser\u00eda elevar el d\u00e9ficit del 1,3% al 1,8%. A vuela pluma supondr\u00edan unos 1.200 millones. Nada que no pueda arreglarse quitando de aqu\u00ed y poniendo all\u00e1. Poca cosa, aunque dar\u00eda para construir seis hospitales de tama\u00f1o medio.<\/p>\n<p class=\"voc-p\" style=\"\">La frase, convertida en carne de meme, se la record\u00f3 en diciembre de 2020 el entonces portavoz del PP, Javier Maroto, durante un debate en el Senado acerca de los presupuestos. La ministra se lo tom\u00f3 como una burla a su acento sevillano. \u00abEn Andaluc\u00eda expresiones como <strong>&#8216;chiqui&#8217;, &#8216;miarma&#8217;, &#8216;cari\u00f1o&#8217;, &#8216;ni\u00f1o&#8217;, &#8216;chiquillo&#8217;,<\/strong> se utilizan todos los d\u00edas por todos los ciudadanos; por tanto, cuando usted critica de m\u00ed la utilizaci\u00f3n de estas expresiones frecuentes en Andaluc\u00eda, est\u00e1 criticando el habla de Andaluc\u00eda\u00bb, lo reconvino.<\/p>\n<p>\n\u00abNos ponemos la bata de cola si queremos\u00bb\n<\/p>\n<p class=\"voc-p\" style=\"\">El \u00abacento andaluz\u00bb, un fil\u00f3n que exprime cada vez que puede, funciona como una sin\u00e9cdoque conspirativa de la derecha reaccionaria. Cualquier ataque hacia una palabra suya representa un escarnio al conjunto de los andaluces. A veces sucede que la pelota se la dejan botando. <\/p>\n<p class=\"voc-p\" style=\"\">Tras el sonado tropiezo de la ministra el pasado marzo, que <a href=\"https:\/\/www.abc.es\/espana\/andalucia\/montero-disculpa-ataque-presuncion-inocencia-hablar-sentencia-20250401201337-nts.html\" target=\"_self\" data-voc-vtm-id=\"in-text-traffic\" title=\"hab\u00eda cuestionado a los jueces que absolvieron al futbolista Dani Alves por agresi\u00f3n sexual\" data-mrf-link=\"www.abc.es\" rel=\"nofollow noopener\">hab\u00eda cuestionado a los jueces que absolvieron al futbolista Dani Alves por agresi\u00f3n sexual<\/a>, la presidenta madrile\u00f1a, Isabel D\u00edaz Ayuso, desempolv\u00f3 los estereotipos m\u00e1s rancios del folclore: \u00abLa que se fue a Sevilla, y va a perder su silla, se puso el otro d\u00eda una camiseta de faralaes y<strong> se vino arriba con la bata de cola<\/strong>\u00bb. Montero le dio la r\u00e9plica emulando a Lola Flores: \u00ab[Los andaluces] nos vestimos de faralaes si nos queremos vestir de faralaes, y<a href=\"https:\/\/www.abc.es\/espana\/andalucia\/maria-jesus-montero-contesta-diaz-ayuso-andalucia-20250404204430-nts.html\" target=\"_self\" data-voc-vtm-id=\"in-text-traffic\" title=\" nos ponemos bata de cola si queremos ponernos bata de cola\" data-mrf-link=\"www.abc.es\" rel=\"nofollow noopener\"> nos ponemos bata de cola si queremos ponernos bata de cola<\/a>\u00bb. Fue pronunciar esta frase en el Congreso del PSOE de C\u00f3rdoba y alg\u00fan que otro delegado se imagin\u00f3 a su dirigente culebreando con la bata de cola por el escenario.<\/p>\n<p>\n\u00abFeij\u00f3o es el se\u00f1or &#8216;Mopongo&#8217;\u00bb\n<\/p>\n<p class=\"voc-p\" style=\"\">Mar\u00eda Jes\u00fas Montero re\u00fane una colecci\u00f3n de motes para caricaturizar a sus adversarios. En un festival del humor pol\u00edtico no igualar\u00eda a otro sevillano ilustre, el exvicepresidente del Gobierno <strong>Alfonso Guerra<\/strong>, pero le pone ganas e ingenio. Durante un mitin de su partido en M\u00e9rida el 1 de septiembre de 2022, la ministra se lanz\u00f3 a la comedia: \u00ab[Alberto N\u00fa\u00f1ez] Feij\u00f3o es el se\u00f1or &#8216;Mopongo&#8217;, y <strong>no es que venga de \u00c1frica, es que es &#8216;ponga usted una propuesta, que yo me opongo<\/strong>. Da igual lo que usted diga, yo, &#8216;mopongo&#8217;\u00bb. <\/p>\n<p class=\"voc-p\" style=\"\">M\u00e1s despectiva son\u00f3 su mofa sobre el aspecto f\u00edsico de <strong>Miguel Tellado<\/strong>. Durante una convenci\u00f3n del PSOE en A Coru\u00f1a, la vicesecretaria general se refiri\u00f3 al portavoz parlamentario del PP como \u00abeste hombre que hab\u00e9is mandado para Madrid, el de las gafas\u00bb. Para no confundirlo con su l\u00edder Feij\u00f3o, que por cierto ya no lleva lentes, precis\u00f3 que, \u00abbueno, <strong>los dos tienen gafas, el que tiene menos pelo<\/strong>, Miguel Tellado\u00bb. <\/p>\n<p>\n\u00ab\u00a1No, co\u00f1o, las mujeres son listas!\u00bb\n<\/p>\n<p class=\"voc-p\" style=\"\">El aludido le contest\u00f3 en X con retranca gallega: \u00abPara referirse a m\u00ed, la n\u00famero dos de Pedro S\u00e1nchez<strong> incide en que soy calvo y llevo gafas<\/strong>. \u00bfQu\u00e9 pasar\u00eda si se me ocurriera describir a una diputada del PSOE por su aspecto f\u00edsico? Por su peinado, su vestimenta&#8230;\u00bb. A quien se le ocurriera tal cosa es probable que le colgaran la etiqueta de machista, pero Montero es una feminista convencid\u00edsima. <\/p>\n<p class=\"voc-p\" style=\"\">Sus palabras en un reciente acto con mujeres en Alcorc\u00f3n (Madrid) dan fe de ello: \u00abMuchas veces, adem\u00e1s de ser trabajadoras, somos listas. Tenemos neuronas, talento, capacidad y queremos mandar. Parecer\u00eda que el \u00fanico atributo al que tenemos que dar las gracias por que <strong>se nos reconozca es que es muy trabajadora, es que se toma muy en serio los temas<\/strong>. No, co\u00f1o, [las mujeres] son listas\u00bb.<\/p>\n<p>\n\u00abSi recaudas por Ricola, solo puedes gastarlo en Juanolas\u00bb\n<\/p>\n<p class=\"voc-p\" style=\"\">Pedagog\u00eda es una palabra que nunca falta en el vocabulario de Montero. La practica cada vez que puede, aunque no siempre le funciona. No le sirvi\u00f3 para convencer a su compa\u00f1era y ministra de Trabajo, <strong>Yolanda D\u00edaz<\/strong> (Sumar), de que<a href=\"https:\/\/www.abc.es\/espana\/andalucia\/maria-jesus-montero-mantiene-tributacion-salario-minimo-20250214122522-nts.html\" target=\"_self\" data-voc-vtm-id=\"in-text-traffic\" title=\" a partir de 2025 deb\u00edan tributar los trabajadores que cobran el Salario M\u00ednimo Interprofesional\" data-mrf-link=\"www.abc.es\" rel=\"nofollow noopener\"> a partir de 2025 deb\u00edan tributar los trabajadores que cobran el Salario M\u00ednimo Interprofesional<\/a>.<\/p>\n<p class=\"voc-p\" style=\"\">En una comparecencia con periodistas en octubre de 2022, a la ministra le sali\u00f3 la profesora que lleva dentro. Con caramelos Ricola y pastillas Juanola, la ministra intent\u00f3 explicarles que lo que se recaude con el impuesto de solidaridad de las grandes fortunas ser\u00e1 destinado exclusivamente a<strong> financiar medidas para mitigar la crisis provocada por la guerra en Ucrania<\/strong>: \u00abCuando afectas un impuesto, dices: si recaudas por este producto \u2014exhibi\u00f3 una cajita de Ricola\u2014, solo puedes gastarlo en Juanolas. No te lo puedes gastar en nada m\u00e1s. Si las Juanolas no est\u00e1n, ahora tienes los recursos y no tienes d\u00f3nde gastarlos, y como no tienes d\u00f3nde gastarlos te descuadra ingresos y gastos\u00bb. M\u00e1s transparente que el agua.<\/p>\n<p>\n\u00abLo que dice el acuerdo es lo que dice el acuerdo\u00bb\n<\/p>\n<p class=\"voc-p\" style=\"\">Hay asuntos espinosos para el Gobierno progresista en los que le conviene no ser tan divulgativo. Uno de ellos es el acuerdo firmado entre los socialistas catalanes y ERC que permiti\u00f3 a <strong>Salvador Illa<\/strong> ser investido presidente de la Generalitat. El documento contiene una cl\u00e1usula que establece <a href=\"https:\/\/www.abc.es\/espana\/andalucia\/financiacion-singular-cataluna-pactada-maria-jesus-montero-20250715071548-nts.html\" target=\"_self\" data-voc-vtm-id=\"in-text-traffic\" title=\"una \u00abfinanciaci\u00f3n singular\u00bb para Catalu\u00f1a parecida a la de Pa\u00eds Vasco y Navarra\" data-mrf-link=\"www.abc.es\" rel=\"nofollow noopener\">una \u00abfinanciaci\u00f3n singular\u00bb para Catalu\u00f1a parecida a la de Pa\u00eds Vasco y Navarra<\/a>, es decir, que la Generalitat recaude todos los impuestos y despu\u00e9s haga dos transferencias (sin cuantificar) al Estado. Es un trato preferente dif\u00edcil de digerir para el resto de barones regionales, sean del PP o del PSOE, y para la propia Montero, quien pocos meses antes<a href=\"https:\/\/www.abc.es\/espana\/andalucia\/ultima-pirueta-maria-jesus-montero-cataluna-llave-20240801214416-nts.html\" target=\"_self\" data-voc-vtm-id=\"in-text-traffic\" title=\" hab\u00eda renegado categ\u00f3ricamente de un concierto o cupo fiscal catal\u00e1n\" data-mrf-link=\"www.abc.es\" rel=\"nofollow noopener\"> hab\u00eda renegado categ\u00f3ricamente de un concierto o cupo fiscal catal\u00e1n<\/a>. <\/p>\n<p class=\"voc-p\" style=\"\">El PP le pidi\u00f3 explicaciones sobre el pol\u00e9mico pacto catal\u00e1n en el Senado y la andaluza<strong> us\u00f3 un trabalenguas para no llamar a las cosas por su nombre<\/strong>: \u00abLo que dice el acuerdo es lo que dice el acuerdo, no lo que cada uno creamos que dice el acuerdo. Y lo que no dice el acuerdo es lo que no dice\u00bb. \u00bfHa quedado claro? Todo un homenaje de la ministra a Groucho Marx en aquella escena hilarante de &#8216;Una noche en la \u00f3pera&#8217;: \u00abLa parte contratante de la primera parte ser\u00e1 considerada como la parte contratante de la primera parte\u00bb. <\/p>\n<p class=\"voc-p\" style=\"\">Amnist\u00eda, financiaci\u00f3n singular, traspaso de las competencias sobre inmigraci\u00f3n, <strong>foto en Waterloo con Carles Puigdemont (Junts)<\/strong> y todo lo que haga falta&#8230; si de ello depende la permanencia de Pedro S\u00e1nchez en La Moncloa. Puestos a dar, como dir\u00eda Groucho: \u00ab\u00a1Y tambi\u00e9n dos huevos duros!\u00bb.<\/p>\n","protected":false},"excerpt":{"rendered":"Mar\u00eda Jes\u00fas Montero lo ha sido todo en el PSOE andaluz: desde consejera de Salud durante nueve a\u00f1os&hellip;\n","protected":false},"author":2,"featured_media":145963,"comment_status":"","ping_status":"","sticky":false,"template":"","format":"standard","meta":{"footnotes":""},"categories":[8],"tags":[16470,44902,17,18,44901,44903,25,24,13,14,3962,11,5782,19,20,1932,2466,9,10,15,16,1699,5294,23,12,21,22],"class_list":{"0":"post-145962","1":"post","2":"type-post","3":"status-publish","4":"format-standard","5":"has-post-thumbnail","7":"category-espana","8":"tag-andaluz","9":"tag-bicharraco","10":"tag-breaking-news","11":"tag-breakingnews","12":"tag-chiqui","13":"tag-enmarcar","14":"tag-es","15":"tag-espana","16":"tag-featured-news","17":"tag-featurednews","18":"tag-frases","19":"tag-headlines","20":"tag-jesus","21":"tag-latest-news","22":"tag-latestnews","23":"tag-maria","24":"tag-montero","25":"tag-news","26":"tag-noticias","27":"tag-noticias-destacadas","28":"tag-noticiasdestacadas","29":"tag-psoe","30":"tag-siete","31":"tag-spain","32":"tag-titulares","33":"tag-ultimas-noticias","34":"tag-ultimasnoticias"},"share_on_mastodon":{"url":"","error":""},"_links":{"self":[{"href":"https:\/\/www.europesays.com\/es\/wp-json\/wp\/v2\/posts\/145962","targetHints":{"allow":["GET"]}}],"collection":[{"href":"https:\/\/www.europesays.com\/es\/wp-json\/wp\/v2\/posts"}],"about":[{"href":"https:\/\/www.europesays.com\/es\/wp-json\/wp\/v2\/types\/post"}],"author":[{"embeddable":true,"href":"https:\/\/www.europesays.com\/es\/wp-json\/wp\/v2\/users\/2"}],"replies":[{"embeddable":true,"href":"https:\/\/www.europesays.com\/es\/wp-json\/wp\/v2\/comments?post=145962"}],"version-history":[{"count":0,"href":"https:\/\/www.europesays.com\/es\/wp-json\/wp\/v2\/posts\/145962\/revisions"}],"wp:featuredmedia":[{"embeddable":true,"href":"https:\/\/www.europesays.com\/es\/wp-json\/wp\/v2\/media\/145963"}],"wp:attachment":[{"href":"https:\/\/www.europesays.com\/es\/wp-json\/wp\/v2\/media?parent=145962"}],"wp:term":[{"taxonomy":"category","embeddable":true,"href":"https:\/\/www.europesays.com\/es\/wp-json\/wp\/v2\/categories?post=145962"},{"taxonomy":"post_tag","embeddable":true,"href":"https:\/\/www.europesays.com\/es\/wp-json\/wp\/v2\/tags?post=145962"}],"curies":[{"name":"wp","href":"https:\/\/api.w.org\/{rel}","templated":true}]}}