{"id":14597,"date":"2025-07-30T18:48:07","date_gmt":"2025-07-30T18:48:07","guid":{"rendered":"https:\/\/www.europesays.com\/es\/14597\/"},"modified":"2025-07-30T18:48:07","modified_gmt":"2025-07-30T18:48:07","slug":"miguel-angel-perera-torero-feria-pontevedra","status":"publish","type":"post","link":"https:\/\/www.europesays.com\/es\/14597\/","title":{"rendered":"MIGUEL \u00c1NGEL PERERA TORERO FERIA PONTEVEDRA"},"content":{"rendered":"<p class=\"ft-text\">El <a class=\"ft-link ft-link--decoration\" href=\"https:\/\/www.elcorreogallego.es\/tags\/toreros\/\" target=\"_blank\" rel=\"nofollow noopener\"><strong>torero<\/strong><\/a><strong> Miguel \u00c1ngel Perera<\/strong> regresa a la <strong>plaza de toros de <\/strong><a class=\"ft-link ft-link--decoration\" href=\"https:\/\/www.elcorreogallego.es\/tags\/pontevedra\/\" target=\"_blank\" rel=\"nofollow noopener\"><strong>Pontevedra<\/strong><\/a><strong> <\/strong>en su <strong>125 aniversario<\/strong>. Es la cuarta vez que visita el <strong>coso de San Roque<\/strong>, este a\u00f1o para actuar en la <strong>corrida goyesca<\/strong>, que se celebra en el \u00faltimo d\u00eda de la <strong>Feria de la Peregrina<\/strong>, el <strong>viernes 15 de agosto<\/strong>.<\/p>\n<p>\u00bfC\u00f3mo surge su inter\u00e9s por la tauromaquia?<\/p>\n<p class=\"ft-text\">Mi inter\u00e9s surgi\u00f3 <strong>desde muy peque\u00f1o<\/strong>, jugando con un pa\u00f1o de cocina en el patio de mi casa. A los <strong>14 a\u00f1os<\/strong> entr\u00e9 en la <strong>Escuela de Tauromaquia de Badajoz<\/strong>. Recuerdo la primera vez que tore\u00e9: era un ni\u00f1o y ten\u00eda <strong>mucha ilusi\u00f3n<\/strong>, me sent\u00eda la persona m\u00e1s feliz del mundo.<\/p>\n<p>\u00bfC\u00f3mo se siente al entrar en la plaza de toros?<\/p>\n<p class=\"ft-text\">Las sensaciones son siempre de <strong>ilusi\u00f3n <\/strong>e <strong>incertidumbre<\/strong>. Antes de entrar, llevo un d\u00eda tranquilo en el hotel, intento ir con calma.<\/p>\n<p>Es su cuarta vez en la plaza de toros de Pontevedra, \u00bfc\u00f3mo suele ser su experiencia?<\/p>\n<p class=\"ft-text\">Ha sido una plaza en la que <strong>no me he prodigado mucho<\/strong>. Hace a\u00f1os que no iba y estoy muy <strong>ilusionado<\/strong> y <strong>agradecido de volver<\/strong> a estar este a\u00f1o en la Feria de Pontevedra, en esta corrida tan especial con un <strong>p\u00fablico festivo<\/strong> y <strong>cari\u00f1oso<\/strong>.<\/p>\n<p>\u00bfQu\u00e9 espera del p\u00fablico taurino gallego?<\/p>\n<p class=\"ft-text\">Sobre todo, deseo que los asistentes se puedan <strong>divertir <\/strong>con los toreros que van a ir ese d\u00eda. Espero que la corrida nos ayude y podamos dar una <strong>tarde bonita<\/strong> de toros.<\/p>\n<p>Est\u00e1 en los primeros puestos del escalaf\u00f3n, \u00bfqu\u00e9 desaf\u00edos conlleva este m\u00e9rito?<\/p>\n<p class=\"ft-text\">Es importante <strong>torear mucho<\/strong> y <strong>estar en todas las ferias<\/strong>, pero esto al final no es una estad\u00edstica como lo puede ser el f\u00fatbol. Los n\u00fameros <strong>son relativos<\/strong>, hay que <strong>valorarlos en su justa medida<\/strong>. Es verdad que estar en una posici\u00f3n alta en el escalaf\u00f3n quiere decir que est\u00e1s toreando mucho y que tienes una <strong>presencia amplia<\/strong> en las ferias. A cualquier torero le gusta estar anunciado, viajar y todo eso.<\/p>\n<p>\u00bfC\u00f3mo es la preparaci\u00f3n, tanto f\u00edsica como mental, de un torero?<\/p>\n<p class=\"ft-text\">Es algo <strong>muy personal<\/strong>, cada uno lo lleva a su manera. Yo le doy mucha importancia a la <strong>preparaci\u00f3n f\u00edsica<\/strong>, forma parte de mi fondo como torero e invierto mucho tiempo en ella. La <strong>preparaci\u00f3n mental<\/strong> es cuesti\u00f3n de <strong>tiempo <\/strong>y <strong>madurez<\/strong>. Vas asimilando y cogiendo oficio y conocimiento, es algo que va por dentro.<\/p>\n<p>\u00bfCu\u00e1l dir\u00eda que ha sido el mayor reconocimiento que ha obtenido?<\/p>\n<p class=\"ft-text\">No me sabr\u00eda quedar con algo en concreto. Al final, para m\u00ed la mayor satisfacci\u00f3n es que, despu\u00e9s de tantos a\u00f1os en esta profesi\u00f3n, sigo estando con <strong>la ilusi\u00f3n del primer d\u00eda <\/strong>y sigo contando con el <strong>reconocimiento<\/strong> y la <strong>espera del p\u00fablico<\/strong>.<\/p>\n<p>Le han compuesto un pasodoble en su nombre, \u00bfc\u00f3mo se siente con este homenaje?<\/p>\n<p class=\"ft-text\">Es bonito que la gente se acuerde de ti y que de alguna forma te quiera homenajear. Todo lo que sea una <strong>muestra de cari\u00f1o<\/strong> hacia tu persona siempre se agradece.<\/p>\n<p>\u00bfDe todas sus actuaciones, destacar\u00eda alguna faena en especial?<\/p>\n<p class=\"ft-text\">Afortunadamente, los a\u00f1os de mi carrera dan para mucho, pero siempre se me vienen a la cabeza <strong>faenas en la plaza de toros de <\/strong><a class=\"ft-link ft-link--decoration\" href=\"https:\/\/www.elcorreogallego.es\/tags\/madrid\/\" target=\"_blank\" rel=\"nofollow noopener\"><strong>Madrid<\/strong><\/a>, que ha sido la plaza que m\u00e1s ha marcado mi trayectoria.<\/p>\n<p>\u00bfCu\u00e1l ha sido su momento m\u00e1s dif\u00edcil de todos estos a\u00f1os?<\/p>\n<p class=\"ft-text\">Momentos complicados siempre hay. Los <strong>percances que m\u00e1s te marcan<\/strong> son los que te cuestan m\u00e1s recuperarte.<\/p>\n<p>\u00bfQu\u00e9 le hubiera gustado ser, de no haber sido torero?<\/p>\n<p class=\"ft-text\">Yo hac\u00eda mucho deporte y <strong>me gustaba mucho el f\u00fatbol<\/strong>, as\u00ed que posiblemente hubiera seguido con el f\u00fatbol y, por supuesto, tambi\u00e9n con los <strong>estudios<\/strong>.<\/p>\n<p>\u00bfConsidera que la tauromaquia est\u00e1 en auge o en decadencia?<\/p>\n<p class=\"ft-text\">Considero que la tauromaquia est\u00e1 en <strong>mucho auge<\/strong>. Hay mucha gente joven y muchos ni\u00f1os en los toros, lo que es muestra de una <strong>salud muy buena<\/strong>.<\/p>\n<p>\u00bfQu\u00e9 mensaje le dar\u00eda usted a las nuevas generaciones de toreros?<\/p>\n<p class=\"ft-text\">Les dir\u00eda que se dediquen a la profesi\u00f3n con la <strong>dedicaci\u00f3n <\/strong>y la <strong>entrega que requiere<\/strong>. Es una profesi\u00f3n muy <strong>absorbente<\/strong>, muy <strong>sacrificada <\/strong>y tienes que estar dispuesto a afrontarlo y a tomarlo de esta manera.<\/p>\n","protected":false},"excerpt":{"rendered":"El torero Miguel \u00c1ngel Perera regresa a la plaza de toros de Pontevedra en su 125 aniversario. Es&hellip;\n","protected":false},"author":2,"featured_media":14598,"comment_status":"","ping_status":"","sticky":false,"template":"","format":"standard","meta":{"footnotes":""},"categories":[277],"tags":[2594,373,168,2958,25,24,599,1419,4098,1420,9735,1146,2185,23,167,374,444,865],"class_list":{"0":"post-14597","1":"post","2":"type-post","3":"status-publish","4":"format-standard","5":"has-post-thumbnail","7":"category-toreo","8":"tag-angel","9":"tag-bullfighting","10":"tag-deportes","11":"tag-entrevistas","12":"tag-es","13":"tag-espana","14":"tag-feria","15":"tag-ilusionado","16":"tag-miguel","17":"tag-participar","18":"tag-perera","19":"tag-pontevedra","20":"tag-san-roque","21":"tag-spain","22":"tag-sports","23":"tag-toreo","24":"tag-toros","25":"tag-volver"},"share_on_mastodon":{"url":"","error":""},"_links":{"self":[{"href":"https:\/\/www.europesays.com\/es\/wp-json\/wp\/v2\/posts\/14597","targetHints":{"allow":["GET"]}}],"collection":[{"href":"https:\/\/www.europesays.com\/es\/wp-json\/wp\/v2\/posts"}],"about":[{"href":"https:\/\/www.europesays.com\/es\/wp-json\/wp\/v2\/types\/post"}],"author":[{"embeddable":true,"href":"https:\/\/www.europesays.com\/es\/wp-json\/wp\/v2\/users\/2"}],"replies":[{"embeddable":true,"href":"https:\/\/www.europesays.com\/es\/wp-json\/wp\/v2\/comments?post=14597"}],"version-history":[{"count":0,"href":"https:\/\/www.europesays.com\/es\/wp-json\/wp\/v2\/posts\/14597\/revisions"}],"wp:featuredmedia":[{"embeddable":true,"href":"https:\/\/www.europesays.com\/es\/wp-json\/wp\/v2\/media\/14598"}],"wp:attachment":[{"href":"https:\/\/www.europesays.com\/es\/wp-json\/wp\/v2\/media?parent=14597"}],"wp:term":[{"taxonomy":"category","embeddable":true,"href":"https:\/\/www.europesays.com\/es\/wp-json\/wp\/v2\/categories?post=14597"},{"taxonomy":"post_tag","embeddable":true,"href":"https:\/\/www.europesays.com\/es\/wp-json\/wp\/v2\/tags?post=14597"}],"curies":[{"name":"wp","href":"https:\/\/api.w.org\/{rel}","templated":true}]}}