{"id":145974,"date":"2025-09-29T08:08:16","date_gmt":"2025-09-29T08:08:16","guid":{"rendered":"https:\/\/www.europesays.com\/es\/145974\/"},"modified":"2025-09-29T08:08:16","modified_gmt":"2025-09-29T08:08:16","slug":"la-revolucion-de-flick-solo-un-canterano-y-debutante","status":"publish","type":"post","link":"https:\/\/www.europesays.com\/es\/145974\/","title":{"rendered":"La revoluci\u00f3n de Flick: s\u00f3lo un canterano y debutante"},"content":{"rendered":"<p data-gtm-element-container=\"modulo-texto-link\" class=\"paragraph\">Revoluci\u00f3n absoluta de <strong>Flick <\/strong>en el once del <strong>Bar\u00e7a<\/strong> que se enfrenta a la <strong>Real Sociedad<\/strong>. El t\u00e9cnico alem\u00e1n ha incluido siete novedades en relaci\u00f3n al equipo que se enfrent\u00f3 al <strong>Oviedo <\/strong>en el Tartiere d\u00edas atr\u00e1s, con la particularidad de s\u00f3lo aparece en la n\u00f3mina un canterano. Las lesiones obligan a todo ello.<\/p>\n<p data-gtm-element-container=\"modulo-texto-link\" class=\"paragraph\"><strong>Dro<\/strong> ha sido elegido para estar en la mediapunta. Es el \u00fanico del f\u00fatbol formativo que aparece en la alineaci\u00f3n azulgrana. Hasta ahora, <strong>Flick<\/strong> hab\u00eda incluido de media a cuatro jugadores de la casa. Esta cifra ha bajado a uno de venir a cuatro ante el <strong>Oviedo.<\/strong><\/p>\n<p data-gtm-element-container=\"modulo-texto-link\" class=\"paragraph\">El estreno ante el\u00a0<strong>Mallorca<\/strong>\u00a0supuso la aparici\u00f3n de cuatro canteranos (<strong>Eric, Cubars\u00ed, Lamine y Ferm\u00edn)<\/strong> que aument\u00f3 a cinco ante el <strong>Levante<\/strong> (<strong>Eric, Cubars\u00ed, Balde, Casad\u00f3<\/strong> y <strong>Lamine<\/strong>). Frente al <strong>Rayo<\/strong> se mantuvo en los cuatro (<strong>Eric, Balde, Lamine y Olmo<\/strong>). Pese a los cambios en la mediapunta, <strong>Flick<\/strong> mantuvo los cuatro contra el Valencia (<strong>Cubars\u00ed, Eric, Casad\u00f3 y Ferm\u00edn<\/strong>). <strong>Lamine <\/strong>ya estaba de baja por lesi\u00f3n.<\/p>\n<p data-gtm-element-container=\"modulo-texto-link\" class=\"paragraph\">En el debut en la <strong>Champions League<\/strong>, la cifra baj\u00f3 a dos (<strong>Cubars\u00ed y\u00a0 Ferm\u00edn<\/strong>), que se mantuvo ante el Getafe (<strong>Eric y Olmo<\/strong>), aumentando a cuatro ante el <strong>Oviedo (Eric, Cubars\u00ed, Casad\u00f3 y Olmo<\/strong>) y hoy s\u00f3lo uno (<strong>Dro<\/strong>).<\/p>\n<p>    Lee tambi\u00e9n<\/p>\n<p data-gtm-element-container=\"modulo-texto-link\" class=\"paragraph\">Las lesiones han puesto en evidencia la cifra decreciente. <strong>Gavi, Ferm\u00edn y Balde<\/strong> son baja por lesi\u00f3n. <strong>Flick <\/strong>ha recuperado a Lamine Yamal, que entrar\u00e1 en la segunda parte. El t\u00e9cnico ya lo avis\u00f3 en rueda de prensa.\u00a0<\/p>\n","protected":false},"excerpt":{"rendered":"Revoluci\u00f3n absoluta de Flick en el once del Bar\u00e7a que se enfrenta a la Real Sociedad. El t\u00e9cnico&hellip;\n","protected":false},"author":2,"featured_media":145975,"comment_status":"","ping_status":"","sticky":false,"template":"","format":"standard","meta":{"footnotes":""},"categories":[268],"tags":[168,25,24,280,282,281,23,167],"class_list":{"0":"post-145974","1":"post","2":"type-post","3":"status-publish","4":"format-standard","5":"has-post-thumbnail","7":"category-futbol","8":"tag-deportes","9":"tag-es","10":"tag-espana","11":"tag-football","12":"tag-futbol","13":"tag-soccer","14":"tag-spain","15":"tag-sports"},"share_on_mastodon":{"url":"","error":""},"_links":{"self":[{"href":"https:\/\/www.europesays.com\/es\/wp-json\/wp\/v2\/posts\/145974","targetHints":{"allow":["GET"]}}],"collection":[{"href":"https:\/\/www.europesays.com\/es\/wp-json\/wp\/v2\/posts"}],"about":[{"href":"https:\/\/www.europesays.com\/es\/wp-json\/wp\/v2\/types\/post"}],"author":[{"embeddable":true,"href":"https:\/\/www.europesays.com\/es\/wp-json\/wp\/v2\/users\/2"}],"replies":[{"embeddable":true,"href":"https:\/\/www.europesays.com\/es\/wp-json\/wp\/v2\/comments?post=145974"}],"version-history":[{"count":0,"href":"https:\/\/www.europesays.com\/es\/wp-json\/wp\/v2\/posts\/145974\/revisions"}],"wp:featuredmedia":[{"embeddable":true,"href":"https:\/\/www.europesays.com\/es\/wp-json\/wp\/v2\/media\/145975"}],"wp:attachment":[{"href":"https:\/\/www.europesays.com\/es\/wp-json\/wp\/v2\/media?parent=145974"}],"wp:term":[{"taxonomy":"category","embeddable":true,"href":"https:\/\/www.europesays.com\/es\/wp-json\/wp\/v2\/categories?post=145974"},{"taxonomy":"post_tag","embeddable":true,"href":"https:\/\/www.europesays.com\/es\/wp-json\/wp\/v2\/tags?post=145974"}],"curies":[{"name":"wp","href":"https:\/\/api.w.org\/{rel}","templated":true}]}}