{"id":145978,"date":"2025-09-29T08:10:05","date_gmt":"2025-09-29T08:10:05","guid":{"rendered":"https:\/\/www.europesays.com\/es\/145978\/"},"modified":"2025-09-29T08:10:05","modified_gmt":"2025-09-29T08:10:05","slug":"can-vivot-repasa-la-biografia-de-erwin-hubert-companero-del-arxiduc-y-cronista-de-la-mallorca-preturistica","status":"publish","type":"post","link":"https:\/\/www.europesays.com\/es\/145978\/","title":{"rendered":"Can Vivot repasa la biograf\u00eda de Erwin Hubert, compa\u00f1ero del Arxiduc y cronista de la Mallorca pretur\u00edstica"},"content":{"rendered":"<p>El galerista <strong>Pep Pinya<\/strong> afirm\u00f3 una vez que \u00abHubert era el mejor acuarelista de Mallorca\u00bb. La exposici\u00f3n que presenta ahora<strong> <a href=\"https:\/\/www.ultimahora.es\/etiqueta\/Can+Vivot.html?utm_source=Inline-tag&amp;utm_medium=internal\" rel=\"nofollow noopener\" target=\"_blank\">Can Vivot<\/a><\/strong> parece darle la raz\u00f3n al fundador de Pelaires, quien de joven lleg\u00f3 a estudiar dibujo con el propio artista.<\/p>\n<p><strong>Erwin Hubert<\/strong> (Viena, 1883 \u2013 Palma, 1963) lleg\u00f3 a la Isla acompa\u00f1ando al <strong><a href=\"https:\/\/www.ultimahora.es\/etiqueta\/Arxiduc+Llu%C3%ADs+Salvador.html?utm_source=Inline-tag&amp;utm_medium=internal\" rel=\"nofollow noopener\" target=\"_blank\">Arxiduc Llu\u00eds Salvador<\/a>,<\/strong> de quien fue colaborador cercano como corrector, dibujante e ilustrador de algunas de sus publicaciones. Muchos de los libros firmados por el arist\u00f3crata austroh\u00fangaro contienen ilustraciones del pintor vien\u00e9s, lo que testimonia la relaci\u00f3n de confianza que uni\u00f3 a ambos. Esa amistad es una de las curiosidades que descubrir\u00e1 el visitante de la muestra de Can Vivot y tambi\u00e9n el lector del cat\u00e1logo, que es la <strong>primera monograf\u00eda que se le dedica al artista.<\/strong><\/p>\n<p>Est\u00e1 editado por <strong>Helga Schwendinger y Rainer Hubert,<\/strong> descendiente del pintor, y responsables tanto de la publicaci\u00f3n como de la organizaci\u00f3n de la exposici\u00f3n. \u00abUno de los cometidos de Hubert era el de descifrar la letra del Archiduque, se ve que era muy mala de entender y \u00e9l pod\u00eda hacerlo. Se fue a Trieste a conocerlo, o mejor dicho: se hizo invitar por una editorial en la que trabajaba, haci\u00e9ndose pasar por uno de los enviados\u00bb, bromea Schwendinger.<\/p>\n<p>Recorrido<\/p>\n<p>Los atriles repartidos por las salas de Can Vivot permiten recorrer buena parte de la producci\u00f3n de Hubert. Tambi\u00e9n se exhiben cartas, textos y documentos que testimonian \u00abla <strong>amistad<\/strong> y el <strong>cari\u00f1o<\/strong> que el arist\u00f3crata le ten\u00eda al joven Hubert\u00bb, seg\u00fan explica la comisaria, algo que dota a la muestra de una vertiente biogr\u00e1fica. \u00abLa vida de Hubert es muy interesante. Era hijo ileg\u00edtimo de una familia muy acomodada y le dejaron un fondo para poder<strong> financiar sus estudios<\/strong>\u00bb, se\u00f1ala Schwendinger.<\/p>\n<p>Otra de las facetas del <strong>pintor<\/strong>, ya instalado definitivamente en Mallorca a partir de 1920, fue la de retratista de la sociedad isle\u00f1a. Muchas de sus acuarelas de peque\u00f1o formato se convirtieron en un obsequio recurrente en celebraciones o comuniones. <br \/>\u00abEn numerosas casas de la Isla hab\u00eda un retrato de Hubert de cada uno de los hermanos, era algo normal en aquella \u00e9poca\u00bb, recuerda la comisaria, a la vez que destaca \u00absus acuarelas por encima de sus lienzos. Ten\u00eda un don especial para la acuarela\u00bb.<\/p>\n<p>Hubert, considerado el gran cronista visual de la<strong> Mallorca de principios y mediados del siglo XX,<\/strong> no solo retrat\u00f3 a la \u00e9lite local, sino que tambi\u00e9n contribuy\u00f3 a difundir la imagen de la isla como destino tur\u00edstico con acuarelas, carteles y postales editados por Fomento del Turismo. Su estilo delicado y luminoso consolid\u00f3 la<strong> estampa id\u00edlica<\/strong> de la isla en el <strong>imaginario internacional.<\/strong> \u00abBuena parte de su fuente de ingresos proven\u00eda de esas postales, que luego se vend\u00edan en los autobuses tur\u00edsticos\u00bb, se\u00f1ala un familiar del pintor que reside en la Isla, y que recuerda que \u00absu viuda, mi t\u00eda, ten\u00eda cantidades ingentes de esas <strong>reproducciones<\/strong>\u00bb.<\/p>\n<p>Helga explica que, seg\u00fan las facturas que tienen, \u00abel pintor nunca se hizo rico, pero lo cierto es que trabaj\u00f3 mucho y vendi\u00f3 bastante\u00bb, hasta su tr\u00e1gica muerte en el a\u00f1o 1963, en un accidente de tr\u00e1fico en La Rambla de Palma. \u00abNos dej\u00f3 cientos o miles de im\u00e1genes que recuerdan a una <strong>Mallorca pretur\u00edstica<\/strong> y otras que est\u00e1n creadas para ese turismo incipiente que comenzaba a llegar a la isla\u00bb, explica la comisaria de la muestra.<\/p>\n","protected":false},"excerpt":{"rendered":"El galerista Pep Pinya afirm\u00f3 una vez que \u00abHubert era el mejor acuarelista de Mallorca\u00bb. La exposici\u00f3n que&hellip;\n","protected":false},"author":2,"featured_media":145979,"comment_status":"","ping_status":"","sticky":false,"template":"","format":"standard","meta":{"footnotes":""},"categories":[173],"tags":[229,1829,233,231,230,44907,44908,209,30773,232,234,146,147,25,24,23],"class_list":{"0":"post-145978","1":"post","2":"type-post","3":"status-publish","4":"format-standard","5":"has-post-thumbnail","7":"category-arte-y-diseno","8":"tag-arte","9":"tag-arte-en-mallorca","10":"tag-arte-y-diseno","11":"tag-arts","12":"tag-arts-and-design","13":"tag-arxiduc-lluis-salvador","14":"tag-can-vivot","15":"tag-cultura","16":"tag-cultura-en-mallorca","17":"tag-design","18":"tag-diseno","19":"tag-entertainment","20":"tag-entretenimiento","21":"tag-es","22":"tag-espana","23":"tag-spain"},"share_on_mastodon":{"url":"","error":""},"_links":{"self":[{"href":"https:\/\/www.europesays.com\/es\/wp-json\/wp\/v2\/posts\/145978","targetHints":{"allow":["GET"]}}],"collection":[{"href":"https:\/\/www.europesays.com\/es\/wp-json\/wp\/v2\/posts"}],"about":[{"href":"https:\/\/www.europesays.com\/es\/wp-json\/wp\/v2\/types\/post"}],"author":[{"embeddable":true,"href":"https:\/\/www.europesays.com\/es\/wp-json\/wp\/v2\/users\/2"}],"replies":[{"embeddable":true,"href":"https:\/\/www.europesays.com\/es\/wp-json\/wp\/v2\/comments?post=145978"}],"version-history":[{"count":0,"href":"https:\/\/www.europesays.com\/es\/wp-json\/wp\/v2\/posts\/145978\/revisions"}],"wp:featuredmedia":[{"embeddable":true,"href":"https:\/\/www.europesays.com\/es\/wp-json\/wp\/v2\/media\/145979"}],"wp:attachment":[{"href":"https:\/\/www.europesays.com\/es\/wp-json\/wp\/v2\/media?parent=145978"}],"wp:term":[{"taxonomy":"category","embeddable":true,"href":"https:\/\/www.europesays.com\/es\/wp-json\/wp\/v2\/categories?post=145978"},{"taxonomy":"post_tag","embeddable":true,"href":"https:\/\/www.europesays.com\/es\/wp-json\/wp\/v2\/tags?post=145978"}],"curies":[{"name":"wp","href":"https:\/\/api.w.org\/{rel}","templated":true}]}}