{"id":145980,"date":"2025-09-29T08:11:10","date_gmt":"2025-09-29T08:11:10","guid":{"rendered":"https:\/\/www.europesays.com\/es\/145980\/"},"modified":"2025-09-29T08:11:10","modified_gmt":"2025-09-29T08:11:10","slug":"cat-acompana-a-la-fundacion-barca-a-visitar-la-semana-del-libro-en-catalan","status":"publish","type":"post","link":"https:\/\/www.europesays.com\/es\/145980\/","title":{"rendered":"CAT acompa\u00f1a a la Fundaci\u00f3n Bar\u00e7a a visitar la Semana del Libro en Catal\u00e1n"},"content":{"rendered":"<p>Este viernes la Fundaci\u00f3n Bar\u00e7a ha apoyado una de las actividades que se llevan a cabo en la Semana del Libro en Catal\u00e1n, que se celebra hasta el 28 de septiembre en el Paseo Llu\u00eds Companys de Barcelona. En concreto en el proyecto de la Semana Social de este gran festival de las letras catalanas, una iniciativa en la que se invita al alumnado de primaria de dos escuelas a disfrutar de diversas actividades. Se trata de alumnos de <strong>centros con diversidad ling\u00fc\u00edstica y que no utilizan el catal\u00e1n como lengua habitual<\/strong>. Con esta iniciativa se quiere normalizar su acceso a la lengua catalana, en este caso a trav\u00e9s de libros, revistas o publicaciones.<\/p>\n<p>La <strong>mascota oficial del FC Barcelona CAT<\/strong> ha estado presente en esta actividad y ha acompa\u00f1ado a los alumnos que han hecho una visita por el recinto. Tambi\u00e9n han participado en diversas actividades (cuentacuentos) y las escuelas han sido obsequiadas con un lote de libros para sus bibliotecas.<\/p>\n<p>Por su parte, la directora general de la Fundaci\u00f3n FC Barcelona, Dra. Marta Seg\u00fa, que ha participado esta ma\u00f1ana en la Semana del Libro en Catal\u00e1n, ha querido destacar: \u00abMediante el apoyo que damos a este evento cultural, la Fundaci\u00f3n FC Barcelona cumple uno de sus principales objetivos: velar por la educaci\u00f3n y la integraci\u00f3n social de los ni\u00f1os y promover el uso de nuestra lengua entre aquellos que no lo utilizan como idioma habitual\u00bb. Y, seg\u00fan ha a\u00f1adido, \u00aben varios programas que la Fundaci\u00f3n lleva a cabo en Catalu\u00f1a se facilita el aprendizaje del catal\u00e1n entre los j\u00f3venes reci\u00e9n llegados para una integraci\u00f3n social y laboral plena.\u00bb<\/p>\n<p>Con esta colaboraci\u00f3n, adem\u00e1s, el FC Barcelona, a trav\u00e9s de su Fundaci\u00f3n, afianza su <strong>compromiso con su pa\u00eds y su lengua<\/strong>, con la sociedad catalana, apoyando las iniciativas de la sociedad civil y de las instituciones que se hagan a favor de la lengua y de la cultura catalanas.<\/p>\n<p>La Fundaci\u00f3n FC Barcelona se cre\u00f3 hace 30 a\u00f1os y se ha convertido en el brazo solidario del FC Barcelona. Trabaja en m\u00e1s de cien municipios en Catalu\u00f1a y en 23 pa\u00edses del todo el mundo. Con un enfoque hol\u00edstico, su misi\u00f3n se centra en mejorar la vida de ni\u00f1os, ni\u00f1as y j\u00f3venes vulnerables a trav\u00e9s de la educaci\u00f3n, la salud y el deporte como herramientas esenciales para la inclusi\u00f3n social y la equidad.<\/p>\n","protected":false},"excerpt":{"rendered":"Este viernes la Fundaci\u00f3n Bar\u00e7a ha apoyado una de las actividades que se llevan a cabo en la&hellip;\n","protected":false},"author":2,"featured_media":145981,"comment_status":"","ping_status":"","sticky":false,"template":"","format":"standard","meta":{"footnotes":""},"categories":[172],"tags":[224,146,147,25,24,225,23,2288],"class_list":{"0":"post-145980","1":"post","2":"type-post","3":"status-publish","4":"format-standard","5":"has-post-thumbnail","7":"category-libros","8":"tag-books","9":"tag-entertainment","10":"tag-entretenimiento","11":"tag-es","12":"tag-espana","13":"tag-libros","14":"tag-spain","15":"tag-text"},"share_on_mastodon":{"url":"","error":""},"_links":{"self":[{"href":"https:\/\/www.europesays.com\/es\/wp-json\/wp\/v2\/posts\/145980","targetHints":{"allow":["GET"]}}],"collection":[{"href":"https:\/\/www.europesays.com\/es\/wp-json\/wp\/v2\/posts"}],"about":[{"href":"https:\/\/www.europesays.com\/es\/wp-json\/wp\/v2\/types\/post"}],"author":[{"embeddable":true,"href":"https:\/\/www.europesays.com\/es\/wp-json\/wp\/v2\/users\/2"}],"replies":[{"embeddable":true,"href":"https:\/\/www.europesays.com\/es\/wp-json\/wp\/v2\/comments?post=145980"}],"version-history":[{"count":0,"href":"https:\/\/www.europesays.com\/es\/wp-json\/wp\/v2\/posts\/145980\/revisions"}],"wp:featuredmedia":[{"embeddable":true,"href":"https:\/\/www.europesays.com\/es\/wp-json\/wp\/v2\/media\/145981"}],"wp:attachment":[{"href":"https:\/\/www.europesays.com\/es\/wp-json\/wp\/v2\/media?parent=145980"}],"wp:term":[{"taxonomy":"category","embeddable":true,"href":"https:\/\/www.europesays.com\/es\/wp-json\/wp\/v2\/categories?post=145980"},{"taxonomy":"post_tag","embeddable":true,"href":"https:\/\/www.europesays.com\/es\/wp-json\/wp\/v2\/tags?post=145980"}],"curies":[{"name":"wp","href":"https:\/\/api.w.org\/{rel}","templated":true}]}}