{"id":145984,"date":"2025-09-29T08:13:13","date_gmt":"2025-09-29T08:13:13","guid":{"rendered":"https:\/\/www.europesays.com\/es\/145984\/"},"modified":"2025-09-29T08:13:13","modified_gmt":"2025-09-29T08:13:13","slug":"cuando-los-beatles-llegaron-a-espana-cultura","status":"publish","type":"post","link":"https:\/\/www.europesays.com\/es\/145984\/","title":{"rendered":"Cuando los Beatles llegaron a Espa\u00f1a | Cultura"},"content":{"rendered":"<p class=\"\">Hace unos d\u00edas, el programa de TVE <a href=\"https:\/\/www.rtve.es\/play\/no-do\/\" target=\"_self\" rel=\"nofollow noopener\" title=\"https:\/\/www.rtve.es\/play\/no-do\/\">Los archivos secretos del NO-DO<\/a> recordaba c\u00f3mo el noticiero franquista, de exhibici\u00f3n obligatoria en los cines, manipul\u00f3 la actuaci\u00f3n de los Beatles de Madrid y Barcelona en 1965. La leyenda dice que Camilo Alonso Vega, ministro de la Gobernaci\u00f3n, se opon\u00eda a esos conciertos y solo cedi\u00f3 cuando otro militar de alta graduaci\u00f3n le coment\u00f3 que Isabel II les iba a honrar como Miembros del Imperio Brit\u00e1nico. A don Camilo, mon\u00e1rquico de coraz\u00f3n, el detalle le impresion\u00f3.<\/p>\n<p class=\"\">Aquellos conciertos resultaron decisivos para la implantaci\u00f3n del grupo en una Espa\u00f1a donde los medios escritos sol\u00edan burlarse abiertamente de \u201caquellos melenudos\u201d; se deleitaban publicando fotos trucadas en las que aparec\u00edan calvos. <a href=\"https:\/\/elpais.com\/cultura\/2015\/06\/29\/actualidad\/1435572302_551673.html\" target=\"_self\" rel=\"nofollow noopener\" title=\"https:\/\/elpais.com\/cultura\/2015\/06\/29\/actualidad\/1435572302_551673.html\">Los Beatles no estuvieron prohibidos,<\/a> como aseguran algunos tremendistas; de hecho, recib\u00edan el apoyo de las dos revistas musicales existentes y sonaban t\u00edmidamente en la radio.<\/p>\n<p class=\"\">La peculiar situaci\u00f3n <a href=\"https:\/\/www.rtve.es\/play\/videos\/la-noche-tematica\/vienen-beatles\/6564528\/\" target=\"_self\" rel=\"nofollow noopener\" title=\"https:\/\/www.rtve.es\/play\/videos\/la-noche-tematica\/vienen-beatles\/6564528\/\">fue explorada hace a\u00f1os en La noche tem\u00e1tica,<\/a> tambi\u00e9n en TVE. Un agudo documental de Pedro Costa, con realizaci\u00f3n de Jos\u00e9 Ram\u00f3n da Cruz, contextualiz\u00f3 aquel desembarco en pleno inicio de la ola yey\u00e9, con testimonios de los afortunados espectadores. A ver, nadie puede afirmar que la m\u00fasica resultara apabullante: la amplificaci\u00f3n era pobr\u00edsima y los Beatles ya estaban en modo piloto autom\u00e1tico, repitiendo las mismas 12 canciones.<\/p>\n<p class=\"\">Ciertamente, el promotor, Francisco Berm\u00fadez, no era un <a href=\"https:\/\/elpais.com\/eps\/2022-12-28\/en-casa-de-gay-mercader-el-gran-promotor.html\" target=\"_self\" rel=\"nofollow noopener\" title=\"https:\/\/elpais.com\/eps\/2022-12-28\/en-casa-de-gay-mercader-el-gran-promotor.html\">Gay Mercader<\/a> avant la lettre. Para justificar los precios de las entradas \u2015de 75 a 400 pesetas\u2015 mont\u00f3 un cartel estramb\u00f3tico, con la presentaci\u00f3n de Torrebruno (\u00a1s\u00ed!) m\u00e1s la participaci\u00f3n de la Orquesta Florida, el cantante mel\u00f3dico Michel y conjuntos varios, for\u00e1neos y locales. Miembros de Shakers, Pekenikes o Sirex destapan algo de lo que ocurri\u00f3 entre los camerinos y los escenarios. No se grab\u00f3 el concierto, aunque recientemente alguien public\u00f3 un fake, un disco que aseguraba contener la actuaci\u00f3n.<\/p>\n<p class=\"\"><a href=\"https:\/\/elpais.com\/television\/2023-04-14\/muere-el-periodista-y-critico-musical-carlos-tena-a-los-79-anos.html\" target=\"_self\" rel=\"nofollow noopener\" title=\"https:\/\/elpais.com\/television\/2023-04-14\/muere-el-periodista-y-critico-musical-carlos-tena-a-los-79-anos.html\">Carlos Tena<\/a> menciona \u201cel contubernio\u201d medi\u00e1tico para opacar la importancia de los Beatles y su impacto en Espa\u00f1a. Aparecieron abundantes fans a su llegada a Barajas y se registr\u00f3 una notable congregaci\u00f3n de periodistas \u2015con carnet y corbata, claro\u2015 en la obligada rueda de prensa, informadores que insistieron en lanzar bochornosas preguntas sobre sus cabellos. Salvaron el honor de la profesi\u00f3n la fot\u00f3grafa Juana Biarn\u00e9s, que les asalt\u00f3 en el avi\u00f3n Madrid-Barcelona, y Jos\u00e9 Luis \u00c1lvarez, cabeza rectora de Fonorama, publicaci\u00f3n defensora de \u201cla juventud\u201d, que consigui\u00f3 entrevistarlos en el madrile\u00f1o Hotel F\u00e9nix. Aunque no pudo proclamarlo en la portada de la revista, que \u2015la necesidad obligaba\u2015 vend\u00eda la tapa (y ese n\u00famero sali\u00f3 con la cara del ignoto vocalista Ernie English, un patinazo remediado en la posterior reedici\u00f3n).<\/p>\n<p class=\"\">Hubo gente \u00e1gil que s\u00ed pill\u00f3 la oportunidad al vuelo. Miguel Primo de Rivera, entonces alcalde de Jerez de la Frontera, les mont\u00f3 una degustaci\u00f3n del vino de su tierra; los de Liverpool correspondieron firmando con tiza en los toneles (el documental revela el destino final de esos aut\u00f3grafos). Lo que all\u00ed no se puede ver fue lo ocurrido en los alrededores de Las Ventas: cargas de la Polic\u00eda Armada contra los curiosos sin entradas que all\u00ed se hab\u00edan congregado. Un tic punitivo que no se perdi\u00f3: once a\u00f1os despu\u00e9s, <a href=\"https:\/\/www.youtube.com\/watch?v=ZxtCUJIEG34&amp;list=RDZxtCUJIEG34&amp;start_radio=1\" target=\"_self\" rel=\"nofollow noopener\" title=\"https:\/\/www.youtube.com\/watch?v=ZxtCUJIEG34&amp;list=RDZxtCUJIEG34&amp;start_radio=1\">cuando los Rolling Stones debutaron en Barcelona,<\/a> un servidor, que ya estaba en el interior de la Plaza Monumental, fue apalizado por los mismos grises.<\/p>\n","protected":false},"excerpt":{"rendered":"Hace unos d\u00edas, el programa de TVE Los archivos secretos del NO-DO recordaba c\u00f3mo el noticiero franquista, de&hellip;\n","protected":false},"author":2,"featured_media":145985,"comment_status":"","ping_status":"","sticky":false,"template":"","format":"standard","meta":{"footnotes":""},"categories":[170],"tags":[16272,218,209,44909,20062,146,147,25,24,17307,44910,14966,7946,184,185,9030,20679,23,6620,6962],"class_list":{"0":"post-145984","1":"post","2":"type-post","3":"status-publish","4":"format-standard","5":"has-post-thumbnail","7":"category-musica","8":"tag-anos-60","9":"tag-canciones","10":"tag-cultura","11":"tag-diego-a-manrique","12":"tag-discos-musica","13":"tag-entertainment","14":"tag-entretenimiento","15":"tag-es","16":"tag-espana","17":"tag-francisco-franco","18":"tag-gay-mercader","19":"tag-george-harrison","20":"tag-john-lennon","21":"tag-music","22":"tag-musica","23":"tag-paul-mccartney","24":"tag-ringo-starr","25":"tag-spain","26":"tag-the-beatles","27":"tag-the-rolling-stones"},"share_on_mastodon":{"url":"","error":""},"_links":{"self":[{"href":"https:\/\/www.europesays.com\/es\/wp-json\/wp\/v2\/posts\/145984","targetHints":{"allow":["GET"]}}],"collection":[{"href":"https:\/\/www.europesays.com\/es\/wp-json\/wp\/v2\/posts"}],"about":[{"href":"https:\/\/www.europesays.com\/es\/wp-json\/wp\/v2\/types\/post"}],"author":[{"embeddable":true,"href":"https:\/\/www.europesays.com\/es\/wp-json\/wp\/v2\/users\/2"}],"replies":[{"embeddable":true,"href":"https:\/\/www.europesays.com\/es\/wp-json\/wp\/v2\/comments?post=145984"}],"version-history":[{"count":0,"href":"https:\/\/www.europesays.com\/es\/wp-json\/wp\/v2\/posts\/145984\/revisions"}],"wp:featuredmedia":[{"embeddable":true,"href":"https:\/\/www.europesays.com\/es\/wp-json\/wp\/v2\/media\/145985"}],"wp:attachment":[{"href":"https:\/\/www.europesays.com\/es\/wp-json\/wp\/v2\/media?parent=145984"}],"wp:term":[{"taxonomy":"category","embeddable":true,"href":"https:\/\/www.europesays.com\/es\/wp-json\/wp\/v2\/categories?post=145984"},{"taxonomy":"post_tag","embeddable":true,"href":"https:\/\/www.europesays.com\/es\/wp-json\/wp\/v2\/tags?post=145984"}],"curies":[{"name":"wp","href":"https:\/\/api.w.org\/{rel}","templated":true}]}}