{"id":145988,"date":"2025-09-29T08:15:32","date_gmt":"2025-09-29T08:15:32","guid":{"rendered":"https:\/\/www.europesays.com\/es\/145988\/"},"modified":"2025-09-29T08:15:32","modified_gmt":"2025-09-29T08:15:32","slug":"duelo-ciudadano-de-maxima-exigencia","status":"publish","type":"post","link":"https:\/\/www.europesays.com\/es\/145988\/","title":{"rendered":"Duelo ciudadano de m\u00e1xima exigencia"},"content":{"rendered":"<p>El <strong>Bar\u00e7a Atl\u00e8tic<\/strong> cierra este domingo (20.45 horas) la jornada 4 del grupo 3 de Segunda Federaci\u00f3n en el Narc\u00eds Sala contra la <strong>UE Sant Andreu<\/strong>. El filial azulgrana, que ha sumado dos victorias como local, busca su primer triunfo a domicilio del curso en el duelo ciudadano de Barcelona.<\/p>\n<p>Los triunfos en el Johan Cruyff ante el Porreres (2-0) y el Castell\u00f3n B (4-0) contrastan con la derrota en Andratx (2-1), pese al buen juego mostrado por el Bar\u00e7a Atl\u00e8tic en tierras mallorquinas. Con el buen sabor que dej\u00f3 el \u00faltimo triunfo en casa, el filial azulgrana afronta un duelo de lo m\u00e1s exigente ante el Sant Andreu, un equipo que en las \u00faltimas temporadas ha luchado por el ascenso, con su estadio como fort\u00edn.<\/p>\n<p>El conjunto quadribarrat ha arrancado el curso con una derrota (1-0 en Andratx), un empate (0-0 contra el Alcoyano) y un triunfo (2-4 en el campo del Atl\u00e9tico Baleares). En la previa del partido, <strong>Juliano Belletti<\/strong> comentaba que el Sant Andreu es un \u00abbuen equipo\u00bb, que \u00able gusta jugar con asociaciones, intenta siempre salir desde atr\u00e1s y tiene un buen plan t\u00e1ctico\u00bb. El t\u00e9cnico azulgrana, que tambi\u00e9n destac\u00f3 el ambiente que se vive en el Narc\u00eds Sala, pronosticaba que \u00abser\u00e1 un partido m\u00e1s ofensivo de lo que estamos acostumbrados ya que ambos equipos buscamos esto\u00bb.<\/p>\n<p>Cort\u00e9s, ausencia de \u00faltima hora<\/p>\n<p>El Bar\u00e7a Atl\u00e8tic contar\u00e1 con 20 jugadores en la convocatoria para el partido de este domingo, con la ausencia de <strong>\u00c1lvaro Cort\u00e9s<\/strong>. El capit\u00e1n azulgrana fue citado a \u00faltima hora con la selecci\u00f3n espa\u00f1ola para el Mundial Sub20, viaj\u00f3 a Chile y se suma a <strong>Andr\u00e9s Cuenca<\/strong> como representantes azulgrana en la cita mundialista. Tampoco estar\u00e1n disponibles, en este caso por lesi\u00f3n, <strong>Guillermo<\/strong>, <strong>Parriego<\/strong>, <strong>Landry<\/strong>, <strong>Diarra <\/strong>y <strong>Quim Junyent<\/strong>.<\/p>\n<p>Los jugadores <strong>Kochen<\/strong>, <strong>Eder Aller<\/strong>, <strong>Toni Fern\u00e1ndez<\/strong>, <strong>Jofre <\/strong>y <strong>Dro <\/strong>han sido convocados por el primer equipo para el partido de esta tarde contra la Real Sociedad y tampoco podr\u00e1n estar en Sant Andreu. Los juveniles Pedro Rodr\u00edguez, Max Bonfill y Campos, adem\u00e1s de los habituales Gistau, Juan y Sama Nomoko, completan la lista.<\/p>\n<p>Con todo esto, los 20 jugadores convocados son los siguientes: Emilio Bernad, Max Bonfill, Joan Anaya, Alexis Olmedo, Roger, Dani Rodr\u00edguez, Brian Fari\u00f1as, Barber\u00e1, Ure\u00f1a, Mbacke, Tommy, Walton, Oduro, Aziz, Xavi Espart, Pedro Rodr\u00edguez, Gistau, Juan, Campos y Sama Nomoko.<\/p>\n","protected":false},"excerpt":{"rendered":"El Bar\u00e7a Atl\u00e8tic cierra este domingo (20.45 horas) la jornada 4 del grupo 3 de Segunda Federaci\u00f3n en&hellip;\n","protected":false},"author":2,"featured_media":145989,"comment_status":"","ping_status":"","sticky":false,"template":"","format":"standard","meta":{"footnotes":""},"categories":[93],"tags":[168,25,24,23,167,2288],"class_list":{"0":"post-145988","1":"post","2":"type-post","3":"status-publish","4":"format-standard","5":"has-post-thumbnail","7":"category-deportes","8":"tag-deportes","9":"tag-es","10":"tag-espana","11":"tag-spain","12":"tag-sports","13":"tag-text"},"share_on_mastodon":{"url":"","error":""},"_links":{"self":[{"href":"https:\/\/www.europesays.com\/es\/wp-json\/wp\/v2\/posts\/145988","targetHints":{"allow":["GET"]}}],"collection":[{"href":"https:\/\/www.europesays.com\/es\/wp-json\/wp\/v2\/posts"}],"about":[{"href":"https:\/\/www.europesays.com\/es\/wp-json\/wp\/v2\/types\/post"}],"author":[{"embeddable":true,"href":"https:\/\/www.europesays.com\/es\/wp-json\/wp\/v2\/users\/2"}],"replies":[{"embeddable":true,"href":"https:\/\/www.europesays.com\/es\/wp-json\/wp\/v2\/comments?post=145988"}],"version-history":[{"count":0,"href":"https:\/\/www.europesays.com\/es\/wp-json\/wp\/v2\/posts\/145988\/revisions"}],"wp:featuredmedia":[{"embeddable":true,"href":"https:\/\/www.europesays.com\/es\/wp-json\/wp\/v2\/media\/145989"}],"wp:attachment":[{"href":"https:\/\/www.europesays.com\/es\/wp-json\/wp\/v2\/media?parent=145988"}],"wp:term":[{"taxonomy":"category","embeddable":true,"href":"https:\/\/www.europesays.com\/es\/wp-json\/wp\/v2\/categories?post=145988"},{"taxonomy":"post_tag","embeddable":true,"href":"https:\/\/www.europesays.com\/es\/wp-json\/wp\/v2\/tags?post=145988"}],"curies":[{"name":"wp","href":"https:\/\/api.w.org\/{rel}","templated":true}]}}