{"id":145991,"date":"2025-09-29T08:17:11","date_gmt":"2025-09-29T08:17:11","guid":{"rendered":"https:\/\/www.europesays.com\/es\/145991\/"},"modified":"2025-09-29T08:17:11","modified_gmt":"2025-09-29T08:17:11","slug":"malaga-capital-mundial-del-entretenimiento-de-la-mano-de-san-diego-comic-con","status":"publish","type":"post","link":"https:\/\/www.europesays.com\/es\/145991\/","title":{"rendered":"M\u00e1laga, capital mundial del entretenimiento de la mano de San Diego Comic Con"},"content":{"rendered":"<p><strong>La San Diego Comic Con M\u00e1laga puso el colof\u00f3n a su exitosa primera edici\u00f3n con el homenaje al actor Arnold Schwarzenegger<\/strong>, que cont\u00f3 con la presencia del actor malague\u00f1o Antonio Banderas como anfitri\u00f3n y el cineasta bilba\u00edno \u00c1lex de la Iglesia como maestro de ceremonias, como ya hizo en otros eventos destacados como la presentaci\u00f3n \u2018Tron: Ares\u2019. Por cierto, Schwarzenegger anim\u00f3 a de la Iglesia a hacer una pel\u00edcula juntos.<\/p>\n<p>Durante cuatro d\u00edas <strong>los pabellones del Palacio de Ferias y Congresos de M\u00e1laga (FYCMA) se han convertido en el epicentro del entretenimiento mundial<\/strong>, con multitud de paneles con estrellas internacionales, preestrenos en exclusiva y la presencia de destacados protagonistas de la cultura pop y el c\u00f3mic global. <img fetchpriority=\"high\" decoding=\"async\" class=\"aligncenter wp-image-221676\" src=\"https:\/\/www.europesays.com\/es\/wp-content\/uploads\/2025\/09\/1200x900xIMG-20250926-WA0025.jpg.pagespeed.ic.CAZMkgrQT7.jpg\" alt=\"\" width=\"1200\" height=\"900\"  \/><\/p>\n<p>Sin embargo, no todo han sido luces en la San Diego Comic Con M\u00e1laga, que por momentos se ha visto superada por el aluvi\u00f3n de asistentes que colaps\u00f3 los accesos a los diferentes pabellones sobre todo durante las jornadas del s\u00e1bado y el domingo. M\u00e1s de 100.000 fans de 20 nacionalidades distintas han invadido esta primera edici\u00f3n en M\u00e1laga, que ocup\u00f3 el cien por cien de la superficie de FYCMA, adem\u00e1s de 22.000 metros cuadrados del exterior en forma de \u201cVillage\u201d con atracciones, zona gastron\u00f3mica y un escenario con programaci\u00f3n propia.<\/p>\n<p>Las m\u00e1s de 300 horas de contenido ofrecidas en la capital de la Costa del Sol se ha repartido entre un auditorio ef\u00edmero con capacidad para m\u00e1s de 3.000 personas, cuyo nombre, Hall M, hace referencia al ic\u00f3nico Hall H de San Diego Comic-Con, as\u00ed como la simultaneidad de actividades, llegando a haber m\u00e1s de 20 opciones para elegir en algunos momentos del d\u00eda.<\/p>\n<p>Los dos primeros d\u00edas, jueves y viernes, la situaci\u00f3n fue m\u00e1s llevadera y no gener\u00f3 entre los visitantes que abarrotaron las actividades la frustraci\u00f3n generalizada de los dos \u00faltimos d\u00edas, cuando la experiencia no fue del todo satisfactoria para gran parte del p\u00fablico debido a las largas esperas, a pesar de llevarse a cabo, entre otros contenidos, la presentaci\u00f3n en exclusiva de los \u00faltimos estrenos del universo Predator como \u2018Predator Badlands\u2019 y \u2018Killer of Killers\u2019, la premiere de las nuevas Tortugas Ninja, las novedades del universo de Star Wars Visions, la presentaci\u00f3n de las series de AMC: \u2018The Walking Dead: Daryl Dixon\u2019 y \u2018Talamasca: The Secret Ordero\u2019 o el Concurso de Cosplay SDCC M\u00e1laga \u2013 Runway.<\/p>\n<p>La organizaci\u00f3n debe tomar nota de estos contratiempos derivados de la impresionante asistencia para tratar de solventarlos en futuras ediciones y evitar, de paso, morir de \u00e9xito, porque la iniciativa lo merece. Aunque, siendo justos, <strong>los problemas de esta primera edici\u00f3n no deben empa\u00f1ar el \u00e9xito incontestable del evento,<\/strong> que han convertido a M\u00e1laga durante cuatro jornadas en la capital del entretenimiento mundial.<\/p>\n<p><img loading=\"lazy\" decoding=\"async\" class=\"aligncenter wp-image-221677\" src=\"https:\/\/www.europesays.com\/es\/wp-content\/uploads\/2025\/09\/1200x900xIMG-20250926-WA0031.jpg.pagespeed.ic.nRdvstvWJI.jpg\" alt=\"\" width=\"1200\" height=\"900\"  \/><\/p>\n<p>Volviendo a algunos hitos de la programaci\u00f3n, el domingo Paramount present\u00f3 \u2018Bob Esponja, Una Aventura Pirata\u2019 y los visitantes pudieron acudir tambi\u00e9n a un encuentro con el cineasta Juan Antonio Bayona, que estuvo presentado de nuevo por \u00c1lex de la Iglesia. Ese \u00faltimo d\u00eda, tambi\u00e9n tuvo lugar una animada mesa redonda sobre las Mujeres actrices en el g\u00e9nero de fantas\u00eda actual, en la que participaron Ester Exposito, Bel\u00e9n Rueda, Elle Fanning y Carolina Bang.<\/p>\n<p>Pero si hay que destacar un solo momento de esta San Diego Comic Con M\u00e1laga, con el permiso del homenaje a Arnold Schwarzenegger, quiz\u00e1 ese sea la presentaci\u00f3n de \u2018Tron: Ares\u2019, con la presencia sorpresa de Jared Leto, Joachim R\u00f8nning y Jodie Turner-Smith, con una aparici\u00f3n sorpresa en San Diego Comic-Con M\u00e1laga.<\/p>\n<p>Acuerdo entre el Festival de M\u00e1laga y San Diego Comic-Con M\u00e1laga<\/p>\n<p><strong>El Festival de M\u00e1laga y San Diego Comic-Con M\u00e1laga han firmado un convenio de colaboraci\u00f3n<\/strong> por el que se ha creado la nueva secci\u00f3n Play One Series. Ambos eventos han buscado sus sinergias para \u00abaprovechar la creciente relevancia de las series como motor de la industria audiovisual y como espacio de innovaci\u00f3n narrativa.\u00bb La nueva secci\u00f3n se centrar\u00e1 en destacar series de estreno y en celebrar encuentros con creadores y actividades dirigidas tanto a profesionales como al p\u00fablico general.<\/p>\n<p>A la presentaci\u00f3n de este acuerdo, que tuvo lugar el viernes 26 de septiembre, asistieron el alcalde de M\u00e1laga, Francisco de la Torre; la concejala de Cultura y Patrimonio Hist\u00f3rico, Mariana Pineda; la concejala de Innovaci\u00f3n, Digitalizaci\u00f3n y Captaci\u00f3n de Inversiones, Alicia Izquierdo; el director del Festival de M\u00e1laga, Juan Antonio Vigar; y Gabriel S\u00e1enz de Buruaga, administrador \u00fanico de San Diego Comic-Con M\u00e1laga, cuya primera edici\u00f3n se est\u00e1 celebrando estos d\u00edas.<\/p>\n<p>El director del Festival de M\u00e1laga, Juan Antonio Vigar, ha destacado que \u201ceste acuerdo nos permite ampliar horizontes y reforzar nuestra apuesta por las series, un formato que hoy es esencial en la cultura audiovisual y que conecta con nuevos p\u00fablicos y generaciones. El objetivo es abrir un espacio \u00fanico para acercar al p\u00fablico fan y al p\u00fablico cin\u00e9filo, integrando c\u00f3mic, series y cine, para as\u00ed aumentar su alcance. Tanto el Festival de M\u00e1laga como San Diego Comic-Con M\u00e1laga entienden las series como un espacio de innovaci\u00f3n creativa y de gran impacto social\u201d.<\/p>\n<p><img loading=\"lazy\" decoding=\"async\" class=\"aligncenter wp-image-221674\" src=\"https:\/\/www.europesays.com\/es\/wp-content\/uploads\/2025\/09\/1200x900xIMG-20250926-WA0032.jpg.pagespeed.ic.UGeaPIOZG4.jpg\" alt=\"\" width=\"1200\" height=\"900\"  \/><\/p>\n<p><strong>La pr\u00f3xima edici\u00f3n del Festival de M\u00e1laga se celebrar\u00e1 del 6 al 15 de marzo de 2026.<\/strong> El certamen ya ha avanzado otras novedades, como el nuevo Premio Ibershorts, para destacar la producci\u00f3n iberoamericana de cortometrajes, o la secci\u00f3n no competitiva Am\u00e9rica, Am\u00e9rica, \u00abdar visibilidad a la realidad \u00e9tnica del continente, poner en valor las ra\u00edces identitarias y la diversidad cultural de sus pueblos y dar a conocer a sus cineastas.\u00bb<\/p>\n<p>La secci\u00f3n colaborativa Play One Series se inici\u00f3 dentro de la programaci\u00f3n de San Diego Comic-Con M\u00e1laga, son el panel \u2018C\u00f3mo se construye un mundo de fantas\u00eda en cine\/TV\u2019, con David Ramos, supervisor de VFX con una trayectoria de m\u00e1s de 25 a\u00f1os en la industria (\u2018El d\u00eda de la bestia\u2019, \u2018Un monstruo viene a verme\u2019, \u2018Juego de tronos\u2019, \u2018El problema de los tres cuerpos\u2019, \u2018Sombra y hueso\u2019).<\/p>\n","protected":false},"excerpt":{"rendered":"La San Diego Comic Con M\u00e1laga puso el colof\u00f3n a su exitosa primera edici\u00f3n con el homenaje al&hellip;\n","protected":false},"author":2,"featured_media":145992,"comment_status":"","ping_status":"","sticky":false,"template":"","format":"standard","meta":{"footnotes":""},"categories":[91],"tags":[44911,44912,146,147,25,24,44913,43822,23],"class_list":{"0":"post-145991","1":"post","2":"type-post","3":"status-publish","4":"format-standard","5":"has-post-thumbnail","7":"category-entretenimiento","8":"tag-29o-festival-de-malaga","9":"tag-comic-con-san-diego","10":"tag-entertainment","11":"tag-entretenimiento","12":"tag-es","13":"tag-espana","14":"tag-juan-antonio-vigar","15":"tag-san-diego-comic-con-malaga","16":"tag-spain"},"share_on_mastodon":{"url":"","error":""},"_links":{"self":[{"href":"https:\/\/www.europesays.com\/es\/wp-json\/wp\/v2\/posts\/145991","targetHints":{"allow":["GET"]}}],"collection":[{"href":"https:\/\/www.europesays.com\/es\/wp-json\/wp\/v2\/posts"}],"about":[{"href":"https:\/\/www.europesays.com\/es\/wp-json\/wp\/v2\/types\/post"}],"author":[{"embeddable":true,"href":"https:\/\/www.europesays.com\/es\/wp-json\/wp\/v2\/users\/2"}],"replies":[{"embeddable":true,"href":"https:\/\/www.europesays.com\/es\/wp-json\/wp\/v2\/comments?post=145991"}],"version-history":[{"count":0,"href":"https:\/\/www.europesays.com\/es\/wp-json\/wp\/v2\/posts\/145991\/revisions"}],"wp:featuredmedia":[{"embeddable":true,"href":"https:\/\/www.europesays.com\/es\/wp-json\/wp\/v2\/media\/145992"}],"wp:attachment":[{"href":"https:\/\/www.europesays.com\/es\/wp-json\/wp\/v2\/media?parent=145991"}],"wp:term":[{"taxonomy":"category","embeddable":true,"href":"https:\/\/www.europesays.com\/es\/wp-json\/wp\/v2\/categories?post=145991"},{"taxonomy":"post_tag","embeddable":true,"href":"https:\/\/www.europesays.com\/es\/wp-json\/wp\/v2\/tags?post=145991"}],"curies":[{"name":"wp","href":"https:\/\/api.w.org\/{rel}","templated":true}]}}