{"id":145999,"date":"2025-09-29T08:21:08","date_gmt":"2025-09-29T08:21:08","guid":{"rendered":"https:\/\/www.europesays.com\/es\/145999\/"},"modified":"2025-09-29T08:21:08","modified_gmt":"2025-09-29T08:21:08","slug":"que-es-la-jubilacion-flexible-y-que-reforma-se-debate-para-mejorar-las-pensiones-de-los-retirados-de-manera-forzosa","status":"publish","type":"post","link":"https:\/\/www.europesays.com\/es\/145999\/","title":{"rendered":"Qu\u00e9 es la jubilaci\u00f3n flexible y qu\u00e9 reforma se debate para mejorar las pensiones de los retirados de manera forzosa"},"content":{"rendered":"<p class=\"article-text\">\n        Tras <a href=\"https:\/\/www.eldiario.es\/economia\/son-cambios-jubilacion-parcial-activa-demorada-entran-vigor-1-abril_1_12179544.html\" data-mrf-recirculation=\"links-noticia\" class=\"link\" rel=\"nofollow noopener\" target=\"_blank\">los cambios en la jubilaci\u00f3n\u00a0parcial, demorada y activa<\/a> en vigor desde hace unos meses, el Gobierno est\u00e1 ultimando una reforma de la denominada \u201cjubilaci\u00f3n flexible\u201d. Es la f\u00f3rmula por la que una persona que se ha jubilado vuelve a trabajar a tiempo parcial, cobrando el salario y parte de la pensi\u00f3n, y que el Ejecutivo pretende incentivar m\u00e1s para hacerla m\u00e1s atractiva. A\u00fan en la mesa de negociaci\u00f3n con patronal y sindicatos, se debaten varias medidas, como\u00a0las horas que se pueden trabajar con esta modalidad mixta, as\u00ed como una posible mejora de las pensiones de quienes se jubilaron de manera anticipada forzosamente.\n    <\/p>\n<p>    <a href=\"https:\/\/www.eldiario.es\/economia\/mayoria-quiere-jubilarse-67-anos-teme-cuantia-pension-funcas_1_12632187.html\" data-mrf-recirculation=\"saber-mas\" data-dl-event=\"saber-mas\" rel=\"nofollow noopener\" target=\"_blank\"><\/p>\n<p class=\"know-more__title\">La mayor\u00eda quiere jubilarse antes de los 67 a\u00f1os y teme por la cuant\u00eda de su pensi\u00f3n, seg\u00fan Funcas<\/p>\n<p>            <img decoding=\"async\" class=\"lazy\" loading=\"lazy\" data-src=\"https:\/\/static.eldiario.es\/clip\/0084a37d-48fa-4479-a89c-e03f35379402_16-9-aspect-ratio_default_0.jpg\" src=\"data:image\/svg+xml,%3Csvg xmlns=\" http:=\"\" viewbox=\"0 0 880 495\" alt=\"La mayor\u00eda quiere jubilarse antes de los 67 a\u00f1os y teme por la cuant\u00eda de su pensi\u00f3n, seg\u00fan Funcas\"\/><\/p>\n<p>                        <\/a><\/p>\n<p class=\"article-text\">\n        La reuni\u00f3n del di\u00e1logo social de esta semana entre la Seguridad Social y los agentes sociales fue determinante por varios motivos. Por un lado, el Ministerio que dirige la ministra Elma Saiz confirm\u00f3 que la jubilaci\u00f3n flexible seguir\u00e1 denomin\u00e1ndose como tal y no \u201cjubilaci\u00f3n reversible\u201d como hab\u00eda propuesto, un t\u00e9rmino que no hab\u00eda gustado en los sindicatos ni en otros departamentos del Gobierno. Por otro, el Ejecutivo se abri\u00f3 a analizar algunas propuestas de los agentes sociales a las que se hab\u00eda negado hasta el momento, explican fuentes de la mesa negociadora.\n    <\/p>\n<p class=\"article-text\">\n        La nueva regulaci\u00f3n de la jubilaci\u00f3n flexible, comprometida en el \u00faltimo acuerdo de pensiones, no requiere pasar por el Parlamento, ya que se desarrollar\u00e1 en un real decreto. La intenci\u00f3n del Gobierno es ampliar el n\u00famero de personas que acuden a esta f\u00f3rmula de manera voluntaria, que en la actualidad es residual: ronda las 3.200 personas de un total de m\u00e1s de 6,5 millones de pensiones de jubilaci\u00f3n.\n    <\/p>\n<p class=\"article-text\">\n        Saiz destac\u00f3 en una entrevista esta semana que la jubilaci\u00f3n flexible se plantea desde la \u201cvoluntariedad\u201d y no consiste en obligar a un jubilado a volver al mercado laboral porque \u201cno te llegue la pensi\u00f3n\u201d. \u201cLa esperanza de vida no es la misma que hace 20 a\u00f1os. Al final, lo que estamos haciendo es acompa\u00f1ar la norma a la realidad, a la esperanza de vida, pero siempre, y quiero ser muy clara, no son decisiones que tienen que tomarse por insuficiencia, por precariedad, por sufrimiento, sino desde la voluntariedad\u201d, indic\u00f3 la ministra.\n    <\/p>\n<p>    Vuelta a trabajar, como asalariado o aut\u00f3nomo<\/p>\n<p class=\"article-text\">\n        La reforma que est\u00e1 sobre la mesa en estos momentos modifica algunas cuestiones b\u00e1sicas de <a href=\"https:\/\/www.seg-social.es\/wps\/portal\/wss\/internet\/Trabajadores\/PrestacionesPensionesTrabajadores\/10963\/28393\/35806\" target=\"_blank\" data-mrf-recirculation=\"links-noticia\" class=\"link\" rel=\"nofollow noopener\">la jubilaci\u00f3n flexible vigente en la actualidad<\/a>. Por ejemplo, ahora est\u00e1 restringida a que la vuelta a la actividad de la persona jubilada sea a trav\u00e9s de un contrato laboral a tiempo parcial, por cuenta ajena. Por ejemplo, con un trabajo con un horario del 40%, el pensionista pasa a percibir el salario de ese empleo a tiempo parcial m\u00e1s un 60% de la pensi\u00f3n (que se reduce proporcionalmente a la jornada de trabajo).\n    <\/p>\n<p class=\"article-text\">\n        La propuesta que plantea el Ejecutivo permitir\u00eda adem\u00e1s la compatibilidad de la pensi\u00f3n con un trabajo aut\u00f3nomo, por cuenta propia. Aunque con una condici\u00f3n: siempre que en los cinco a\u00f1os anteriores a la jubilaci\u00f3n el pensionista no hubiera estado en alta como aut\u00f3nomo, un plazo a\u00fan a debate en la mesa de negociaci\u00f3n, seg\u00fan fuentes del di\u00e1logo social. En este caso de compatibilidad con el trabajo aut\u00f3nomo, el importe de la pensi\u00f3n a percibir ser\u00eda \u201cdel 20%\u201d, recoge el decreto propuesto por el Gobierno sometido a audiencia p\u00fablica.\n    <\/p>\n<p>    A debate: cu\u00e1ntas horas de trabajo y el porcentaje de pensi\u00f3n<\/p>\n<p class=\"article-text\">\n        El Gobierno plantea tambi\u00e9n modificar la jornada laboral permitida en esta modalidad mixta de pensi\u00f3n y trabajo. Desde abril, el l\u00edmite se sit\u00faa entre un\u00a0m\u00ednimo del 25% y\u00a0un m\u00e1ximo del 75% de la jornada a tiempo completo y el Ejecutivo ha propuesto llevar estos l\u00edmites a una jornada del 40% al 80% del total.\n    <\/p>\n<p class=\"article-text\">\n        Los sindicatos reclaman rebajar el m\u00ednimo, que se pueda acceder a esta jubilaci\u00f3n flexible trabajando menos horas, una opci\u00f3n que el Ministerio de Elma Saiz se abri\u00f3 a considerar en la \u00faltima reuni\u00f3n, seg\u00fan fuentes del di\u00e1logo social.\n    <\/p>\n<p class=\"article-text\">\n        Por otro lado, la reforma sobre la mesa mejorar\u00eda el porcentaje de pensi\u00f3n que se percibe en estos momentos con la jubilaci\u00f3n flexible. La Seguridad Social ha planteado dos supuestos:\n    <\/p>\n<p class=\"article-text\">\n        \u2013 Cuando la jornada est\u00e9 comprendida entre el 60% y 80% (del tiempo completo), el importe de la pensi\u00f3n compatible con el trabajo se incrementar\u00e1 en un 20% adicional.\n    <\/p>\n<p class=\"article-text\">\n        \u2013 Cuando la jornada sea igual o superior al 40% e inferior al 60%, el importe de la pensi\u00f3n se incrementar\u00e1 en un 10% adicional.\n    <\/p>\n<p class=\"article-text\">\n        Es decir, si se trabaja con una jornada del 60%, ya no se cobrar\u00eda el 40% de pensi\u00f3n, sino el 60% (40% + 20% adicional). Con una jornada del 40%, se cobrar\u00eda un 70% de pensi\u00f3n (60% + 10% adicional), seg\u00fan la propuesta del Ejecutivo.\n    <\/p>\n<p class=\"article-text\">\n        Este es otro de los puntos que siguen abiertos en la mesa de negociaci\u00f3n, con la reclamaci\u00f3n de los sindicatos de que se puedan mejorar m\u00e1s estos porcentajes de cobro de pensi\u00f3n para las personas asalariadas, pero tambi\u00e9n la propuesta del 20% de pensi\u00f3n para quienes se reenganchen al mercado laboral con un trabajo como aut\u00f3nomos.\n    <\/p>\n<p>    \u00bfAumento de pensi\u00f3n a los retirados de manera forzosa?<\/p>\n<p class=\"article-text\">\n        Los aumentos propuestos en la cuant\u00eda de la pensi\u00f3n a percibir durante la jubilaci\u00f3n flexible van acompa\u00f1ados de otro cambio: el nuevo periodo trabajado ya no se tendr\u00eda en cuenta para recalcular la pensi\u00f3n de jubilaci\u00f3n. \u201cLas novedades descritas compensan que la pensi\u00f3n de jubilaci\u00f3n ya no podr\u00e1 verse mejorada, como suced\u00eda hasta ahora, por la toma en consideraci\u00f3n de los per\u00edodos cotizados durante el desarrollo de la actividad compatible con la pensi\u00f3n\u201d, recoge el borrador de real decreto sometido a consulta p\u00fablica.\n    <\/p>\n<p class=\"article-text\">\n        Los sindicatos hab\u00edan reclamado que se siguiera permitiendo recalcular la pensi\u00f3n, sin \u00e9xito hasta el momento. Sin embargo, fuentes de la negociaci\u00f3n apuntan que en la \u00faltima reuni\u00f3n la Seguridad Social se abri\u00f3 a considerar la mejora de la pensi\u00f3n de un colectivo, que los sindicatos han priorizado: el de aquellas personas que se hayan tenido que jubilar de manera forzosa a trav\u00e9s de la jubilaci\u00f3n anticipada involuntaria, principalmente fruto de despidos y ERE.\n    <\/p>\n<p class=\"article-text\">\n        La negociaci\u00f3n sigue abierta, con el compromiso del Ministerio de mandar una nueva propuesta a los agentes sociales en los pr\u00f3ximos d\u00edas, una vez valoradas sus demandas y las recibidas en el tr\u00e1mite de consulta p\u00fablica. Cuando el departamento de Saiz defina finalmente el real decreto, su aplicaci\u00f3n se prev\u00e9 bastante \u00e1gil, ya que no debe pasar por el Congreso de los Diputados. Requiere de la valoraci\u00f3n del Consejo de Estado, y despu\u00e9s ir\u00eda al Consejo de Ministros y se publicar\u00eda en el Bolet\u00edn Oficial del Estado (BOE).\n    <\/p>\n<p>    <a href=\"https:\/\/www.eldiario.es\/economia\/son-cambios-jubilacion-parcial-activa-demorada-entran-vigor-1-abril_1_12179544.html\" data-mrf-recirculation=\"saber-mas-abajo\" data-dl-event=\"saber-mas-abajo\" rel=\"nofollow noopener\" target=\"_blank\"><\/p>\n<p class=\"know-more__title\">Estos son los cambios en la jubilaci\u00f3n parcial, activa y demorada en vigor desde abril <\/p>\n<p>            <img decoding=\"async\" class=\"lazy\" loading=\"lazy\" data-src=\"https:\/\/static.eldiario.es\/clip\/427613c2-2696-43fb-bae2-f18f07fb90b7_16-9-aspect-ratio_default_0.jpg\" src=\"data:image\/svg+xml,%3Csvg xmlns=\" http:=\"\" viewbox=\"0 0 880 495\" alt=\"Estos son los cambios en la jubilaci\u00f3n parcial, activa y demorada que entran en vigor este 1 de abril\"\/><\/p>\n<p>                        <\/a><\/p>\n<p class=\"article-text\">\n        El Gobierno plantea una entrada en vigor de la norma a los tres meses de su publicaci\u00f3n, para dar tiempo a la Seguridad Social a adaptarse a los cambios. Para las pensiones de jubilaci\u00f3n flexible ya iniciadas con anterioridad, \u201cse seguir\u00e1n rigiendo por la normativa aplicable al iniciarse la actividad compatible hasta su cese\u201d, contempla el actual borrador.\n    <\/p>\n","protected":false},"excerpt":{"rendered":"Tras los cambios en la jubilaci\u00f3n\u00a0parcial, demorada y activa en vigor desde hace unos meses, el Gobierno est\u00e1&hellip;\n","protected":false},"author":2,"featured_media":146000,"comment_status":"","ping_status":"","sticky":false,"template":"","format":"standard","meta":{"footnotes":""},"categories":[8],"tags":[17,18,11559,25,24,13,14,26521,44917,11,8881,19,20,5879,3483,9,10,15,16,12865,14824,44916,23,12,21,22],"class_list":{"0":"post-145999","1":"post","2":"type-post","3":"status-publish","4":"format-standard","5":"has-post-thumbnail","7":"category-espana","8":"tag-breaking-news","9":"tag-breakingnews","10":"tag-debate","11":"tag-es","12":"tag-espana","13":"tag-featured-news","14":"tag-featurednews","15":"tag-flexible","16":"tag-forzosa","17":"tag-headlines","18":"tag-jubilacion","19":"tag-latest-news","20":"tag-latestnews","21":"tag-manera","22":"tag-mejorar","23":"tag-news","24":"tag-noticias","25":"tag-noticias-destacadas","26":"tag-noticiasdestacadas","27":"tag-pensiones","28":"tag-reforma","29":"tag-retirados","30":"tag-spain","31":"tag-titulares","32":"tag-ultimas-noticias","33":"tag-ultimasnoticias"},"share_on_mastodon":{"url":"","error":""},"_links":{"self":[{"href":"https:\/\/www.europesays.com\/es\/wp-json\/wp\/v2\/posts\/145999","targetHints":{"allow":["GET"]}}],"collection":[{"href":"https:\/\/www.europesays.com\/es\/wp-json\/wp\/v2\/posts"}],"about":[{"href":"https:\/\/www.europesays.com\/es\/wp-json\/wp\/v2\/types\/post"}],"author":[{"embeddable":true,"href":"https:\/\/www.europesays.com\/es\/wp-json\/wp\/v2\/users\/2"}],"replies":[{"embeddable":true,"href":"https:\/\/www.europesays.com\/es\/wp-json\/wp\/v2\/comments?post=145999"}],"version-history":[{"count":0,"href":"https:\/\/www.europesays.com\/es\/wp-json\/wp\/v2\/posts\/145999\/revisions"}],"wp:featuredmedia":[{"embeddable":true,"href":"https:\/\/www.europesays.com\/es\/wp-json\/wp\/v2\/media\/146000"}],"wp:attachment":[{"href":"https:\/\/www.europesays.com\/es\/wp-json\/wp\/v2\/media?parent=145999"}],"wp:term":[{"taxonomy":"category","embeddable":true,"href":"https:\/\/www.europesays.com\/es\/wp-json\/wp\/v2\/categories?post=145999"},{"taxonomy":"post_tag","embeddable":true,"href":"https:\/\/www.europesays.com\/es\/wp-json\/wp\/v2\/tags?post=145999"}],"curies":[{"name":"wp","href":"https:\/\/api.w.org\/{rel}","templated":true}]}}