{"id":146001,"date":"2025-09-29T08:22:21","date_gmt":"2025-09-29T08:22:21","guid":{"rendered":"https:\/\/www.europesays.com\/es\/146001\/"},"modified":"2025-09-29T08:22:21","modified_gmt":"2025-09-29T08:22:21","slug":"directo-carreteras-cortadas-rescates-en-vehiculos-y-retrasos-en-trenes-por-las-fuertes-lluvias","status":"publish","type":"post","link":"https:\/\/www.europesays.com\/es\/146001\/","title":{"rendered":"Directo: Carreteras cortadas, rescates en veh\u00edculos y retrasos en trenes por las fuertes lluvias"},"content":{"rendered":"<p><img loading=\"lazy\" class=\"lazyload\" decoding=\"async\" id=\"fotoPrincipalNoticia\" src=\"https:\/\/www.europesays.com\/es\/wp-content\/uploads\/2025\/09\/fotonoticia_20250929080923_690_v2.jpg\" style=\"view-transition-name: fechor_20250929080923;\" border=\"0\" alt=\"n veh\u00edculo pasa por un t\u00fanel lleno de agua en la Avenida ranillas, 28 de septiembre de 2025, en Zaragoza, Arag\u00f3n (Espa\u00f1a).\" fetchpriority=\"high\" title=\"Temporal | Directo: Carreteras cortadas, rescates en veh\u00edculos y retrasos en trenes por las fuertes lluvias\" width=\"453\" height=\"800\" itemprop=\"image\"\/><\/p>\n<p>n veh\u00edculo pasa por un t\u00fanel lleno de agua en la Avenida ranillas, 28 de septiembre de 2025, en Zaragoza, Arag\u00f3n (Espa\u00f1a). &#8211; MARCOS CEBRI\u00c1N \/ EUROPA PRESS<\/p>\n<p>MADRID 29 Sep. (EUROPA PRESS) &#8211;<\/p>\n<p>\u00a0 \u00a0El litoral de Valencia, sur de Tarragona y norte de Castell\u00f3n contin\u00faan en riesgo extremo por lluvia que podr\u00eda alcanzar los 180 l\/m2. Las zonas donde se prev\u00e9 una mayor acumulaci\u00f3n de lluvias es en el litoral de Castell\u00f3n y el de Tarragona donde podr\u00eda concentrarse hasta 180 l\/m2 en tres o cuatro horas, seg\u00fan la Agencia Estatal de Meterorolog\u00eda (Aemet), que ha ampliado la duraci\u00f3n del aviso hasta las 12.00 horas debido a la intensidad de las precipitaciones.<\/p>\n<p>\u00a0 \u00a0 En la costa de Valencia, el aviso rojo permanecer\u00e1 activo hasta las 23.59 por precipitaci\u00f3n acumulada de 180 l\/m2 en 12 horas. El resto de la costa de Tarragona est\u00e1 en aviso naranja al igual que en Murcia donde podr\u00edan caer hasta 20 l\/m2 en una hora. En Castilla-La Mancha se ha activado aviso amarillo en Albacete, en todo Baleares por lluvias y tormentas, al igual que en Arag\u00f3n, Almer\u00eda, Granada y Ja\u00e9n.<\/p>\n<p>\u00a0 \u00a0Seg\u00fan informaci\u00f3n a Aemet, en las \u00faltimas 6-8 horas se han recogido localmente entre 160-200 litros\/m2 en torno al delta del Ebro. En las estaciones meteorol\u00f3gicas del aeropuerto de Valencia a las 7 horas de este lunes hab\u00edan ca\u00eddo 62,4 l\/m2, en Almassora (Castell\u00f3n) 56,2 l\/m2 y en Rasquera (Tarragona) 53,4 l\/m2.<\/p>\n<p>Sigue en directo las \u00faltimas noticias sobre el temporal:<\/p>\n","protected":false},"excerpt":{"rendered":"n veh\u00edculo pasa por un t\u00fanel lleno de agua en la Avenida ranillas, 28 de septiembre de 2025,&hellip;\n","protected":false},"author":2,"featured_media":146002,"comment_status":"","ping_status":"","sticky":false,"template":"","format":"standard","meta":{"footnotes":""},"categories":[5],"tags":[17,18,25,24,13,14,11,19,20,9,10,15,16,23,12,21,22],"class_list":{"0":"post-146001","1":"post","2":"type-post","3":"status-publish","4":"format-standard","5":"has-post-thumbnail","7":"category-titulares","8":"tag-breaking-news","9":"tag-breakingnews","10":"tag-es","11":"tag-espana","12":"tag-featured-news","13":"tag-featurednews","14":"tag-headlines","15":"tag-latest-news","16":"tag-latestnews","17":"tag-news","18":"tag-noticias","19":"tag-noticias-destacadas","20":"tag-noticiasdestacadas","21":"tag-spain","22":"tag-titulares","23":"tag-ultimas-noticias","24":"tag-ultimasnoticias"},"share_on_mastodon":{"url":"","error":""},"_links":{"self":[{"href":"https:\/\/www.europesays.com\/es\/wp-json\/wp\/v2\/posts\/146001","targetHints":{"allow":["GET"]}}],"collection":[{"href":"https:\/\/www.europesays.com\/es\/wp-json\/wp\/v2\/posts"}],"about":[{"href":"https:\/\/www.europesays.com\/es\/wp-json\/wp\/v2\/types\/post"}],"author":[{"embeddable":true,"href":"https:\/\/www.europesays.com\/es\/wp-json\/wp\/v2\/users\/2"}],"replies":[{"embeddable":true,"href":"https:\/\/www.europesays.com\/es\/wp-json\/wp\/v2\/comments?post=146001"}],"version-history":[{"count":0,"href":"https:\/\/www.europesays.com\/es\/wp-json\/wp\/v2\/posts\/146001\/revisions"}],"wp:featuredmedia":[{"embeddable":true,"href":"https:\/\/www.europesays.com\/es\/wp-json\/wp\/v2\/media\/146002"}],"wp:attachment":[{"href":"https:\/\/www.europesays.com\/es\/wp-json\/wp\/v2\/media?parent=146001"}],"wp:term":[{"taxonomy":"category","embeddable":true,"href":"https:\/\/www.europesays.com\/es\/wp-json\/wp\/v2\/categories?post=146001"},{"taxonomy":"post_tag","embeddable":true,"href":"https:\/\/www.europesays.com\/es\/wp-json\/wp\/v2\/tags?post=146001"}],"curies":[{"name":"wp","href":"https:\/\/api.w.org\/{rel}","templated":true}]}}