{"id":146003,"date":"2025-09-29T08:23:07","date_gmt":"2025-09-29T08:23:07","guid":{"rendered":"https:\/\/www.europesays.com\/es\/146003\/"},"modified":"2025-09-29T08:23:07","modified_gmt":"2025-09-29T08:23:07","slug":"posible-grave-lesion-de-su-fichaje-top-para-2026","status":"publish","type":"post","link":"https:\/\/www.europesays.com\/es\/146003\/","title":{"rendered":"posible grave lesi\u00f3n de su fichaje &#8216;top&#8217; para 2026"},"content":{"rendered":"<p data-gtm-element-container=\"modulo-texto-link\" class=\"paragraph\">Malas -quiz\u00e1s, muy malas- noticias, de cara al futuro pr\u00f3ximo, para el <strong>Bar\u00e7a <\/strong>de balonmano.\u00a0<\/p>\n<p data-gtm-element-container=\"modulo-texto-link\" class=\"paragraph\"><strong>Janus Smarason<\/strong> (30 a\u00f1os y 1,84 metros), central island\u00e9s del <strong>Pick Szeged<\/strong> y, tal y como <strong>inform\u00f3 en exclusiva hace un par de semanas Mundo Deportivo, futuro fichaje del conjunto azulgrana de cara a la pr\u00f3xima temporada<\/strong> -como sustituto de <strong>Domen Makuc<\/strong>, que se marchar\u00e1 al THW Kiel-, sufri\u00f3 ayer <strong>una posible lesi\u00f3n grave en su rodilla<\/strong> en los \u00faltimos minutos del partido de liga h\u00fangara entre Tatabanya y Pick Szeged, saldado con una sorprendente victoria de los locales por 34-30.\u00a0<\/p>\n<p>    Lee tambi\u00e9n<\/p>\n<p data-gtm-element-container=\"modulo-texto-link\" class=\"paragraph\">Tras la jugada en la que se lesion\u00f3, <strong>el central island\u00e9s se qued\u00f3 tendido sobre el parquet durante unos minutos<\/strong>, con ostensibles <strong>gestos de dolor.<\/strong><\/p>\n<p data-gtm-element-container=\"modulo-texto-link\" class=\"paragraph\">A pesar de que el Pick Szeged a<strong>un no se ha pronunciado sobre la gravedad de la lesi\u00f3n de Smarason<\/strong> ni ha emitido ning\u00fan comunicado al respecto -a la espera de conocer los resultados de las pruebas m\u00e9dicas a las que se someter\u00e1-, todo apunta a una grave lesi\u00f3n de rodilla que dejar\u00e1 al island\u00e9s muchos meses fuera de las canchas y, muy probablemente,\u00a0se despedir\u00e1 de la temporada 2025\/26, la \u00faltima con contrato con el conjunto h\u00fangaro, del Europeo del pr\u00f3ximo mes de enero con la selecci\u00f3n islandesa y, qui\u00e9n sabe, si tambi\u00e9n de su <strong>pr\u00e1cticamente cerrado fichaje por el Bar\u00e7a.<\/strong><\/p>\n","protected":false},"excerpt":{"rendered":"Malas -quiz\u00e1s, muy malas- noticias, de cara al futuro pr\u00f3ximo, para el Bar\u00e7a de balonmano.\u00a0 Janus Smarason (30&hellip;\n","protected":false},"author":2,"featured_media":146004,"comment_status":"","ping_status":"","sticky":false,"template":"","format":"standard","meta":{"footnotes":""},"categories":[278],"tags":[376,168,25,24,375,23,167],"class_list":{"0":"post-146003","1":"post","2":"type-post","3":"status-publish","4":"format-standard","5":"has-post-thumbnail","7":"category-balonmano","8":"tag-balonmano","9":"tag-deportes","10":"tag-es","11":"tag-espana","12":"tag-handball","13":"tag-spain","14":"tag-sports"},"share_on_mastodon":{"url":"","error":""},"_links":{"self":[{"href":"https:\/\/www.europesays.com\/es\/wp-json\/wp\/v2\/posts\/146003","targetHints":{"allow":["GET"]}}],"collection":[{"href":"https:\/\/www.europesays.com\/es\/wp-json\/wp\/v2\/posts"}],"about":[{"href":"https:\/\/www.europesays.com\/es\/wp-json\/wp\/v2\/types\/post"}],"author":[{"embeddable":true,"href":"https:\/\/www.europesays.com\/es\/wp-json\/wp\/v2\/users\/2"}],"replies":[{"embeddable":true,"href":"https:\/\/www.europesays.com\/es\/wp-json\/wp\/v2\/comments?post=146003"}],"version-history":[{"count":0,"href":"https:\/\/www.europesays.com\/es\/wp-json\/wp\/v2\/posts\/146003\/revisions"}],"wp:featuredmedia":[{"embeddable":true,"href":"https:\/\/www.europesays.com\/es\/wp-json\/wp\/v2\/media\/146004"}],"wp:attachment":[{"href":"https:\/\/www.europesays.com\/es\/wp-json\/wp\/v2\/media?parent=146003"}],"wp:term":[{"taxonomy":"category","embeddable":true,"href":"https:\/\/www.europesays.com\/es\/wp-json\/wp\/v2\/categories?post=146003"},{"taxonomy":"post_tag","embeddable":true,"href":"https:\/\/www.europesays.com\/es\/wp-json\/wp\/v2\/tags?post=146003"}],"curies":[{"name":"wp","href":"https:\/\/api.w.org\/{rel}","templated":true}]}}