{"id":146021,"date":"2025-09-29T08:33:13","date_gmt":"2025-09-29T08:33:13","guid":{"rendered":"https:\/\/www.europesays.com\/es\/146021\/"},"modified":"2025-09-29T08:33:13","modified_gmt":"2025-09-29T08:33:13","slug":"el-extremeno-que-conquista-las-galerias-internacionales-de-arte","status":"publish","type":"post","link":"https:\/\/www.europesays.com\/es\/146021\/","title":{"rendered":"el extreme\u00f1o que conquista las galer\u00edas internacionales de arte"},"content":{"rendered":"<p class=\"ft-text ft-helper-closenews\">Constancia, determinaci\u00f3n y enfocar hacia lo relevante, son ingredientes que hacen que una persona se convierta en una fuerza de la naturaleza. Todos esos elementos los posee <a class=\"ft-link ft-link--decoration\" href=\"https:\/\/www.instagram.com\/jaimeurdiales.art\/?hl=es\" rel=\"nofollow noopener\" target=\"_blank\"><strong>Jaime Urdiales<\/strong><\/a><strong>.<\/strong><\/p>\n<p class=\"ft-text\"><strong>Nacido en 1994 en <\/strong><a class=\"ft-link ft-link--decoration\" href=\"https:\/\/www.losardelavera.es\/\" target=\"_blank\" rel=\"nofollow noopener\"><strong>Losar de la Vera<\/strong><\/a><strong> (C\u00e1ceres),<\/strong> ya no es solo una promesa internacional del <strong>arte pl\u00e1stico de <\/strong><a class=\"ft-link ft-link--decoration\" href=\"https:\/\/www.elperiodicoextremadura.com\/tendencias21\/2025\/03\/13\/arcomadrid-2025-arte-brujula-frente-115247301.html\" target=\"_blank\" rel=\"nofollow noopener\"><strong>vanguardia<\/strong><\/a><strong>:<\/strong> es una realidad. Este joven artista ha conquistado medio mundo y contin\u00faa avanzando como un cometa, dejando tras de s\u00ed una estela que merece la pena observar.<\/p>\n<p class=\"ft-text\">Opinar que sus obras son na\u00edf es caer en la trampa de juzgar sin conocer. No hay ingenuidad en sus trabajos, sino<strong> madurez y conciencia de d\u00f3nde est\u00e1 y hacia d\u00f3nde se dirige. <\/strong>Si desea conocerle con mayor profundidad, \u00e9l se presenta en cada obra: mire y escuche lo que tiene que contar. <strong>Su iron\u00eda y humor revelan la genialidad que se esconde tras cada pincelada.<\/strong> Recursos que difuminan y restan seriedad a la nostalgia.<\/p>\n<p class=\"ft-text\">\u00abAunque estudi\u00e9 Bellas Artes en la Universidad Rey Juan Carlos de Madrid, <strong>mi aut\u00e9ntica formaci\u00f3n ha sido a trav\u00e9s del encuentro con otros artistas<\/strong>. Aprender c\u00f3mo se vende un \u00f3leo, c\u00f3mo se negocia en una galer\u00eda. Mi carrera fue algo desmotivadora, toda la creaci\u00f3n iba muy enfocada al dise\u00f1o gr\u00e1fico, redes sociales, muy encasillado\u2026 <strong>Yo ten\u00eda claro mi sue\u00f1o, ser pintor y morir pintando<\/strong>\u00bb, cuenta Jaime.<\/p>\n<p><img decoding=\"async\" src=\"https:\/\/www.europesays.com\/es\/wp-content\/uploads\/2025\/09\/6a3448ba-b5d4-4f7a-a1e0-358d12b2595e_alta-libre-aspect-ratio_default_0.jpg\" width=\"1200\" height=\"1600\" alt=\"Jaime Urdiales ha trabajado en nuevas creaciones en la residencia Atma Art House (Budapest).\" class=\"ft-helper-img-rd\" loading=\"lazy\" hasdataaida=\"true\"\/><\/p>\n<p class=\"ft-helper-fontColor-quaternary ft-helper-fontSize-body-S ft-helper-spacer-t-xxs\">Jaime Urdiales ha trabajado en nuevas creaciones en la residencia Atma Art House (Budapest).  \/ CEDIDA<\/p>\n<p class=\"ft-text\">Con apenas 31 a\u00f1os, ya ha conquistado importantes galer\u00edas de arte internacionales, como <strong>Guy Hepner Gallery<\/strong> en Nueva York, con sus colecciones <strong>\u2018How to become an artist\u2019 <\/strong>e <strong>\u2018Interstate 88\u2019<\/strong>; <strong>\u2018Walt Disney is dead\u2019, \u2018David Hockney Not\u2019, <\/strong>en la<strong> Galer\u00eda Volery<\/strong> en Dub\u00e1i; o <strong>\u2018Hidden scenarios\u2019, <\/strong>en Estampa Art Fair con <strong>Galer\u00eda Ponce + Robles<\/strong> en Madrid, entre otras. Todo ello en el breve periodo comprendido entre 2023 y 2024. Logr\u00f3 un \u00e9xito evidente <strong>y brill\u00f3 con luz propia en ARCO,<\/strong> la Feria Internacional de Arte Contempor\u00e1neo en Espa\u00f1a \u2014icono del circuito internacional\u2014 celebrada en Madrid: en 2024, con <strong>\u2018De paso\u2019<\/strong>, y en 2025, con <strong>\u2018Liquid modernity\u2019.<\/strong><\/p>\n<p class=\"ft-text\">\u00abInspirado en ciudades como Los \u00c1ngeles, Las Vegas o Nueva York, la idea que refleja la colecci\u00f3n, a trav\u00e9s de p\u00f3steres publicitarios, se\u00f1ales de ne\u00f3n y objetos de consumo, <strong>es la simbolog\u00eda de la seducci\u00f3n del capitalismo contempor\u00e1neo.<\/strong> Construyen necesidades, promesas de una felicidad ef\u00edmera e irreal\u00bb,\u00a0explica Urdiales sobre esta \u00faltima exposici\u00f3n en ARCO 2025.<\/p>\n<p class=\"ft-text\"><strong>El artista se rebela contra el excesivo consumismo, la sobre estimulaci\u00f3n y la superficialidad del momento en que vivimos,<\/strong> y lo hace a trav\u00e9s de sus pinturas. Sus obras invitan a detenerse un instante y, simplemente, a apreciar.<\/p>\n<p class=\"ft-text\">Vuela alto, pero mantiene los pies en la tierra. Reconoce que perder la verg\u00fcenza y preguntar a expertos y artistas veteranos \u2014con la inocencia de un ni\u00f1o peque\u00f1o\u2014 siempre le ha sido de gran ayuda en el mundo del arte. Regido por la curiosidad,<strong> encuentra vida incluso en los lugares m\u00e1s \u00e1ridos, como demuestra en sus obras, haciendo de lo ordinario algo excepcional. <\/strong>Cuenta con el apoyo incondicional de su hermano, quien, adem\u00e1s de ser su representante, es \u00abmi gu\u00eda y mi luz\u00bb, seg\u00fan expresa el propio Jaime Urdiales.<\/p>\n<p>Las extraordinarias escenas comunes<\/p>\n<p class=\"ft-text\">\u00abDeseo que mis obras hagan despegarse por un momento a la gente del m\u00f3vil, que puedan apreciar escenas comunes que est\u00e1n condenadas a desaparecer, como una vieja tienda de barrio. Se\u00f1alo la falta de sensibilidad por el entorno. Muestro la publicidad heredada de la cultura de masas como carteles, letreros y luces de ne\u00f3n en contraposici\u00f3n a un comercio digitalizado y deshumanizado de venta \u2018on line\u2019\u00bb,\u00a0explica Jaime.<\/p>\n<p class=\"ft-text\">En 2024 expuso la colecci\u00f3n<strong> \u2018The moon set toosoon\u2019<\/strong> con<strong> G\u00e4rna Art Gallery<\/strong> y <strong>Better go south Bel\u00edn<\/strong>, en Madrid. Escenas fugaces revelan el amor y el conflicto de las relaciones humanas, ocultos tras esas luces de ne\u00f3n que intentan despistar. Escenarios auspiciados por la noche, aquello que ocurre cuando nadie nos ve. <strong>\u00abCuando el resto del mundo duerme, dejo de recibir mensajes o llamadas. Cuando el reloj marca la medianoche, me hago due\u00f1o de mi tiempo y convierto ese momento en un instante propio y \u00fanico para crear\u00bb<\/strong>,\u00a0confiesa Urdiales.<\/p>\n<blockquote class=\"ft-mol-quote\" data-aida-quote=\"\"><p>Deseo que mis obras hagan despegarse por un momento a la gente del m\u00f3vil, que puedan apreciar escenas comunes que est\u00e1n condenadas a desaparecer, como una vieja tienda de barrio<\/p><\/blockquote>\n<p class=\"ft-text\">Desde finales de julio hasta mediados de septiembre, la <strong>Galer\u00eda In-Between Ibiza <\/strong>ha presentado<strong> \u2018Made in Spain\u2019<\/strong>, una exposici\u00f3n de obras de artistas contempor\u00e1neos espa\u00f1oles que exploran la identidad nacional desde perspectivas muy diversas y atrevidas. Jaime Urdiales forma parte del elenco.<strong> \u00abEsta colecci\u00f3n es, a la vez, una pr\u00e1ctica de observaci\u00f3n y un acto de nostalgia, no del pasado, pero de lo que queda por el momento. Escenarios que hablan de un tiempo y una memoria\u00bb<\/strong>, explica el artista.<\/p>\n<p>El hogar de la creaci\u00f3n<\/p>\n<p class=\"ft-text\">A lo largo del mes de agosto, ha trabajado en nuevas creaciones en <strong>la residencia Atma Art House, en Budapest (Hungr\u00eda). <\/strong>Esta casa fue el lugar donde vivi\u00f3 Ildi Guba, su fundadora, rodeada de artistas, m\u00fasicos y pensadores desde su m\u00e1s tierna infancia. Se trata de <strong>un espacio \u00edntimo, aut\u00e9ntico y creativo<\/strong> que promueve el intercambio art\u00edstico.<\/p>\n<p class=\"ft-text\">\u00abEsta experiencia me ha dado la oportunidad de sumergirme y conocer con mayor profundidad una vieja gloria de Occidente: Budapest. He podido crear en un espacio \u00edntimo y respirar la cultura que emana de cada habitaci\u00f3n de esa casa\u00bb. As\u00ed, \u00abcon el \u00f3leo titulado \u2018Lucky You\u2019 deseo devolver la vida a objetos olvidados que coleccionaron nuestros padres y abuelos, <strong>tesoros perdidos en mercadillos de segunda mano que rescato y represento a gran escala para restituirles la dignidad que merecen<\/strong>. Actualmente, la artesan\u00eda manual se ve marginada por objetos de producci\u00f3n en masa de usar y tirar\u00bb, cuenta Urdiales.<\/p>\n<p><img decoding=\"async\" src=\"https:\/\/www.europesays.com\/es\/wp-content\/uploads\/2025\/09\/edbc295a-1331-4aa8-b780-28160e20ecf2_alta-libre-aspect-ratio_default_0.jpg\" width=\"1200\" height=\"1600\" alt=\"La creatividad de este pintor losare\u00f1o es continua.\" class=\"ft-helper-img-rd\" loading=\"lazy\" hasdataaida=\"true\"\/><\/p>\n<p class=\"ft-helper-fontColor-quaternary ft-helper-fontSize-body-S ft-helper-spacer-t-xxs\">La creatividad de este pintor losare\u00f1o es continua.  \/ CEDIDA<\/p>\n<p class=\"ft-text\">En el cuadro hay siete elefantes escondidos,<strong> una propuesta para captar la atenci\u00f3n de los m\u00e1s j\u00f3venes con quien desea conectar<\/strong>. Invita a encontrarlos, frenar la veloz y feroz estimulaci\u00f3n continua, detenerse y dedicar un tiempo a descubrir un tesoro: un instante de serenidad.<\/p>\n<p class=\"ft-text\">\u00abComo pintor,<strong> salir de la zona de confort me ayuda a crecer.<\/strong> Mis viajes y estancias en residencias enriquecen mi curr\u00edculum como artista. Cuento con un equipo que me acompa\u00f1a. <strong>Me inspira trabajar en grupo, dar y recibir, ayudar a otros artistas locales que est\u00e1n empezando a despegar<\/strong>\u00bb, comenta Urdiales.<\/p>\n<p class=\"ft-text\">Con estudio en el barrio de Carabanchel (Madrid) y Losar de la Vera (C\u00e1ceres), Jaime Urdiales tiene puesta la mirada \u2014y el lienzo\u2014 en objetivos claros: seguir aprendiendo, mejorar la calidad de su trabajo, crecer como persona y como pintor, y dejar una impronta en cada uno de nosotros. Un legado que perdure en esta era en la que comienza a predominar, tristemente, el consumo de usar y tirar.<\/p>\n<p class=\"ft-text\">Si el cometa Jaime Urdiales pasa alg\u00fan d\u00eda cerca de usted,\u00a0no lo dude, siga su brillante estela.<\/p>\n<p data-close=\"closedContent\" class=\"subscribeHideForDisplay\">Suscr\u00edbete para seguir leyendo<\/p>\n<p><script async src=\"\/\/www.instagram.com\/embed.js\"><\/script><\/p>\n","protected":false},"excerpt":{"rendered":"Constancia, determinaci\u00f3n y enfocar hacia lo relevante, son ingredientes que hacen que una persona se convierta en una&hellip;\n","protected":false},"author":2,"featured_media":146022,"comment_status":"","ping_status":"","sticky":false,"template":"","format":"standard","meta":{"footnotes":""},"categories":[173],"tags":[229,233,231,230,3972,209,232,234,6802,146,147,25,24,7234,13074,205,795,5480,23,5867],"class_list":{"0":"post-146021","1":"post","2":"type-post","3":"status-publish","4":"format-standard","5":"has-post-thumbnail","7":"category-arte-y-diseno","8":"tag-arte","9":"tag-arte-y-diseno","10":"tag-arts","11":"tag-arts-and-design","12":"tag-conquista","13":"tag-cultura","14":"tag-design","15":"tag-diseno","16":"tag-dubai","17":"tag-entertainment","18":"tag-entretenimiento","19":"tag-es","20":"tag-espana","21":"tag-extremadura","22":"tag-extremeno","23":"tag-madrid","24":"tag-nueva","25":"tag-pinturas","26":"tag-spain","27":"tag-york"},"share_on_mastodon":{"url":"","error":""},"_links":{"self":[{"href":"https:\/\/www.europesays.com\/es\/wp-json\/wp\/v2\/posts\/146021","targetHints":{"allow":["GET"]}}],"collection":[{"href":"https:\/\/www.europesays.com\/es\/wp-json\/wp\/v2\/posts"}],"about":[{"href":"https:\/\/www.europesays.com\/es\/wp-json\/wp\/v2\/types\/post"}],"author":[{"embeddable":true,"href":"https:\/\/www.europesays.com\/es\/wp-json\/wp\/v2\/users\/2"}],"replies":[{"embeddable":true,"href":"https:\/\/www.europesays.com\/es\/wp-json\/wp\/v2\/comments?post=146021"}],"version-history":[{"count":0,"href":"https:\/\/www.europesays.com\/es\/wp-json\/wp\/v2\/posts\/146021\/revisions"}],"wp:featuredmedia":[{"embeddable":true,"href":"https:\/\/www.europesays.com\/es\/wp-json\/wp\/v2\/media\/146022"}],"wp:attachment":[{"href":"https:\/\/www.europesays.com\/es\/wp-json\/wp\/v2\/media?parent=146021"}],"wp:term":[{"taxonomy":"category","embeddable":true,"href":"https:\/\/www.europesays.com\/es\/wp-json\/wp\/v2\/categories?post=146021"},{"taxonomy":"post_tag","embeddable":true,"href":"https:\/\/www.europesays.com\/es\/wp-json\/wp\/v2\/tags?post=146021"}],"curies":[{"name":"wp","href":"https:\/\/api.w.org\/{rel}","templated":true}]}}