{"id":146023,"date":"2025-09-29T08:34:15","date_gmt":"2025-09-29T08:34:15","guid":{"rendered":"https:\/\/www.europesays.com\/es\/146023\/"},"modified":"2025-09-29T08:34:15","modified_gmt":"2025-09-29T08:34:15","slug":"gala-cano-presenta-el-circo-de-las-lamentaciones-en-el-cafe-macondo-de-puertollano","status":"publish","type":"post","link":"https:\/\/www.europesays.com\/es\/146023\/","title":{"rendered":"Gala Cano presenta &#8216;El circo de las lamentaciones&#8217; en el Caf\u00e9 &#8216;Macondo&#8217; de Puertollano"},"content":{"rendered":"<p>El pasado viernes &#8216;Macondo Caf\u00e9 Cultural&#8217; de Puertollano fue escenario de la presentaci\u00f3n de la obra de narrativa &#8216;El circo de las lamentaciones&#8217;, segunda parte de la bilog\u00eda que se inici\u00f3 con la obra titulada &#8216;La sibila roman\u00ed&#8217;.<\/p>\n<p>El libro ha sido publicado recientemente por la editorial &#8216;C\u00edrculo Rojo&#8217; y ha sido presentado en Almod\u00f3var del Campo y Argamasilla de Calatrava con una gran acogida de p\u00fablico y cr\u00edtica.<\/p>\n<p>Seg\u00fan la cr\u00f3nica de su autora, Gala Cano:<\/p>\n<p>Macondo Caf\u00e9 Cultural vive una tarde literaria y musical con Gala Cano.<\/p>\n<p>El pasado viernes 26 de septiembre, Macondo Caf\u00e9 Cultural de Puertollano se convirti\u00f3 en es escenario de una velada \u00edntima donde la literatura y la m\u00fasica se entrelazaron. La escritora Gala Cano present\u00f3 su segunda novela \u00abEl circo de las lamentaciones\u00bb, con la que pone punto y final a la bilog\u00eda iniciada con \u00abLa sibila roman\u00ed\u00bb<\/p>\n<p>Acompa\u00f1ada al piano por Mar\u00eda del Carmen Guti\u00e9rrez, Cano ofreci\u00f3 una presentaci\u00f3n marcada por la complicidad y la sensibilidad art\u00edstica. Mientras la autora comentaba su obra y le\u00eda breves fragmentos, Mar\u00eda del Carmen interpretaba piezas cuidadosamente elegidas para dialogar con los pasajes literarios.<\/p>\n<p>La velada comenz\u00f3 con dos tangos argentinos -uno de Astor Piazzolla y \u00abadios muchachos\u00bb de Carlos Gardel- en alusi\u00f3n al escenario donde transcurre la novela.<\/p>\n<p>El acto culmin\u00f3 con un poderoso mensaje de Gala Cano \u00abnuestro cielo ser\u00e1 el momento m\u00e1s maravilloso que hayamos vivido\u00bb, invitando al p\u00fablico a sumergirse en sus mundos on\u00edricos y cielos deseados. Como cierre musical Mar\u00eda del Carmen interpret\u00f3 \u00abla danza del fuego\u00bb de Manuel de Falla, poniendo un broche vibrante a la tarde.<\/p>\n<p>La autora agradeci\u00f3 a Soledad y Virgilio de Macondo Caf\u00e9 Cultural, un lugar que seg\u00fan sus palabras \u00abacoge a toda clase de manifestaciones art\u00edsticas y donde se siente plenamente apoyada\u00bb<\/p>\n<p>La presentaci\u00f3n dej\u00f3 patente la fuerza de la cultura local y la capacidad de los libros para reunir y emocionar.<\/p>\n<p><img loading=\"lazy\" decoding=\"async\" width=\"336\" height=\"720\" alt=\"\" src=\"https:\/\/www.europesays.com\/es\/wp-content\/uploads\/2025\/09\/2025092823524496457.jpg\" class=\"lazyload\"\/><\/p>\n<p><img loading=\"lazy\" decoding=\"async\" width=\"332\" height=\"720\" alt=\"\" src=\"https:\/\/www.europesays.com\/es\/wp-content\/uploads\/2025\/09\/2025092823530175875.jpg\" class=\"lazyload\"\/><\/p>\n<p>\u00a0<\/p>\n","protected":false},"excerpt":{"rendered":"El pasado viernes &#8216;Macondo Caf\u00e9 Cultural&#8217; de Puertollano fue escenario de la presentaci\u00f3n de la obra de narrativa&hellip;\n","protected":false},"author":2,"featured_media":146024,"comment_status":"","ping_status":"","sticky":false,"template":"","format":"standard","meta":{"footnotes":""},"categories":[172],"tags":[224,44920,209,146,147,25,24,44921,225,671,8594,23],"class_list":{"0":"post-146023","1":"post","2":"type-post","3":"status-publish","4":"format-standard","5":"has-post-thumbnail","7":"category-libros","8":"tag-books","9":"tag-cafe-macondo","10":"tag-cultura","11":"tag-entertainment","12":"tag-entretenimiento","13":"tag-es","14":"tag-espana","15":"tag-gala-cano","16":"tag-libros","17":"tag-literatura","18":"tag-presentacion-libro","19":"tag-spain"},"share_on_mastodon":{"url":"","error":""},"_links":{"self":[{"href":"https:\/\/www.europesays.com\/es\/wp-json\/wp\/v2\/posts\/146023","targetHints":{"allow":["GET"]}}],"collection":[{"href":"https:\/\/www.europesays.com\/es\/wp-json\/wp\/v2\/posts"}],"about":[{"href":"https:\/\/www.europesays.com\/es\/wp-json\/wp\/v2\/types\/post"}],"author":[{"embeddable":true,"href":"https:\/\/www.europesays.com\/es\/wp-json\/wp\/v2\/users\/2"}],"replies":[{"embeddable":true,"href":"https:\/\/www.europesays.com\/es\/wp-json\/wp\/v2\/comments?post=146023"}],"version-history":[{"count":0,"href":"https:\/\/www.europesays.com\/es\/wp-json\/wp\/v2\/posts\/146023\/revisions"}],"wp:featuredmedia":[{"embeddable":true,"href":"https:\/\/www.europesays.com\/es\/wp-json\/wp\/v2\/media\/146024"}],"wp:attachment":[{"href":"https:\/\/www.europesays.com\/es\/wp-json\/wp\/v2\/media?parent=146023"}],"wp:term":[{"taxonomy":"category","embeddable":true,"href":"https:\/\/www.europesays.com\/es\/wp-json\/wp\/v2\/categories?post=146023"},{"taxonomy":"post_tag","embeddable":true,"href":"https:\/\/www.europesays.com\/es\/wp-json\/wp\/v2\/tags?post=146023"}],"curies":[{"name":"wp","href":"https:\/\/api.w.org\/{rel}","templated":true}]}}