{"id":146025,"date":"2025-09-29T08:35:09","date_gmt":"2025-09-29T08:35:09","guid":{"rendered":"https:\/\/www.europesays.com\/es\/146025\/"},"modified":"2025-09-29T08:35:09","modified_gmt":"2025-09-29T08:35:09","slug":"ana-rosa-quintana-habla-alto-y-claro-para-sentenciar-con-una-rotunda-palabra-el-planton-de-begona-gomez-al-juez","status":"publish","type":"post","link":"https:\/\/www.europesays.com\/es\/146025\/","title":{"rendered":"Ana Rosa Quintana habla alto y claro para sentenciar con una rotunda palabra el &#8216;plant\u00f3n&#8217; de Bego\u00f1a G\u00f3mez al juez"},"content":{"rendered":"<p><img decoding=\"async\" class=\"voc-author__img\" src=\"https:\/\/www.europesays.com\/es\/wp-content\/uploads\/2025\/09\/autor-5261-foto-4.png\" alt=\"Mari Carmen Parra\"\/><\/p>\n<p class=\"voc-p\" style=\"\">El &#8216;plant\u00f3n&#8217; de<strong> Bego\u00f1a G\u00f3mez<\/strong>, mujer de Pedro S\u00e1nchez, al juez Peinado este s\u00e1bado ha sido sin duda una de las noticias del fin de semana. As\u00ed que, era de esperar que <strong>Ana Rosa Quintana<\/strong> se pronunciase sobre este hecho en &#8216;<a href=\"https:\/\/www.abc.es\/noticias\/el-programa-de-ana-rosa\/\" target=\"_self\" data-voc-vtm-id=\"in-text-traffic\" title=\"El programa de Ana Rosa\" data-mrf-link=\"www.abc.es\" rel=\"nofollow noopener\">El programa de Ana Rosa<\/a>&#8216; (Telecinco) y, evidentemente, as\u00ed ha sido. La presentadora del matinal de la cadena de Mediaset no ha tardado mucho en &#8216;mojarse&#8217; y ha sido en su editorial donde le ha dirigido unas palabras a la mujer del presidente del Gobierno.<\/p>\n<p class=\"voc-p\" style=\"\">\u00abBienvenidos a la mayor\u00eda de la Espa\u00f1a progresista\u00bb, comenzaba diciendo <strong>Ana Rosa Quintana<\/strong> ante las c\u00e1maras de &#8216;<a href=\"https:\/\/www.abc.es\/play\/television\/noticias\/ana-rosa-deja-sanchez-tocado-hundido-camela-20250926103108-nt.html\" target=\"_self\" data-voc-vtm-id=\"in-text-traffic\" title=\"El programa de Ana Rosa\" data-mrf-link=\"www.abc.es\" rel=\"nofollow noopener\">El programa de Ana Rosa<\/a>&#8216;. \u00abCuando S\u00e1nchez perdi\u00f3 las elecciones prometi\u00f3 un Gobierno de mayor\u00eda progresista con sus socios de legislatura con los que va cumpliendo esos hitos progresistas. Uno de esos hitos se cumple ma\u00f1ana, 30 de septiembre, \u00faltimo d\u00eda para presentar los presupuestos generales del Estado. El Gobierno incumplir\u00e1 ma\u00f1ana por tercer a\u00f1o consecutivo la obligaci\u00f3n de presentar el presupuesto en el plazo previsto en el art\u00edculo 134 de la Constituci\u00f3n. Todo un hito progresista\u00bb, manifestaba la presentadora del matinal que iba enumerando uno a uno los &#8216;logros&#8217; conseguidos por <strong>Pedro S\u00e1nchez<\/strong>, como tambi\u00e9n se refer\u00eda a sus socios de Gobierno. <\/p>\n<p>\nAna Rosa Quintana se acuerda de la mujer de S\u00e1nchez\n<\/p>\n<p class=\"voc-p\" style=\"\">\u00abEl secretario general de Junts, Jordi Turull, ha pasado del Espa\u00f1a nos roba, al Andaluc\u00eda nos roba cuando asegura que Catalu\u00f1a &#8216;subvenciona el gimnasio y el perro&#8217; de los andaluces con &#8216;el dinero de los catalanes&#8217;. Como si las deducciones fiscales salieran de la quita de la deuda a Catalu\u00f1a. Un socio del Gobierno de lo m\u00e1s progresista que califica las deducciones fiscales como robo mientras imponen que se hable en catal\u00e1n en las empresas andaluzas de m\u00e1s de 2450 trabajadores. Mar\u00eda Jes\u00fas Montero dice que no va a consentir que Junts diga este tipo de cosas, pero gobiernan gracias a sus 7 votos. En en 2020 Illa dec\u00eda: &#8216;El camino de la amnist\u00eda no es el camino correcto, porque no tiene encaje constitucional&#8217;. Ahora dice: &#8216;No habr\u00e1 normalidad hasta que la ley de amnist\u00eda sea efectiva&#8217;. Una cosa y la contraria. \u00bfQu\u00e9 Illa eres hoy?\u00bb recordaba <strong>Ana Rosa Quintana<\/strong> que entraba en el final de su editorial de &#8216;<a href=\"https:\/\/www.abc.es\/play\/television\/noticias\/programa-ana-rosa-obligado-disculparse-tras-garrafal-20250925120850-nt.html\" target=\"_self\" data-voc-vtm-id=\"in-text-traffic\" title=\"El programa de Ana Rosa\" data-mrf-link=\"www.abc.es\" rel=\"nofollow noopener\">El programa de Ana Rosa<\/a>&#8216; acord\u00e1ndose de la <strong>mujer de Pedro S\u00e1nchez<\/strong>.<\/p>\n<p class=\"voc-p\" style=\"\">\u00abOtro hito de la mayor\u00eda progresista es que la fiscal\u00eda pida que se archive la investigaci\u00f3n por presunta malversaci\u00f3n de <strong>Bego\u00f1a G\u00f3mez<\/strong>, que este s\u00e1bado le ha hecho &#8216;ghostin&#8217; al juez Peinado\u00bb, se\u00f1alaba rotunda la presentadora de &#8216;<a href=\"https:\/\/www.abc.es\/play\/television\/noticias\/mujer-maltratada-dice-ministra-piensan-fallo-pulseras-20250924121638-nt.html\" target=\"_self\" data-voc-vtm-id=\"in-text-traffic\" title=\"El programa de Ana Rosa\" data-mrf-link=\"www.abc.es\" rel=\"nofollow noopener\">El programa de Ana Rosa<\/a>&#8216; sobre el plant\u00f3n de la esposa del presidente del Gobierno al juez Peinado. \u00abOtro hito de esta mayor\u00eda progresista es tener un ministro de Twitter. \u00d3scar Puente se dedica a hacer chistes con la Dana cuando se cumple un a\u00f1o de la tragedia. El Gobierno a\u00fan no ha pagado las ayudas al 84% de las familias que las solicitaron y el ministro se troncha en las redes. 34.177 familias siguen esperando una respuesta del Gobierno. Bienvenidos a la Espa\u00f1a de la mayor\u00eda progresista\u00bb, conclu\u00eda <strong>Ana Rosa Quintana <\/strong>ante las c\u00e1maras del matinal.<\/p>\n<p>Reportar un error<\/p>\n","protected":false},"excerpt":{"rendered":"El &#8216;plant\u00f3n&#8217; de Bego\u00f1a G\u00f3mez, mujer de Pedro S\u00e1nchez, al juez Peinado este s\u00e1bado ha sido sin duda&hellip;\n","protected":false},"author":2,"featured_media":146026,"comment_status":"","ping_status":"","sticky":false,"template":"","format":"standard","meta":{"footnotes":""},"categories":[171],"tags":[3196,683,7421,7807,146,147,25,24,4190,4596,6055,1664,3128,44923,27011,2465,44922,23,214],"class_list":{"0":"post-146025","1":"post","2":"type-post","3":"status-publish","4":"format-standard","5":"has-post-thumbnail","7":"category-tv","8":"tag-alto","9":"tag-ana","10":"tag-begona","11":"tag-claro","12":"tag-entertainment","13":"tag-entretenimiento","14":"tag-es","15":"tag-espana","16":"tag-gomez","17":"tag-habla","18":"tag-inesperada","19":"tag-juez","20":"tag-palabra","21":"tag-planton","22":"tag-quintana","23":"tag-rosa","24":"tag-sentenciar","25":"tag-spain","26":"tag-tv"},"share_on_mastodon":{"url":"","error":""},"_links":{"self":[{"href":"https:\/\/www.europesays.com\/es\/wp-json\/wp\/v2\/posts\/146025","targetHints":{"allow":["GET"]}}],"collection":[{"href":"https:\/\/www.europesays.com\/es\/wp-json\/wp\/v2\/posts"}],"about":[{"href":"https:\/\/www.europesays.com\/es\/wp-json\/wp\/v2\/types\/post"}],"author":[{"embeddable":true,"href":"https:\/\/www.europesays.com\/es\/wp-json\/wp\/v2\/users\/2"}],"replies":[{"embeddable":true,"href":"https:\/\/www.europesays.com\/es\/wp-json\/wp\/v2\/comments?post=146025"}],"version-history":[{"count":0,"href":"https:\/\/www.europesays.com\/es\/wp-json\/wp\/v2\/posts\/146025\/revisions"}],"wp:featuredmedia":[{"embeddable":true,"href":"https:\/\/www.europesays.com\/es\/wp-json\/wp\/v2\/media\/146026"}],"wp:attachment":[{"href":"https:\/\/www.europesays.com\/es\/wp-json\/wp\/v2\/media?parent=146025"}],"wp:term":[{"taxonomy":"category","embeddable":true,"href":"https:\/\/www.europesays.com\/es\/wp-json\/wp\/v2\/categories?post=146025"},{"taxonomy":"post_tag","embeddable":true,"href":"https:\/\/www.europesays.com\/es\/wp-json\/wp\/v2\/tags?post=146025"}],"curies":[{"name":"wp","href":"https:\/\/api.w.org\/{rel}","templated":true}]}}