{"id":146029,"date":"2025-09-29T08:38:07","date_gmt":"2025-09-29T08:38:07","guid":{"rendered":"https:\/\/www.europesays.com\/es\/146029\/"},"modified":"2025-09-29T08:38:07","modified_gmt":"2025-09-29T08:38:07","slug":"alcaraz-ruud-horario-y-donde-ver-hoy-por-tv-el-atp-500-de-tokio-el-mundo","status":"publish","type":"post","link":"https:\/\/www.europesays.com\/es\/146029\/","title":{"rendered":"Alcaraz &#8211; Ruud: horario y d\u00f3nde ver hoy por TV el ATP 500 de Tokio &#8211; El Mundo"},"content":{"rendered":"<ol>\n<li><a href=\"https:\/\/news.google.com\/rss\/articles\/CBMid0FVX3lxTE5tclJaZFZ0QTdkNnRHZ3Q5ODZQUFlFMmFCOHJWVzg1Rnc1R2QzUHFua1J3a2pVZ0FDYVdNMWlyRjdaYi1yc09jdkxESmJ5N3BzczJ6b2FxaW4xOTQ0V1BRUUgzMm95b2dJYmtmYjVlRkx2ODdDaFRv0gF3QVVfeXFMT0czVlFGR29WaGlMQUlPMUxJbWowZDFRVkNpUUx3YmZKZXlEeVQzbU4zQmhkbnZwUm1xOXhBY0JVa3RRZmdsTHU4aUN2b0ZWX0RLeFBDSFlPSlZ1SzZNRkpzMktEdnVtOTBIMmg5ZkdlQ2pQVWtYSjg?oc=5\" target=\"_blank\" rel=\"nofollow noopener\">Alcaraz &#8211; Ruud: horario y d\u00f3nde ver hoy por TV el ATP 500 de Tokio<\/a>&nbsp;&nbsp;El Mundo<\/li>\n<li><a href=\"https:\/\/news.google.com\/rss\/articles\/CBMingFBVV95cUxNeHZ3Ti1TOWNsb1B1aFBrOElIczRVTk9SeGZOZFItTlhTbFU4dzBPMW1LNXBDSTdtbG5XenlPbHdQd0w5RGJjN25zWEdoRjRLMUdqdGZRV0EyV0VmQmxUNmRiZE54XzZ2NEk3UjdUYXVod3YwZzJTYWhPUHlpX0RKZFlEdjJzYkZvc1R4MUprd09pMHUtTzdQX3BmVG5fZ9IBowFBVV95cUxPRUQxZ2twUVZPZklKTmd3TXJrR283SE9XRFVsaTh3Y21PdkpJbEVJT0Q1Vm9YaXQxV3JhVE51cVJQTDZOVEZ4VGcwdmMtUlcxMjdsX1pCSElxbkJYTTdBRVZXc1VVMDU0OUhIRHkyX3hEakFqR3lXMENxLVFVcGpjUGI2XzlCRmpUbmg4VTVMbmh2RVk1MHpwdWdBZWJjSUF3dy1r?oc=5\" target=\"_blank\" rel=\"nofollow noopener\">Alcaraz &#8211; Casper Ruud, ATP Tokio 500 hoy: resultado y \u00faltima hora, en directo<\/a>&nbsp;&nbsp;El Confidencial<\/li>\n<li><a href=\"https:\/\/news.google.com\/rss\/articles\/CBMipwFBVV95cUxNaWhLRVU0Nm5CWW4tQnZpNk5xZ1M5RkJKYTZXMmxRUUdXdUxfajA5eXh5VF9idUdTRzhkXzVFYWhBVGRONWh1XzVfYko3OFRnN244eFE4SEs2UnI5VERTMUlWbm91WHJiVW5BNDBxR0hCaFVfWHRyLUVXS25NMXNQQWtzMUJqSVg1VHVBbFphVDJ6VkdNeEw2OEFCOVVqUHpUQzBuUFdmVQ?oc=5\" target=\"_blank\" rel=\"nofollow noopener\">D\u00f3nde ver online y en televisi\u00f3n a Carlos Alcaraz hoy en el Torneo de Tokio y a qu\u00e9 hora juega el partido contra Casper Ruud<\/a>&nbsp;&nbsp;ABC<\/li>\n<li><a href=\"https:\/\/news.google.com\/rss\/articles\/CBMipAFBVV95cUxNRkUyNmtUZkMwbWlnT2dwdWJ0NV8zZlZNTHVKZXQ1Yk8wQjcwZ2IwWnZqWWExVUhOcXNiQlh0N2R4T0Q3N1NoWnBCMzEwYi1IcVBzbm0ybzRWR25RRXlZb1dPcDNBZzBiYWhqdGtjTkVCcV9CeUE3c2ZtNU1peGNsZW5qMEtRU1N4RjlPQTNQOFV3aEl5c2NjYy1FOTNGTzVWbTNjRNIBpAFBVV95cUxOUWl1SlB6YllMN0ozRUR2Yl9JY3ZiZ3ZTOFJNaUtHa0hvSWlxSzJ6OXhDNEMwZHZqV0RaNXlBdXRTaXRMa0tocUtiSEFreGdVMGtfY1d4ek9FbzNfOWtLWlZ2NzJkRlFsTnlKZmNObXQ0T19aUFFNSi1RcFRBclpPdG1Ia0hHN0xSVk5XeHpKNEJzdDdpQ0NabHF5N3pVSUQ4MVBxbQ?oc=5\" target=\"_blank\" rel=\"nofollow noopener\">Alcaraz encadena nueve semifinales para igualar su techo de victorias<\/a>&nbsp;&nbsp;MARCA<\/li>\n<li><a href=\"https:\/\/news.google.com\/rss\/articles\/CBMi9wFBVV95cUxOcjY2UEM2cXBkV0FkYTdQeWYySThQUEYzdU5yNDF3Y2pBWjkzSWZYRHlNaTE0U0dCRHd2WE5laUhkdi1KeU1tLVUtX2U4Qkk5dGdmV1JMT3B4TmJ4TnNHNVgzN2FLeWVpLUJIcnNRTU5kOVBnUnR4T0JkVkJUV1Q5T1lwMjAtMWtta0l1R2I2UGRGWDA3MFhYd19VN0E3MkwxM1RIaGFZUnM4cmtKNTJkSWlyb2dhajFkdk05RGRucDRRODhmY2Z3MnY0SFA3UGhCVVhtR05oWm9yRFRtUXppVWN6djFyYVpycHVnWVJ0X29DdnlOTUhv0gH3AUFVX3lxTFBpcDVsR3lLVlY4VTR6OTJyN2d4UU01OC1NRFVNRTNzcFp1eTY1b0lvb2NzV3hxaW9kZDVvY1BwQnlkZ2dReDIzLWtjSWVtZWlfa2JaSFJQNEloMVU4aVFCdlNmOGhqalNUUEI0YUxXWG5vUEhnSWhnU1ZGcl9vZkRsMGs0djcwOVliLV9vUDl5ZmdSUm0xM0x1TDVQZ0xLVTlXY2tDeDQ1eVZPWlQ1MDhXLVo0ZllPdjZhakp1cUppNEJBYW9lMHlTTXd5SldmaFlwamg4VUU4V21wcE1BeU83c3lXaHQ5aUNxbnVmdzNSTzVvQ3pqWTQ?oc=5\" target=\"_blank\" rel=\"nofollow noopener\">\u00bfEst\u00e1 Alcaraz en el mejor momento de su carrera?: \u00abSiento que puedo hacer cualquier cosa en la pista\u00bb<\/a>&nbsp;&nbsp;LaSexta<\/li>\n<\/ol>\n","protected":false},"excerpt":{"rendered":"Alcaraz &#8211; Ruud: horario y d\u00f3nde ver hoy por TV el ATP 500 de Tokio&nbsp;&nbsp;El Mundo Alcaraz &#8211;&hellip;\n","protected":false},"author":2,"featured_media":146030,"comment_status":"","ping_status":"","sticky":false,"template":"","format":"standard","meta":{"footnotes":""},"categories":[93],"tags":[545,26558,2170,729,168,25,24,3564,23,167,327],"class_list":{"0":"post-146029","1":"post","2":"type-post","3":"status-publish","4":"format-standard","5":"has-post-thumbnail","7":"category-deportes","8":"tag-carlos-alcaraz","9":"tag-casper-ruud","10":"tag-como","11":"tag-dda","12":"tag-deportes","13":"tag-es","14":"tag-espana","15":"tag-japon","16":"tag-spain","17":"tag-sports","18":"tag-tenis"},"share_on_mastodon":{"url":"","error":""},"_links":{"self":[{"href":"https:\/\/www.europesays.com\/es\/wp-json\/wp\/v2\/posts\/146029","targetHints":{"allow":["GET"]}}],"collection":[{"href":"https:\/\/www.europesays.com\/es\/wp-json\/wp\/v2\/posts"}],"about":[{"href":"https:\/\/www.europesays.com\/es\/wp-json\/wp\/v2\/types\/post"}],"author":[{"embeddable":true,"href":"https:\/\/www.europesays.com\/es\/wp-json\/wp\/v2\/users\/2"}],"replies":[{"embeddable":true,"href":"https:\/\/www.europesays.com\/es\/wp-json\/wp\/v2\/comments?post=146029"}],"version-history":[{"count":0,"href":"https:\/\/www.europesays.com\/es\/wp-json\/wp\/v2\/posts\/146029\/revisions"}],"wp:featuredmedia":[{"embeddable":true,"href":"https:\/\/www.europesays.com\/es\/wp-json\/wp\/v2\/media\/146030"}],"wp:attachment":[{"href":"https:\/\/www.europesays.com\/es\/wp-json\/wp\/v2\/media?parent=146029"}],"wp:term":[{"taxonomy":"category","embeddable":true,"href":"https:\/\/www.europesays.com\/es\/wp-json\/wp\/v2\/categories?post=146029"},{"taxonomy":"post_tag","embeddable":true,"href":"https:\/\/www.europesays.com\/es\/wp-json\/wp\/v2\/tags?post=146029"}],"curies":[{"name":"wp","href":"https:\/\/api.w.org\/{rel}","templated":true}]}}