{"id":146039,"date":"2025-09-29T08:43:08","date_gmt":"2025-09-29T08:43:08","guid":{"rendered":"https:\/\/www.europesays.com\/es\/146039\/"},"modified":"2025-09-29T08:43:08","modified_gmt":"2025-09-29T08:43:08","slug":"el-tifon-bualoi-deja-mas-de-30-muertos-en-vietnam-y-filipinas","status":"publish","type":"post","link":"https:\/\/www.europesays.com\/es\/146039\/","title":{"rendered":"El tif\u00f3n Bualoi deja m\u00e1s de 30 muertos en Vietnam y Filipinas"},"content":{"rendered":"<p>    <img src=\"https:\/\/www.europesays.com\/es\/wp-content\/uploads\/2025\/09\/2025-09-29T083A163A04Z-90084523.jpg\" width=\"1024\" height=\"682\" alt=\"\" loading=\"eager\" decoding=\"sync\" fetchpriority=\"high\"\/><\/p>\n<p>            afp_tickers        <\/p>\n<p>        Este contenido fue publicado en    <\/p>\n<p>        29 septiembre 2025 &#8211; 10:16\n<\/p>\n<p>El paso del tif\u00f3n Bualoi por Filipinas y Vietnam dej\u00f3 al menos 35 muertos, informaron este lunes autoridades de ambos pa\u00edses del sudeste asi\u00e1tico, que decretaron la evacuaci\u00f3n de decenas de miles de personas.<\/p>\n<p>Despu\u00e9s de golpear Filipinas la semana pasada, la tormenta toc\u00f3 tierra el domingo en Vietnam con vientos de 130 km\/h que arrancaron techos y tumbaron postes de red el\u00e9ctrica.<\/p>\n<p>El tif\u00f3n, el d\u00e9cimo en azotar a Vietnam este a\u00f1o, provoc\u00f3 la muerte de al menos once personas y dej\u00f3 una veintena de desaparecidos, reportaron las autoridades de gesti\u00f3n de desastres este lunes.<\/p>\n<p>En Filipinas, donde 400.000 personas fueron evacuadas la semana pasada por la tormenta, un funcionario de defensa civil actualiz\u00f3 este lunes el balance de muertos de 11 a 24 fallecidos.\u00a0<\/p>\n<p>Im\u00e1genes publicadas por AFP en el centro de Vietnam muestran techos met\u00e1licos arrancados de los edificios y calles repletas de objetos regados que salieron volando de las casas.<\/p>\n<p>\u00abEl viento se llev\u00f3 mi techo hacia el cielo y luego cay\u00f3, rompiendo todo\u00bb, dijo Trinh Thi Le, un hombre de 71 a\u00f1os de la provincia central de Quang Tri, al diario oficial Tuoi Tre.<\/p>\n<p>Las autoridades de tres provincias vietnamitas explicaron a AFP que la tormenta da\u00f1\u00f3 y destruy\u00f3 miles de casas y negocios.<\/p>\n<p>M\u00e1s de 53.000 personas fueron evacuadas en el pa\u00eds, seg\u00fan el Ministerio de Medio Ambiente, y las escuelas suspendieron clases en las provincias afectadas.<\/p>\n<p>La autoridad aeron\u00e1utica decret\u00f3 el cierre de cuatro aeropuertos nacionales y la cancelaci\u00f3n o retrasos en m\u00e1s de 180 vuelos.<\/p>\n<p>Despu\u00e9s de tocar tierra en Vietnam, el tif\u00f3n Bualoi se debilit\u00f3 y avanza hacia la vecina Laos.<\/p>\n<p>tmh\/sco\/pbt\/dbh\/an<\/p>\n","protected":false},"excerpt":{"rendered":"afp_tickers Este contenido fue publicado en 29 septiembre 2025 &#8211; 10:16 El paso del tif\u00f3n Bualoi por Filipinas&hellip;\n","protected":false},"author":2,"featured_media":146040,"comment_status":"","ping_status":"","sticky":false,"template":"","format":"standard","meta":{"footnotes":""},"categories":[42],"tags":[17,18,637,638,13,14,11,61,62,63,64,19,20,9,10,15,16,90,12,21,22,15537,65,66,67],"class_list":{"0":"post-146039","1":"post","2":"type-post","3":"status-publish","4":"format-standard","5":"has-post-thumbnail","7":"category-internacional","8":"tag-breaking-news","9":"tag-breakingnews","10":"tag-disaster","11":"tag-disaster-general","12":"tag-featured-news","13":"tag-featurednews","14":"tag-headlines","15":"tag-internacional","16":"tag-international","17":"tag-international-news","18":"tag-internationalnews","19":"tag-latest-news","20":"tag-latestnews","21":"tag-news","22":"tag-noticias","23":"tag-noticias-destacadas","24":"tag-noticiasdestacadas","25":"tag-ticker","26":"tag-titulares","27":"tag-ultimas-noticias","28":"tag-ultimasnoticias","29":"tag-weather","30":"tag-world","31":"tag-world-news","32":"tag-worldnews"},"share_on_mastodon":{"url":"","error":""},"_links":{"self":[{"href":"https:\/\/www.europesays.com\/es\/wp-json\/wp\/v2\/posts\/146039","targetHints":{"allow":["GET"]}}],"collection":[{"href":"https:\/\/www.europesays.com\/es\/wp-json\/wp\/v2\/posts"}],"about":[{"href":"https:\/\/www.europesays.com\/es\/wp-json\/wp\/v2\/types\/post"}],"author":[{"embeddable":true,"href":"https:\/\/www.europesays.com\/es\/wp-json\/wp\/v2\/users\/2"}],"replies":[{"embeddable":true,"href":"https:\/\/www.europesays.com\/es\/wp-json\/wp\/v2\/comments?post=146039"}],"version-history":[{"count":0,"href":"https:\/\/www.europesays.com\/es\/wp-json\/wp\/v2\/posts\/146039\/revisions"}],"wp:featuredmedia":[{"embeddable":true,"href":"https:\/\/www.europesays.com\/es\/wp-json\/wp\/v2\/media\/146040"}],"wp:attachment":[{"href":"https:\/\/www.europesays.com\/es\/wp-json\/wp\/v2\/media?parent=146039"}],"wp:term":[{"taxonomy":"category","embeddable":true,"href":"https:\/\/www.europesays.com\/es\/wp-json\/wp\/v2\/categories?post=146039"},{"taxonomy":"post_tag","embeddable":true,"href":"https:\/\/www.europesays.com\/es\/wp-json\/wp\/v2\/tags?post=146039"}],"curies":[{"name":"wp","href":"https:\/\/api.w.org\/{rel}","templated":true}]}}