{"id":146043,"date":"2025-09-29T08:45:08","date_gmt":"2025-09-29T08:45:08","guid":{"rendered":"https:\/\/www.europesays.com\/es\/146043\/"},"modified":"2025-09-29T08:45:08","modified_gmt":"2025-09-29T08:45:08","slug":"marc-marquez-reconquista-el-titulo-de-motogp-y-reafirma-su-posicion-entre-las-leyendas-del-motociclismo-circuit-ricardo-tormo","status":"publish","type":"post","link":"https:\/\/www.europesays.com\/es\/146043\/","title":{"rendered":"Marc M\u00e1rquez reconquista el t\u00edtulo de MotoGP y reafirma su posici\u00f3n entre las leyendas del motociclismo &#8211; Circuit Ricardo Tormo"},"content":{"rendered":"<ol>\n<li><a href=\"https:\/\/news.google.com\/rss\/articles\/CBMi1wFBVV95cUxNMURRZHd0SjM1RmZHN1RuUC0tZUwyR3hhS1U4VHlHWWlKbTd4aFB6LVlHQ281aTRXU1JhZmJFTzU5dmp5VHpNVm1CZGV0RHpTNnNSQ1lDN0hsRUdoWW1aSENCNlhRajBIcHNIYmhaR0p0VXV2bzlxa3FsSk1YTUthaEx4OHZMUVh2U0cwdlZlb2thMnBPbFpYZUIyNFprU1dRbFNPMl9Rd0oxZGZEbWhrdU9VX2JMelVBZFdmMFppbU4tdS1OblVmbW9nS1BGamZfUGZpUjNPVQ?oc=5\" target=\"_blank\" rel=\"nofollow noopener\">Marc M\u00e1rquez reconquista el t\u00edtulo de MotoGP y reafirma su posici\u00f3n entre las leyendas del motociclismo<\/a>&nbsp;&nbsp;Circuit Ricardo Tormo<\/li>\n<li><a href=\"https:\/\/news.google.com\/rss\/articles\/CBMisAFBVV95cUxPOUs2WDN5NW1SWkMzV2pGWEpZUTVLNzRwWVJfbGJ0cEJLWXBpNUtUZ3BNdTVBRlVYcDlVUHc1dklvVnRiN2RJNktJYmFVUFRPdkdIRHktNEtEc2V0dmV6UlpmREc0bmFRNWdqelZiNlBNU3hwYkN3aGRLLXZVQS1XX2cxenRjODhVV21uOGNaanhIbFhmSTNBZkpxR1FseF9xV1M4Wk5jY09DVHlQVE1lMg?oc=5\" target=\"_blank\" rel=\"nofollow noopener\">M\u00e1rquez vuelve a ser quien fue: as\u00ed logr\u00f3 su reconstrucci\u00f3n tras caer en el infierno<\/a>&nbsp;&nbsp;ABC<\/li>\n<li><a href=\"https:\/\/news.google.com\/rss\/articles\/CBMisAFBVV95cUxQazdNc3NUQnZkdkUwVElVN01jS0FSZ2JKa0JnNXNWRi11S2VsUl9rYVFMQUhQaEhoS3JjVHlhbWR1WGl1cVRfLU9uUUd0RXYxemNVREthTXhXQ3Bpdy1EWlVLVENNelp2ZkpDclpKMnZMVE9UZlJBUTJpdE5oNVNxTk5YREg4SWQwZVdMNEJPUTBmTUhZV1FNZWZnaTZobFZSS1VNWDhGTDRXRUhMUUlNaA?oc=5\" target=\"_blank\" rel=\"nofollow noopener\">Marc M\u00e1rquez culmina su resurrecci\u00f3n y vuelve a ser campe\u00f3n de MotoGP<\/a>&nbsp;&nbsp;EL PA\u00cdS<\/li>\n<li><a href=\"https:\/\/news.google.com\/rss\/articles\/CBMie0FVX3lxTE1QWUh1ZmR3eURlZ0c1TzlRSk5UTUl1UDJpU3N0UGhRa0VSYW9FNkVZN0loQ042eUgwSy1rQ1NlVkVVbWRCYmI5dUo4Q2hTWmszUTN3c1NfSHpJOUc0bF9CU2p6Rm1fVlp2TG52eFBPQWxFdl9GZDBhUzI4NA?oc=5\" target=\"_blank\" rel=\"nofollow noopener\">Solo apto para mitos<\/a>&nbsp;&nbsp;La Vanguardia<\/li>\n<li><a href=\"https:\/\/news.google.com\/rss\/articles\/CBMiiAJBVV95cUxQQ0tpVE5XbkM3NXAwUjMxb2xpSHNSbzNPRHRPdExSX0pfQmpzektTTzZRWUluNVJiR1BBbWNqZElGXzl3OEQtbTlIdFAzTEYycW80MEhwM3VnTEplLXd6NmZ0ZmtzckI3YS1LZ3UtM2J1bFBlbHVqV0NfZkFQVzNTcFNpcGc1elFDYjJ3eVNXWk84b0Voam5OMnpOZGpKNVRsNVlZalpybG4yYWZKZ2xkZHJtLVMzbzVCRlpQTl9Zb0pxdDRDbC14UlE4bUFWUk9yQVJBakFTYngta2V3ZlBGcEdsaHR0UXlFRDJOYzN4QUc3QUxna1UwWHpFSTl4WGZwUUxRRTZXa1XSAYgCQVVfeXFMTUVuUHQ3M01SVHFfc2pGWXZMRmxKMVZvQV82QjFuRlFzRHN6VU1wWUF5WmNSLTZzVGFoLWR5Z19jelZkNHZ0WjRXODhWZV9NV1doZjRzUjFTZ28xaXVtTEwxeTllblR6LThmM3V6Q2F6QnRTMkJycC1KUFdESHBJMFp4djR6THNSSlR2Z1oxdzd4ZEhid3l3NzJjODYwV2RVSVBtMkRYUjNXMDVpcXQ0NDFLQzVlY1JjcU1Vb2tBWmIwcUZkRlIxQ0VldXdzMERmeXVuS2J2aDdZSUhWOEVOTXVoT3NIRzRRV2xNWmJZRjRHUWRqME1wSm0zX0ZQaG9ha050bE02RnQt?oc=5\" target=\"_blank\" rel=\"nofollow noopener\">La genial felicitaci\u00f3n de Fernando Alonso a Marc M\u00e1rquez tras conquistar su s\u00e9ptimo mundial de MotoGP<\/a>&nbsp;&nbsp;LaSexta<\/li>\n<\/ol>\n","protected":false},"excerpt":{"rendered":"Marc M\u00e1rquez reconquista el t\u00edtulo de MotoGP y reafirma su posici\u00f3n entre las leyendas del motociclismo&nbsp;&nbsp;Circuit Ricardo Tormo&hellip;\n","protected":false},"author":2,"featured_media":146044,"comment_status":"","ping_status":"","sticky":false,"template":"","format":"standard","meta":{"footnotes":""},"categories":[5],"tags":[17,18,25,24,13,14,11,19,20,9,10,15,16,23,12,21,22],"class_list":{"0":"post-146043","1":"post","2":"type-post","3":"status-publish","4":"format-standard","5":"has-post-thumbnail","7":"category-titulares","8":"tag-breaking-news","9":"tag-breakingnews","10":"tag-es","11":"tag-espana","12":"tag-featured-news","13":"tag-featurednews","14":"tag-headlines","15":"tag-latest-news","16":"tag-latestnews","17":"tag-news","18":"tag-noticias","19":"tag-noticias-destacadas","20":"tag-noticiasdestacadas","21":"tag-spain","22":"tag-titulares","23":"tag-ultimas-noticias","24":"tag-ultimasnoticias"},"share_on_mastodon":{"url":"","error":""},"_links":{"self":[{"href":"https:\/\/www.europesays.com\/es\/wp-json\/wp\/v2\/posts\/146043","targetHints":{"allow":["GET"]}}],"collection":[{"href":"https:\/\/www.europesays.com\/es\/wp-json\/wp\/v2\/posts"}],"about":[{"href":"https:\/\/www.europesays.com\/es\/wp-json\/wp\/v2\/types\/post"}],"author":[{"embeddable":true,"href":"https:\/\/www.europesays.com\/es\/wp-json\/wp\/v2\/users\/2"}],"replies":[{"embeddable":true,"href":"https:\/\/www.europesays.com\/es\/wp-json\/wp\/v2\/comments?post=146043"}],"version-history":[{"count":0,"href":"https:\/\/www.europesays.com\/es\/wp-json\/wp\/v2\/posts\/146043\/revisions"}],"wp:featuredmedia":[{"embeddable":true,"href":"https:\/\/www.europesays.com\/es\/wp-json\/wp\/v2\/media\/146044"}],"wp:attachment":[{"href":"https:\/\/www.europesays.com\/es\/wp-json\/wp\/v2\/media?parent=146043"}],"wp:term":[{"taxonomy":"category","embeddable":true,"href":"https:\/\/www.europesays.com\/es\/wp-json\/wp\/v2\/categories?post=146043"},{"taxonomy":"post_tag","embeddable":true,"href":"https:\/\/www.europesays.com\/es\/wp-json\/wp\/v2\/tags?post=146043"}],"curies":[{"name":"wp","href":"https:\/\/api.w.org\/{rel}","templated":true}]}}