{"id":146047,"date":"2025-09-29T08:47:09","date_gmt":"2025-09-29T08:47:09","guid":{"rendered":"https:\/\/www.europesays.com\/es\/146047\/"},"modified":"2025-09-29T08:47:09","modified_gmt":"2025-09-29T08:47:09","slug":"descubren-una-placa-en-la-plaza-de-corella-en-reconocimiento-a-francisco-marco","status":"publish","type":"post","link":"https:\/\/www.europesays.com\/es\/146047\/","title":{"rendered":"Descubren una placa en la plaza de Corella en reconocimiento a Francisco Marco"},"content":{"rendered":"<p>El patio de caballos de la centenaria plaza de <strong>Corella<\/strong> fue escenario de un entra\u00f1able homenaje al matador de toros <strong>Francisco Marco<\/strong>, un homenaje que ha promovido el <strong>Club Taurino Gracurris<\/strong> de esta localidad navarra. Ha sido el propio diestro estell\u00e9s quien ha descubierto una placa en la que se puede leer: <strong>\u00abEl M.I. Ayuntamiento de Corella y el Club Taurino Gracurris al maestro Francisco Marco, torero que m\u00e1s tardes ha toreado vestido luces en esta centenaria plaza de toros de Corella. En recuerdo de todas aquellas actuaciones que han pasado a la historia taurina de Corella. Con nuestro reconocimiento y admiraci\u00f3n. Corella, 28 de septiembre de 2025\u00bb<\/strong>.<\/p>\n<p><a href=\"https:\/\/www.europesays.com\/es\/wp-content\/uploads\/2025\/09\/placa-homenaje-francisco-marco-corella.jpg\"><img loading=\"lazy\" decoding=\"async\" aria-describedby=\"caption-attachment-550916\" class=\"wp-image-550916 size-full lazy\" src=\"https:\/\/www.europesays.com\/es\/wp-content\/uploads\/2025\/09\/placa-homenaje-francisco-marco-corella.jpg\" alt=\"Placa en honor a Francisco Marco en la plaza de Corella\" width=\"1280\" height=\"964\"  data-\/><\/a><\/p>\n<p id=\"caption-attachment-550916\" class=\"wp-caption-text\">Descubrimiento de una placa en honor al matador Francisco Marco en Corella.<\/p>\n<p>El matador de toros navarro ha estado arropado por su familia, por numerosos aficionados, entre los que se encontraban <strong>Antonio Cueva<\/strong>, presidente del <strong>Club Taurino Gracurris<\/strong>, <strong>Ram\u00f3n<\/strong> <strong>Villanueva<\/strong>, socio activo de esta entidad, el concejal <strong>F\u00e9lix Bienzobas<\/strong>, el parlamentario corellano <strong>Alberto Catal\u00e1n<\/strong> y los matadores de toros navarros <strong>Manolo de los Reyes<\/strong>, que apoder\u00f3 a <strong>Marco<\/strong> durante muchas temporadas, el cirbonero <strong>Sergio<\/strong> <strong>S\u00e1nchez<\/strong> y el pamplon\u00e9s <strong>Francisco<\/strong> <strong>Exp\u00f3sito<\/strong>, entre otros.<\/p>\n<p>Entre 2000, a\u00f1o de su debut, y 2016, a\u00f1o de su despedida de los ruedos, el diestro homenajeado sum\u00f3 doce tardes en <strong>Corella<\/strong>, estoque\u00f3 veinticuatro toros, cort\u00f3 diecis\u00e9is orejas y protagoniz\u00f3 dos salidas a hombros, en los a\u00f1os 2000 y 2002.<\/p>\n<p><a href=\"https:\/\/www.europesays.com\/es\/wp-content\/uploads\/2025\/09\/homenaje-francisco-marco-corella.jpg\"><img loading=\"lazy\" decoding=\"async\" aria-describedby=\"caption-attachment-550917\" class=\"size-full wp-image-550917 lazy\" src=\"https:\/\/www.europesays.com\/es\/wp-content\/uploads\/2025\/09\/homenaje-francisco-marco-corella.jpg\" alt=\"Francisco Marco, con su familia en la plaza de Corella.\" width=\"964\" height=\"1280\"  data-\/><\/a><\/p>\n<p id=\"caption-attachment-550917\" class=\"wp-caption-text\">El matador Francisco Marco descubre una placa en su honor en Corella.<\/p>\n<p>Debi\u00f3 ser una m\u00e1s, en 2010, pero fue cogido. Sucedi\u00f3 este 28 de septiembre, de hace quince a\u00f1os. Ese d\u00eda, <strong>Marco<\/strong> le cort\u00f3 las dos orejas a su primero, segundo del festejo, un toro de <strong>Los Azores<\/strong>. Con la puerta grande ganada, lidi\u00f3 al quinto, del mismo hierro y del que sufri\u00f3 una <strong>\u00abherida por asta de toro de 10 cent\u00edmetros de longitud en la cara interna del tercio medio de la pierna izquierda. Pron\u00f3stico reservado\u00bb<\/strong>. Intervenido en la enfermer\u00eda de la plaza, fue trasladado al hospital <strong>Reina Sof\u00eda de Tudela<\/strong>, donde qued\u00f3 ingresado. En tan dolorosa tarde, altern\u00f3 con <strong>Rivera Ord\u00f3\u00f1ez<\/strong> y con <strong>El Fandi<\/strong>.<\/p>\n","protected":false},"excerpt":{"rendered":"El patio de caballos de la centenaria plaza de Corella fue escenario de un entra\u00f1able homenaje al matador&hellip;\n","protected":false},"author":2,"featured_media":146048,"comment_status":"","ping_status":"","sticky":false,"template":"","format":"standard","meta":{"footnotes":""},"categories":[277],"tags":[45,373,43322,168,25,24,44925,23,167,374],"class_list":{"0":"post-146047","1":"post","2":"type-post","3":"status-publish","4":"format-standard","5":"has-post-thumbnail","7":"category-toreo","8":"tag-45","9":"tag-bullfighting","10":"tag-corella","11":"tag-deportes","12":"tag-es","13":"tag-espana","14":"tag-francisco-marco","15":"tag-spain","16":"tag-sports","17":"tag-toreo"},"share_on_mastodon":{"url":"","error":""},"_links":{"self":[{"href":"https:\/\/www.europesays.com\/es\/wp-json\/wp\/v2\/posts\/146047","targetHints":{"allow":["GET"]}}],"collection":[{"href":"https:\/\/www.europesays.com\/es\/wp-json\/wp\/v2\/posts"}],"about":[{"href":"https:\/\/www.europesays.com\/es\/wp-json\/wp\/v2\/types\/post"}],"author":[{"embeddable":true,"href":"https:\/\/www.europesays.com\/es\/wp-json\/wp\/v2\/users\/2"}],"replies":[{"embeddable":true,"href":"https:\/\/www.europesays.com\/es\/wp-json\/wp\/v2\/comments?post=146047"}],"version-history":[{"count":0,"href":"https:\/\/www.europesays.com\/es\/wp-json\/wp\/v2\/posts\/146047\/revisions"}],"wp:featuredmedia":[{"embeddable":true,"href":"https:\/\/www.europesays.com\/es\/wp-json\/wp\/v2\/media\/146048"}],"wp:attachment":[{"href":"https:\/\/www.europesays.com\/es\/wp-json\/wp\/v2\/media?parent=146047"}],"wp:term":[{"taxonomy":"category","embeddable":true,"href":"https:\/\/www.europesays.com\/es\/wp-json\/wp\/v2\/categories?post=146047"},{"taxonomy":"post_tag","embeddable":true,"href":"https:\/\/www.europesays.com\/es\/wp-json\/wp\/v2\/tags?post=146047"}],"curies":[{"name":"wp","href":"https:\/\/api.w.org\/{rel}","templated":true}]}}