{"id":146049,"date":"2025-09-29T08:49:09","date_gmt":"2025-09-29T08:49:09","guid":{"rendered":"https:\/\/www.europesays.com\/es\/146049\/"},"modified":"2025-09-29T08:49:09","modified_gmt":"2025-09-29T08:49:09","slug":"la-ryder-cup-de-la-verguenza-en-eeuu","status":"publish","type":"post","link":"https:\/\/www.europesays.com\/es\/146049\/","title":{"rendered":"la Ryder Cup de la verg\u00fcenza en EEUU"},"content":{"rendered":"\n<p> <strong>Europa se hizo con la d\u00e9cimo cuarta Ryder Cup de su historia<\/strong>, <a href=\"https:\/\/www.elconfidencial.com\/deportes\/golf\/2025-09-29\/europa-copa-ryder-golf-2025-1hms_4217934\/\" target=\"_self\" rel=\"nofollow noopener\">despu\u00e9s de ganar por 15 a 13 al combinado norteamericano<\/a>. Pero no fue una competici\u00f3n que pasar\u00e1 a la historia por su juego brillante o una remontada para el recuerdo, sino por <strong>la imagen de la verg\u00fcenza<\/strong>: el inaceptable comportamiento de la afici\u00f3n en EEUU. <\/p>\n<p> Siempre que la Ryder Cup <strong>llega a territorio norteamericano, el ambiente es hostil<\/strong>. El p\u00fablico, acostumbrado al ruido, el jaleo e, incluso, la falta de respeto, as\u00ed se muestra en deportes como el baloncesto, el f\u00fatbol americano o el b\u00e9isbol. Pero, cuando llegan otras actividades como el tenis o el golf, <strong>su comportamiento es el mismo<\/strong>. <\/p>\n<p> El equipo europeo estaba avisado de lo que pod\u00eda pasar. No en vano, el capit\u00e1n del equipo, <strong>Luke Donald<\/strong>, confesaba hace escasas fechas que todo el equipo<a href=\"https:\/\/www.elconfidencial.com\/deportes\/golf\/2025-09-26\/ryder-cup-eeuu-bethpage-black-jon-rahm-gritos-ozempic_4216778\/\" target=\"_self\" rel=\"nofollow noopener\"> hab\u00eda realizado una cena grupal en la que cada jugador contaba con gafas de realidad virtual<\/a> y auriculares. \u00bfLa misi\u00f3n? <strong>Reproducir insultos y ruidos durante la competici\u00f3n<\/strong>. <\/p>\n<p>              <img decoding=\"async\" class=\"inTextNews__img\" alt=\"Foto: ryder-cup-eeuu-bethpage-black-jon-rahm-gritos-ozempic\" src=\"https:\/\/www.europesays.com\/es\/wp-content\/uploads\/2025\/09\/f.elconfidencial.com\/original\/054\/6e3\/be0\/0546e3be02448c75977be648255787e8.jpg\"  \/>     <\/p>\n<p>TE PUEDE INTERESAR<\/p>\n<p>      <a class=\"inTextNews__title\" href=\"https:\/\/www.elconfidencial.com\/deportes\/golf\/2025-09-26\/ryder-cup-eeuu-bethpage-black-jon-rahm-gritos-ozempic_4216778\/\" onclick=\"window.ECCO.emit(&#039;amplitude&#039;, { dataEventName: &#039;click_related_article_module&#039;, data: { related_article_url: &#039;https:\/\/www.elconfidencial.com\/deportes\/golf\/2025-09-26\/ryder-cup-eeuu-bethpage-black-jon-rahm-gritos-ozempic_4216778\/&#039;, related_article_author: &#039;Rub\u00e9n Rodr\u00edguez&#039;, related_article_section: &#039;golf&#039; } })\" rel=\"nofollow noopener\" target=\"_blank\"> \u00abEy &#8216;Rahmbo&#8217;, \u00bfd\u00f3nde est\u00e1 el Ozempic?\u00bb. La Ryder Cup y la encerrona que espera Europa en EEUU <\/a>   <\/p>\n<p>    Rub\u00e9n Rodr\u00edguez   <\/p>\n<p> \u00abHab\u00eda que acostumbrarse al ambiente que se va a vivir, nuestra obligaci\u00f3n es adelantarnos a las sensaciones que vamos a vivir\u00bb, . No le faltaba un \u00e1pice de raz\u00f3n. Ya durante los entrenamientos, <strong>el espa\u00f1ol Jon Rahm sufri\u00f3 varias faltas de respeto<\/strong>, <a href=\"https:\/\/www.elconfidencial.com\/deportes\/golf\/2025-09-01\/jon-rahm-disputara-ryder-cup-cuarta-consecutiva-equipo-europeo_4200238\/\" target=\"_self\" rel=\"nofollow noopener\">repetidas en el torneo sobre el resto de jugadores<\/a>. <\/p>\n<p> Pero el eje de las protestas fue Rory McIlroy, <a href=\"https:\/\/www.elconfidencial.com\/deportes\/golf\/2015-01-28\/mcilroy-y-las-revelaciones-de-augusta_642175\/\" target=\"_self\" rel=\"nofollow noopener\">un golfista que recibi\u00f3 todo tipo de situaciones violentas<\/a>. Lo incre\u00edble es que comenzaron por parte de la animadora del evento, <strong>la humorista Heather McMahan, que incluso tuvo que dimitir en plena competici\u00f3n<\/strong> al ver que sus c\u00e1nticos de<strong> \u00abque te jodan, Rory\u00bb<\/strong> se hac\u00edan imparables. <\/p>\n<blockquote class=\"twitter-tweet\">\n<p lang=\"en\" dir=\"ltr\">\ud83d\udea8\u274c\ud83d\udde3\ufe0f NEWS \u2014 The PGA of America\u2019s 1st tee emcee, Heather McMahan has stepped down from her job after leading a \u00abF\u2014you Rory!\u00bb chant on Saturday. McMahan has reportedly apologized to Rory McIlroy.<\/p>\n<p>(Details via <a href=\"https:\/\/twitter.com\/laz_versalles?ref_src=twsrc%5Etfw\" rel=\"nofollow noopener\" target=\"_blank\">@laz_versalles<\/a> &amp; <a href=\"https:\/\/twitter.com\/JoshACarpenter?ref_src=twsrc%5Etfw\" rel=\"nofollow noopener\" target=\"_blank\">@JoshACarpenter<\/a>) <a href=\"https:\/\/t.co\/8qqYIgkJ6e\" rel=\"nofollow\">pic.twitter.com\/8qqYIgkJ6e<\/a><\/p>\n<p>\u2014 NUCLR GOLF (@NUCLRGOLF) <a href=\"https:\/\/twitter.com\/NUCLRGOLF\/status\/1972293542715568240?ref_src=twsrc%5Etfw\" rel=\"nofollow noopener\" target=\"_blank\">September 28, 2025<\/a><\/p><\/blockquote>\n<p> Lo que comenz\u00f3 como una broma se convirti\u00f3 en un grito de guerra para los aficionados norteamericanos, que lo llevaron al extremo. Tanto que,<strong> incluso, McIlroy y su mujer recibieron el lanzamiento de vasos en pleno campo<\/strong>, lo que provoc\u00f3 que el norirland\u00e9s se girara e, incluso, estuviera a punto de iniciar un enfrentamiento. <\/p>\n<blockquote class=\"twitter-tweet\">\n<p lang=\"es\" dir=\"ltr\">\ud83d\udea8 \ud83d\ude33 La \ud835\ude44\ud835\ude48\ud835\ude3c\ud835\ude42\ud835\ude40\ud835\ude49: Rory McIlroy sufri\u00f3 el lanzamiento de un vaso.<a href=\"https:\/\/twitter.com\/hashtag\/RyderCup?src=hash&amp;ref_src=twsrc%5Etfw\" rel=\"nofollow noopener\" target=\"_blank\">#RyderCup<\/a> <a href=\"https:\/\/twitter.com\/hashtag\/Aqu%C3%ADGritamosGolf?src=hash&amp;ref_src=twsrc%5Etfw\" rel=\"nofollow noopener\" target=\"_blank\">#Aqu\u00edGritamosGolf<\/a> <a href=\"https:\/\/t.co\/PjtBPGd6fQ\" rel=\"nofollow\">pic.twitter.com\/PjtBPGd6fQ<\/a><\/p>\n<p>\u2014 Golf en Movistar Plus+ (@MovistarGolf) <a href=\"https:\/\/twitter.com\/MovistarGolf\/status\/1972325618768367903?ref_src=twsrc%5Etfw\" rel=\"nofollow noopener\" target=\"_blank\">September 28, 2025<\/a><\/p><\/blockquote>\n<p> <strong>S\u00ed lo tuvo verbalmente despu\u00e9s de que otra serie de aficionados le abucheara <\/strong>y le gritar\u00e1n antes de comenzar un hoyo, lo que dio lugar a algunos momentos de tensi\u00f3n que son absolutamente inaceptables en el golf. Cruces de palabras feas y subidas de tono que no deber\u00edan de ser la norma en el deporte de \u00e9lite. <\/p>\n<blockquote class=\"twitter-tweet\">\n<p lang=\"en\" dir=\"ltr\">Rory McIlroy literally speaking on behalf of the entire world &#8211; not just in the context of golf &#8211; and then delivering an absolute dart to back up the talk \ud83d\udd25<\/p>\n<p><a href=\"https:\/\/t.co\/LVDK2EZN0Y\" rel=\"nofollow\">pic.twitter.com\/LVDK2EZN0Y<\/a><\/p>\n<p>\u2014 Crash Davis (@CrashOnSens) <a href=\"https:\/\/twitter.com\/CrashOnSens\/status\/1971969263591477576?ref_src=twsrc%5Etfw\" rel=\"nofollow noopener\" target=\"_blank\">September 27, 2025<\/a><\/p><\/blockquote>\n<p> El propio McIlroy explicaba su parecer al t\u00e9rmino de la Ryder Cup: \u00ab<strong>Lo que ha sucedido esta semana es inaceptable<\/strong>. No debemos aceptar eso en el golf. Creo que este deporte <strong>deber\u00eda mantenerse a un est\u00e1ndar m\u00e1s alto<\/strong> que lo que se vio ah\u00ed fuera durante estos d\u00edas, confesaba el golfista norirland\u00e9s. <\/p>\n<blockquote class=\"twitter-tweet\">\n<p lang=\"en\" dir=\"ltr\">OUR TIME. OUR PLACE. <a href=\"https:\/\/t.co\/ChX5YMcxKf\" rel=\"nofollow\">pic.twitter.com\/ChX5YMcxKf<\/a><\/p>\n<p>\u2014 Ryder Cup Europe (@RyderCupEurope) <a href=\"https:\/\/twitter.com\/RyderCupEurope\/status\/1972416616731472157?ref_src=twsrc%5Etfw\" rel=\"nofollow noopener\" target=\"_blank\">September 28, 2025<\/a><\/p><\/blockquote>\n<p> Europa sab\u00eda que el ambiente iba a ser complicado y el <a href=\"https:\/\/www.elconfidencial.com\/deportes\/golf\/2014-11-20\/rory-mcilroy-vs-tiger-woods-quien-es-el-rey-del-golf-mundial_491252\/\" target=\"_self\" rel=\"nofollow noopener\">arre\u00f3n final de juego de Estados Unidos<\/a> estuvo cerca de quitarles la Ryder Cup en el \u00faltimo momento.<strong> \u00abFueron las 12 horas m\u00e1s tensas de mi vida\u00bb<\/strong>, confesaba Donald al t\u00e9rmino de la competici\u00f3n. Un nuevo \u00e9xito de Europa en un escenario que no deber\u00eda reproducirse. <\/p>\n<p> <strong>Europa se hizo con la d\u00e9cimo cuarta Ryder Cup de su historia<\/strong>, <a href=\"https:\/\/www.elconfidencial.com\/deportes\/golf\/2025-09-29\/europa-copa-ryder-golf-2025-1hms_4217934\/\" target=\"_self\" rel=\"nofollow noopener\">despu\u00e9s de ganar por 15 a 13 al combinado norteamericano<\/a>. Pero no fue una competici\u00f3n que pasar\u00e1 a la historia por su juego brillante o una remontada para el recuerdo, sino por <strong>la imagen de la verg\u00fcenza<\/strong>: el inaceptable comportamiento de la afici\u00f3n en EEUU. <\/p>\n<p>              <script async src=\"https:\/\/platform.twitter.com\/widgets.js\" charset=\"utf-8\"><\/script><\/p>\n","protected":false},"excerpt":{"rendered":"Europa se hizo con la d\u00e9cimo cuarta Ryder Cup de su historia, despu\u00e9s de ganar por 15 a&hellip;\n","protected":false},"author":2,"featured_media":146050,"comment_status":"","ping_status":"","sticky":false,"template":"","format":"standard","meta":{"footnotes":""},"categories":[275],"tags":[168,25,24,329,23,167],"class_list":{"0":"post-146049","1":"post","2":"type-post","3":"status-publish","4":"format-standard","5":"has-post-thumbnail","7":"category-golf","8":"tag-deportes","9":"tag-es","10":"tag-espana","11":"tag-golf","12":"tag-spain","13":"tag-sports"},"share_on_mastodon":{"url":"","error":""},"_links":{"self":[{"href":"https:\/\/www.europesays.com\/es\/wp-json\/wp\/v2\/posts\/146049","targetHints":{"allow":["GET"]}}],"collection":[{"href":"https:\/\/www.europesays.com\/es\/wp-json\/wp\/v2\/posts"}],"about":[{"href":"https:\/\/www.europesays.com\/es\/wp-json\/wp\/v2\/types\/post"}],"author":[{"embeddable":true,"href":"https:\/\/www.europesays.com\/es\/wp-json\/wp\/v2\/users\/2"}],"replies":[{"embeddable":true,"href":"https:\/\/www.europesays.com\/es\/wp-json\/wp\/v2\/comments?post=146049"}],"version-history":[{"count":0,"href":"https:\/\/www.europesays.com\/es\/wp-json\/wp\/v2\/posts\/146049\/revisions"}],"wp:featuredmedia":[{"embeddable":true,"href":"https:\/\/www.europesays.com\/es\/wp-json\/wp\/v2\/media\/146050"}],"wp:attachment":[{"href":"https:\/\/www.europesays.com\/es\/wp-json\/wp\/v2\/media?parent=146049"}],"wp:term":[{"taxonomy":"category","embeddable":true,"href":"https:\/\/www.europesays.com\/es\/wp-json\/wp\/v2\/categories?post=146049"},{"taxonomy":"post_tag","embeddable":true,"href":"https:\/\/www.europesays.com\/es\/wp-json\/wp\/v2\/tags?post=146049"}],"curies":[{"name":"wp","href":"https:\/\/api.w.org\/{rel}","templated":true}]}}