{"id":146053,"date":"2025-09-29T08:51:11","date_gmt":"2025-09-29T08:51:11","guid":{"rendered":"https:\/\/www.europesays.com\/es\/146053\/"},"modified":"2025-09-29T08:51:11","modified_gmt":"2025-09-29T08:51:11","slug":"la-ruta-de-os-lobos-convoco-en-a-fonsagrada-a-cerca-de-250-ciclistas-aficionados","status":"publish","type":"post","link":"https:\/\/www.europesays.com\/es\/146053\/","title":{"rendered":"La ruta de Os Lobos convoc\u00f3 en A Fonsagrada a cerca de 250 ciclistas aficionados"},"content":{"rendered":"<p><a target=\"_blank\" href=\"https:\/\/www.elprogreso.es\/tags\/a-fonsagrada\/\" rel=\"nofollow noopener\">A Fonsagrada<\/a> volvi\u00f3 a convertirse este s\u00e1bado en la capital gallega del ciclismo aficionado con la celebraci\u00f3n de la und\u00e9cima edici\u00f3n de la<strong> Ruta dos Lobos<\/strong>, una de las citas m\u00e1s esperadas del a\u00f1o por los amantes de la<strong> bicicleta<\/strong>.<\/p>\n<p>En esta ocasi\u00f3n fueron cerca de <strong>250 ciclistas <\/strong>los que tomaron parte en la ruta, que despierta un gran inter\u00e9s no solo en la<strong> provincia de Lugo<\/strong>, sino tambi\u00e9n en otras mucho m\u00e1s alejadas. Prueba de ello es que llegaron grupos procedentes de <strong>A Coru\u00f1a<\/strong>, <strong>Pontevedra<\/strong>,<strong> Pa\u00eds Vasco<\/strong> o incluso<strong> Madrid<\/strong>. \u00abAlg\u00fans deles son aut\u00e9nticos incondicionais da ruta, xa que levan repetindo participaci\u00f3n varios anos\u00bb, asegura <strong>Enrique Fern\u00e1ndez Carr\u00edn<\/strong>, uno de los responsables de la organizaci\u00f3n.<\/p>\n<p>La cita, que cont\u00f3 con la colaboraci\u00f3n econ\u00f3mica de la<strong> Diputaci\u00f3n de Lugo<\/strong> y el <strong>Concello de A Fonsagrada<\/strong>, permiti\u00f3 a los participantes recorrer algunos de los lugares m\u00e1s emblem\u00e1ticos del municipio, como la<strong> Seimeira de Vilagocende<\/strong> o las aldeas de <strong>Naraxa<\/strong>, <strong>Silvela<\/strong>, <strong>Aldom\u00e1n<\/strong>, <strong>Pereira<\/strong> o <strong>Paradanova<\/strong>, entre otras.<\/p>\n<p>Pero el hecho de que se trate de una<strong> ruta cicloturista<\/strong>, en la que la clasificaci\u00f3n es lo de menos, no significa que estuviese exenta de dureza. De hecho, los participantes tuvieron que elegir, seg\u00fan su nivel, entre un<strong> recorrido largo de 45 kil\u00f3metros<\/strong> y 1.750 metros de desnivel positivo, y otro corto de 35 kil\u00f3metros y<strong> 1.500 metros de desnivel<\/strong>.<\/p>\n<p><img decoding=\"async\" width=\"1200\" height=\"675\" alt=\"Ruta dos Lobos. EP\" src=\"https:\/\/www.europesays.com\/es\/wp-content\/uploads\/2025\/09\/2025092817332087840.jpg\" loading=\"lazy\"  \/><br \/>\nTres ciclistas en uno de los tramos de la prueba. EP<\/p>\n<p>El trazado, muy t\u00e9cnico en algunos puntos, no solo puso a prueba la<strong> pericia de los participantes<\/strong>, sino que tambi\u00e9n les permiti\u00f3 \u00abco\u00f1ecer a nosa paisaxe, a cultura e a gastronom\u00eda do noso concello\u00bb, asegur\u00f3 el alcalde, <strong>Carlos L\u00f3pez<\/strong>.<\/p>\n<p>El regidor tambi\u00e9n agradeci\u00f3 el \u00abgran esforzo\u00bb del casi <strong>medio centenar<\/strong> de personas \u2014entre <strong>voluntarios<\/strong> y miembros de<strong> Protecci\u00f3n Civil<\/strong>\u2014 sin cuyo trabajo \u00abesta proba non ser\u00eda posible\u00bb.<\/p>\n<p>Promoci\u00f3n de productos locales en los puntos de avituallamiento<\/p>\n<p>Adem\u00e1s del<strong> valor deportivo<\/strong> de la ruta, el alcalde destac\u00f3 los beneficios que genera: \u00abxa que os participantes e os seus acompa\u00f1antes xeran un<strong> impacto econ\u00f3mico<\/strong> moi importante na comarca\u00bb. Al mismo tiempo, subray\u00f3 que la <strong>Ruta dos Lobos<\/strong> constituye un gran escaparate para dar a conocer los atractivos del municipio, no solo paisaj\u00edsticos \u00absen\u00f3n tam\u00e9n gastron\u00f3micos\u00bb.<\/p>\n<p>En este sentido, resulta destacable que en los puntos de avituallamiento se ofrecieran productos t\u00edpicos de la zona para reponer fuerzas, como el<strong> butelo<\/strong> o el<strong> pastel fonsagradino<\/strong>, entre otros.<\/p>\n<p>Adem\u00e1s, el programa no finaliz\u00f3 con la llegada de los<strong> ciclistas a la l\u00ednea de meta<\/strong>, sino que muchos de ellos se quedaron en la localidad para cerrar la jornada con una cena que se sirvi\u00f3 en el restaurante <strong>Cant\u00e1brico<\/strong>. En la misma, pudieron compartir y comentar muchas de las<strong> an\u00e9cdotas de la jornada<\/strong>.<\/p>\n","protected":false},"excerpt":{"rendered":"A Fonsagrada volvi\u00f3 a convertirse este s\u00e1bado en la capital gallega del ciclismo aficionado con la celebraci\u00f3n de&hellip;\n","protected":false},"author":2,"featured_media":146054,"comment_status":"","ping_status":"","sticky":false,"template":"","format":"standard","meta":{"footnotes":""},"categories":[273],"tags":[44926,313,312,168,25,24,44927,2236,23,167],"class_list":{"0":"post-146053","1":"post","2":"type-post","3":"status-publish","4":"format-standard","5":"has-post-thumbnail","7":"category-ciclismo","8":"tag-a-fonsagrada","9":"tag-ciclismo","10":"tag-cycling","11":"tag-deportes","12":"tag-es","13":"tag-espana","14":"tag-os-lobos","15":"tag-ruta","16":"tag-spain","17":"tag-sports"},"share_on_mastodon":{"url":"","error":""},"_links":{"self":[{"href":"https:\/\/www.europesays.com\/es\/wp-json\/wp\/v2\/posts\/146053","targetHints":{"allow":["GET"]}}],"collection":[{"href":"https:\/\/www.europesays.com\/es\/wp-json\/wp\/v2\/posts"}],"about":[{"href":"https:\/\/www.europesays.com\/es\/wp-json\/wp\/v2\/types\/post"}],"author":[{"embeddable":true,"href":"https:\/\/www.europesays.com\/es\/wp-json\/wp\/v2\/users\/2"}],"replies":[{"embeddable":true,"href":"https:\/\/www.europesays.com\/es\/wp-json\/wp\/v2\/comments?post=146053"}],"version-history":[{"count":0,"href":"https:\/\/www.europesays.com\/es\/wp-json\/wp\/v2\/posts\/146053\/revisions"}],"wp:featuredmedia":[{"embeddable":true,"href":"https:\/\/www.europesays.com\/es\/wp-json\/wp\/v2\/media\/146054"}],"wp:attachment":[{"href":"https:\/\/www.europesays.com\/es\/wp-json\/wp\/v2\/media?parent=146053"}],"wp:term":[{"taxonomy":"category","embeddable":true,"href":"https:\/\/www.europesays.com\/es\/wp-json\/wp\/v2\/categories?post=146053"},{"taxonomy":"post_tag","embeddable":true,"href":"https:\/\/www.europesays.com\/es\/wp-json\/wp\/v2\/tags?post=146053"}],"curies":[{"name":"wp","href":"https:\/\/api.w.org\/{rel}","templated":true}]}}