{"id":146057,"date":"2025-09-29T08:53:08","date_gmt":"2025-09-29T08:53:08","guid":{"rendered":"https:\/\/www.europesays.com\/es\/146057\/"},"modified":"2025-09-29T08:53:08","modified_gmt":"2025-09-29T08:53:08","slug":"el-palmer-basket-cae-en-su-estreno-en-primera-feb","status":"publish","type":"post","link":"https:\/\/www.europesays.com\/es\/146057\/","title":{"rendered":"El Palmer Basket cae en su estreno en Primera FEB"},"content":{"rendered":"<p>El debut de Palmer Basket en <a href=\"https:\/\/www.ultimahora.es\/etiqueta\/Primera+FEB.html?utm_source=Inline-tag&amp;utm_medium=internal\" rel=\"nofollow noopener\" target=\"_blank\">Primera FEB<\/a> se ha cerrado con una derrota en el tramo final ante un S\u00faper Agropal <a href=\"https:\/\/www.ultimahora.es\/etiqueta\/Palencia.html?utm_source=Inline-tag&amp;utm_medium=internal\" rel=\"nofollow noopener\" target=\"_blank\">Palencia<\/a> (69-78) que ha sobrevivido al arre\u00f3n inicial de los mallorquines y se ha hecho fuerte en los minutos finales.<\/p>\n<p>Minutos antes del partido, S\u00faper Agropal Palencia inform\u00f3 de que su entrenador, Nacho Lezkano, no podr\u00eda sentarse en el banquillo durante el primer mes de competici\u00f3n por \u00abun suceso acaecido durante la pasada temporada\u00bb. Era un d\u00eda especial para Palmer Basket por su puesta de largo en la categor\u00eda, y los primeros minutos han sido una buena prueba de ello a trav\u00e9s de la intensidad y el esfuerzo defensivo, a los que ha acompa\u00f1ado el acierto para arrancar con un parcial de 10-0.<\/p>\n<p>La reacci\u00f3n palentina ha llegado sin prisa pero sin pausa, de la mano de su estrella, Alec Wintering. El jamaicano se ha ido al descanso con 10 puntos en su anotador particular y ha sido la br\u00fajula para que en primera instancia se marcharan del primer cuarto solo dos tantos abajo (21-19) y al descanso con un punto de ventaja (38-39).<\/p>\n<p>La nota positiva para los mallorquines ha sido el debut de Tray Hollowell, quien ha dejado atr\u00e1s las molestias que le mermaron durante la pretemporada, aunque los l\u00edderes ofensivos han sido Matt Frierson (12 puntos) y el capit\u00e1n, Joan Feliu (16 puntos). Los pupilos de Marco Justo no han bajado el ritmo en el tercer cuarto sosteni\u00e9ndose en su acierto desde la l\u00ednea de tres (10\/26 hasta el momento), aunque las fuerzas han comenzado a flaquear al final del periodo.<\/p>\n<p>Esa tendencia se ha agudizado en los \u00faltimos 10 minutos, donde el Palencia ha impuesto su experiencia y ha desatado un vendaval ofensivo en el que los triples de Vrankic, Jakovics y Manu Rodr\u00edguez ha dado la puntilla a un parcial de 9-26 para cerrar el primer triunfo del curso. Los mejores del encuentro han sido Wintering (22 de valoraci\u00f3n), Feliu (18 de valoraci\u00f3n) y Mladen Armus (13 de valoraci\u00f3n).<\/p>\n","protected":false},"excerpt":{"rendered":"El debut de Palmer Basket en Primera FEB se ha cerrado con una derrota en el tramo final&hellip;\n","protected":false},"author":2,"featured_media":146058,"comment_status":"","ping_status":"","sticky":false,"template":"","format":"standard","meta":{"footnotes":""},"categories":[269],"tags":[299,298,168,25,24,301,832,833,830,831,6442,829,3917,23,167],"class_list":{"0":"post-146057","1":"post","2":"type-post","3":"status-publish","4":"format-standard","5":"has-post-thumbnail","7":"category-baloncesto","8":"tag-baloncesto","9":"tag-basketball","10":"tag-deportes","11":"tag-es","12":"tag-espana","13":"tag-eurobasket","14":"tag-eurocup","15":"tag-euroliga","16":"tag-leb-oro","17":"tag-liga-acb","18":"tag-palencia","19":"tag-palmer-basket-mallorca","20":"tag-primera-feb","21":"tag-spain","22":"tag-sports"},"share_on_mastodon":{"url":"","error":""},"_links":{"self":[{"href":"https:\/\/www.europesays.com\/es\/wp-json\/wp\/v2\/posts\/146057","targetHints":{"allow":["GET"]}}],"collection":[{"href":"https:\/\/www.europesays.com\/es\/wp-json\/wp\/v2\/posts"}],"about":[{"href":"https:\/\/www.europesays.com\/es\/wp-json\/wp\/v2\/types\/post"}],"author":[{"embeddable":true,"href":"https:\/\/www.europesays.com\/es\/wp-json\/wp\/v2\/users\/2"}],"replies":[{"embeddable":true,"href":"https:\/\/www.europesays.com\/es\/wp-json\/wp\/v2\/comments?post=146057"}],"version-history":[{"count":0,"href":"https:\/\/www.europesays.com\/es\/wp-json\/wp\/v2\/posts\/146057\/revisions"}],"wp:featuredmedia":[{"embeddable":true,"href":"https:\/\/www.europesays.com\/es\/wp-json\/wp\/v2\/media\/146058"}],"wp:attachment":[{"href":"https:\/\/www.europesays.com\/es\/wp-json\/wp\/v2\/media?parent=146057"}],"wp:term":[{"taxonomy":"category","embeddable":true,"href":"https:\/\/www.europesays.com\/es\/wp-json\/wp\/v2\/categories?post=146057"},{"taxonomy":"post_tag","embeddable":true,"href":"https:\/\/www.europesays.com\/es\/wp-json\/wp\/v2\/tags?post=146057"}],"curies":[{"name":"wp","href":"https:\/\/api.w.org\/{rel}","templated":true}]}}