{"id":146061,"date":"2025-09-29T08:55:08","date_gmt":"2025-09-29T08:55:08","guid":{"rendered":"https:\/\/www.europesays.com\/es\/146061\/"},"modified":"2025-09-29T08:55:08","modified_gmt":"2025-09-29T08:55:08","slug":"victoria-iglesias-tras-los-pasos-de-estilo-de-su-madre-miranda-para-una-tarde-en-el-padel","status":"publish","type":"post","link":"https:\/\/www.europesays.com\/es\/146061\/","title":{"rendered":"Victoria Iglesias, tras los pasos de estilo de su madre, Miranda, para una tarde en el p\u00e1del"},"content":{"rendered":"<p id=\"e_CGNOKC4N\" data-wc=\"112\">Mientras que su hermana gemela, Cristina, busca su formaci\u00f3n profesional en la moda tras asentarse en Nueva York, <strong>Victoria Iglesias<\/strong> ha centrado sus estudios cursando Producci\u00f3n Cinematogr\u00e1fica y Actuaci\u00f3n <a class=\"hm-link ho-link\" href=\"https:\/\/www.hola.com\/actualidad\/20250405824355\/gemelas-julio-iglesias-victoria-cristina-separan-caminos-empieza-nueva-vida\/\" data-mrf-recirculation=\"article-body-link\" rel=\"nofollow noopener\" target=\"_blank\">en Londres<\/a>. Sin embargo, ambas han quiero guardar sus apuntes acad\u00e9micos durante el verano para <a class=\"hm-link ho-link\" href=\"https:\/\/www.hola.com\/moda\/20250711843197\/miranda-rijnsburger-marbella-look-bolso-chanel-pantalon-blanco\/\" data-mrf-recirculation=\"article-body-link\" rel=\"nofollow noopener\" target=\"_blank\">acompa\u00f1ar a su madre, Miranda Rijnsburger<\/a>, y <a class=\"hm-link ho-link\" href=\"https:\/\/www.hola.com\/moda\/20250612837523\/miranda-rijnsburger-regresa-marbella-look-viaje-hijos\/\" data-mrf-recirculation=\"article-body-link\" rel=\"nofollow noopener\" target=\"_blank\">varios de sus hermanos<\/a> en la finca Cuatro Lunas, que su padre, Julio Iglesias, tiene en Oj\u00e9n, a poco m\u00e1s de 9 kil\u00f3metros de Marbella. Desde ah\u00ed, <strong>los planes de ocio no han dejado de sucederse<\/strong> para una desconexi\u00f3n total; momentos l\u00fadicos que van acompa\u00f1ados de <a class=\"hm-link ho-link\" href=\"https:\/\/www.hola.com\/moda\/20250712842665\/cristina-victoria-hijas-julio-iglesias-mejores-looks-estilo\/\" data-mrf-recirculation=\"article-body-link\" rel=\"nofollow noopener\" target=\"_blank\">reveladoras notas de estilo<\/a>, como recoge la revista \u00a1HOLA! de esta semana con fotograf\u00edas exclusivas.<\/p>\n<p> <img src=\"https:\/\/www.europesays.com\/es\/wp-content\/uploads\/2025\/09\/908cacf65c23-u591710025cut.jpg\"   width=\"714\" height=\"1024\" loading=\"lazy\" decoding=\"async\" alt=\"Victoria Iglesias\" fetchpriority=\"auto\" class=\"image ho-image\"\/>\u00a9 MADPHOTO PRESSVictoria Iglesias no quiso perderse en Marbella el torneo de p\u00e1del Reserve Cup, que, por primera vez, se celebraba fuera de Estados Unidos.<br \/>\nUn torneo de p\u00e1del \u00fanico<\/p>\n<p id=\"exelTFL0Q2U\" data-wc=\"94\">En concreto, uno de los momentos de desconexi\u00f3n total fue el que protagoniz\u00f3 Victoria Iglesias, como invitada a un exclusivo torneo de p\u00e1del. Por primera vez fuera de los Estados Unidos, la Costa del Sol acog\u00eda en Marbella la Reserve Cup, donde estrellas de este deporte de pala demostraron todo su poder en el Puente Romano. All\u00ed, la hija de Julio Iglesias y Miranda Rijnsburger estuvo acompa\u00f1ada de amigos cercanos, como Adri\u00e1n Alcina, trabajador de un fondo de inversi\u00f3n que tambi\u00e9n vive en Londres y aprovech\u00f3 el verano para visitar la provincia de M\u00e1laga.<\/p>\n<p> <img src=\"https:\/\/www.europesays.com\/es\/wp-content\/uploads\/2025\/09\/bbd01a5daf66-ep-victoria-iglesias-23.jpg\"   width=\"683\" height=\"1024\" loading=\"lazy\" decoding=\"async\" alt=\"Victoria Iglesias\" fetchpriority=\"auto\" class=\"image ho-image\"\/>\u00a9 MADPHOTO PRESSVictoria Iglesias tiene un estilo relajado, pero muy favorecedor, que tiene como referentes los gustos en moda de su madre, Miranda Rijnsburger.<\/p>\n<p> <img src=\"https:\/\/www.europesays.com\/es\/wp-content\/uploads\/2025\/09\/1209e90b0e7a-ep-victoria-iglesias-24.jpg\"   width=\"683\" height=\"1024\" loading=\"lazy\" decoding=\"async\" alt=\"Victoria Iglesias\" fetchpriority=\"auto\" class=\"image ho-image\"\/>\u00a9 MADPHOTO PRESSVictoria Iglesias estuvo acompa\u00f1ada de su amigo Adri\u00e1n Alcina. Actualmente, ambos viven en Londres.<br \/>\nB\u00e1sicos luminosos y calzado c\u00f3modo<\/p>\n<p id=\"e4lb4mznekJ\" data-wc=\"105\">Apostando por la comodidad y la frescura de los colores claros perfectos para d\u00edas soleados, Victoria Iglesias se convirti\u00f3 en pura inspiraci\u00f3n como invitada a este exclusivo torneo de p\u00e1del que cont\u00f3 con grandes ases del deporte, como el extenista Carlos Moy\u00e1, quien hizo el saque de honor. Para esta cita, celebrada el pasado fin de semana, la hija de Julio Iglesias, siempre con una elegancia sin estridencias que tiene como referente a su madre, llev\u00f3 una b\u00e1sica camisa blanca que dejo suelta y ligeramente desabrochada. La coordin\u00f3 con unos shorts al tono, que presentaban, adem\u00e1s, ribetes cosidos en negro para crear un ligero contraste.<\/p>\n<p> <img src=\"https:\/\/www.europesays.com\/es\/wp-content\/uploads\/2025\/09\/7dd43343eaec-966-madphoto-press-abl-19.jpg\"   width=\"670\" height=\"1024\" loading=\"lazy\" decoding=\"async\" alt=\"Victoria Iglesias\" fetchpriority=\"auto\" class=\"image ho-image\"\/>\u00a9 MADPHOTO PRESSEl color blanco y el calzado en ante biege coordin\u00f3 los looks de Victoria Iglesias y su amigo Adri\u00e1n Alcina.<\/p>\n<p id=\"eUF1-S85l8\" data-wc=\"98\">Evitando tener sus manos ocupadas, m\u00e1s all\u00e1 de sostener su m\u00f3vil para atender a cualquier mensaje o llamada, opt\u00f3 por un funcional bolso bandolera en tono marr\u00f3n, que se conjugaba con unos pr\u00e1cticos mocasines de ante beige, con adornos metalizados en el empeine y suela de goma blanca. Y al igual que le gusta a Miranda, la joven, protegi\u00f3 sus ojos con unas gafas de sol, que eran de pasta carey y cristales oscuros. En sinton\u00eda, y aportando un detalle anecd\u00f3tico al momento, la joven, de 24 a\u00f1os, mostraba coordinaci\u00f3n con el look de su amigo Adri\u00e1n Alcina.<\/p>\n","protected":false},"excerpt":{"rendered":"Mientras que su hermana gemela, Cristina, busca su formaci\u00f3n profesional en la moda tras asentarse en Nueva York,&hellip;\n","protected":false},"author":2,"featured_media":146062,"comment_status":"","ping_status":"","sticky":false,"template":"","format":"standard","meta":{"footnotes":""},"categories":[174],"tags":[3900,1024,255,146,147,25,24,256,1023,23,23860],"class_list":{"0":"post-146061","1":"post","2":"type-post","3":"status-publish","4":"format-standard","5":"has-post-thumbnail","7":"category-famosos","8":"tag-hola","9":"tag-actualidad-moda","10":"tag-celebrities","11":"tag-entertainment","12":"tag-entretenimiento","13":"tag-es","14":"tag-espana","15":"tag-famosos","16":"tag-moda","17":"tag-spain","18":"tag-victoria-iglesias"},"share_on_mastodon":{"url":"","error":""},"_links":{"self":[{"href":"https:\/\/www.europesays.com\/es\/wp-json\/wp\/v2\/posts\/146061","targetHints":{"allow":["GET"]}}],"collection":[{"href":"https:\/\/www.europesays.com\/es\/wp-json\/wp\/v2\/posts"}],"about":[{"href":"https:\/\/www.europesays.com\/es\/wp-json\/wp\/v2\/types\/post"}],"author":[{"embeddable":true,"href":"https:\/\/www.europesays.com\/es\/wp-json\/wp\/v2\/users\/2"}],"replies":[{"embeddable":true,"href":"https:\/\/www.europesays.com\/es\/wp-json\/wp\/v2\/comments?post=146061"}],"version-history":[{"count":0,"href":"https:\/\/www.europesays.com\/es\/wp-json\/wp\/v2\/posts\/146061\/revisions"}],"wp:featuredmedia":[{"embeddable":true,"href":"https:\/\/www.europesays.com\/es\/wp-json\/wp\/v2\/media\/146062"}],"wp:attachment":[{"href":"https:\/\/www.europesays.com\/es\/wp-json\/wp\/v2\/media?parent=146061"}],"wp:term":[{"taxonomy":"category","embeddable":true,"href":"https:\/\/www.europesays.com\/es\/wp-json\/wp\/v2\/categories?post=146061"},{"taxonomy":"post_tag","embeddable":true,"href":"https:\/\/www.europesays.com\/es\/wp-json\/wp\/v2\/tags?post=146061"}],"curies":[{"name":"wp","href":"https:\/\/api.w.org\/{rel}","templated":true}]}}