{"id":146070,"date":"2025-09-29T09:01:09","date_gmt":"2025-09-29T09:01:09","guid":{"rendered":"https:\/\/www.europesays.com\/es\/146070\/"},"modified":"2025-09-29T09:01:09","modified_gmt":"2025-09-29T09:01:09","slug":"no-ha-gustado-nada-anton-meana-revela-cual-ha-sido-el-palo-mas-duro-para-el-real-madrid-tras-la-derrota-frente-al-atletico-futbol","status":"publish","type":"post","link":"https:\/\/www.europesays.com\/es\/146070\/","title":{"rendered":"No ha gustado nada: Ant\u00f3n Meana revela cu\u00e1l ha sido el palo m\u00e1s duro para el Real Madrid tras la derrota frente al Atl\u00e9tico | F\u00fatbol"},"content":{"rendered":"<p class=\"loc\">Madrid<\/p>\n<p><a href=\"https:\/\/cadenaser.com\/nacional\/2025\/09\/27\/atletico-de-madrid-5-2-real-madrid-resumen-resultado-y-goles-del-partido-de-la-jornada-7-de-laliga-cadena-ser\/\" target=\"_blank\" rel=\"noreferrer nofollow noopener\" title=\"https:\/\/cadenaser.com\/nacional\/2025\/09\/27\/atletico-de-madrid-5-2-real-madrid-resumen-resultado-y-goles-del-partido-de-la-jornada-7-de-laliga-cadena-ser\/\">El Atl\u00e9tico de Madrid se ha impuesto este s\u00e1bado por cinco goles a dos (5-2) al Real Madrid<\/a> para bajar al equipo de Xabi Alonso de las nubes&#8230; y tambi\u00e9n del liderato de LaLiga EA Sports. Despu\u00e9s de ganar los seis primeros partidos de liga, lo que le convert\u00eda en <a href=\"https:\/\/cadenaser.com\/nacional\/2025\/09\/27\/liverpool-y-real-madrid-pierden-el-invicto-consulta-que-equipos-aun-no-han-perdido-en-la-temporada-202526-cadena-ser\/\" target=\"_blank\" rel=\"noreferrer nofollow noopener\" title=\"https:\/\/cadenaser.com\/nacional\/2025\/09\/27\/liverpool-y-real-madrid-pierden-el-invicto-consulta-que-equipos-aun-no-han-perdido-en-la-temporada-202526-cadena-ser\/\">uno de los pocos equipos invictos a nivel europeo<\/a>, el conjunto blanco ha sufrido <a href=\"https:\/\/cadenaser.com\/nacional\/2025\/09\/27\/no-es-una-derrota-es-una-humillacion-el-derbi-madrileno-deja-a-xabi-alonso-como-el-principal-damnificado-cadena-ser\/\" target=\"_blank\" rel=\"noreferrer nofollow noopener\" title=\"https:\/\/cadenaser.com\/nacional\/2025\/09\/27\/no-es-una-derrota-es-una-humillacion-el-derbi-madrileno-deja-a-xabi-alonso-como-el-principal-damnificado-cadena-ser\/\">un duro rev\u00e9s despu\u00e9s de ser vapuleado por uno de sus grandes rivales<\/a>. Un partido de ida y vuelta en el que los del Cholo Simeone supieron leer a la perfecci\u00f3n la estrategia del rival y golpearle en sus puntos d\u00e9biles.<\/p>\n<p>M\u00e1s informaci\u00f3n<\/p>\n<p>Un partido sobre el que hemos hablado en Carrusel Deportivo, donde algunos como Ant\u00f3n Meana reconocen que hay cierto desconcierto en el club por lo que ha pasado este fin de semana. Principalmente porque les han metido un total de cinco goles y porque han dejado al descubierto algunos de sus puntos d\u00e9biles. No obstante, y despu\u00e9s de hablar con varios directivos del equipo blanco, el periodista de la Cadena SER asegura que la tranquilidad reina por el momento: \u00abSon conscientes de que estamos en septiembre y que queda toda la temporada por delante\u00bb. <\/p>\n<p>El problema de cambiar el dibujo<\/p>\n<p>Despu\u00e9s de valorar lo que ha sido el encuentro, Ant\u00f3n Meana ha llegado a la conclusi\u00f3n de que en el Real Madrid va a ser mucho m\u00e1s autocr\u00edticos con Xabi Alonso de lo que fueron en su d\u00eda con Carlo Ancelotti: \u00abAhora en el club quieren ver si realmente va a saber tocar la tecla. El a\u00f1o pasado, Ancelotti dec\u00eda que hab\u00eda encontrado el fallo, que ya sab\u00edan lo que iban a hacer, pero a la hora de la verdad no terminaban haci\u00e9ndolo\u00bb. De ah\u00ed que ahora est\u00e9n todos los ojos fijados sobre Xabi Alonso para ver si el nuevo entrenador blanco es capaz de cambiar varios aspectos para salir reforzado de la derrota o no. <\/p>\n<blockquote class=\"twitter-tweet\">\n<p lang=\"es\" dir=\"ltr\">\u274c \u00abEs un d\u00eda de reflexi\u00f3n, pero no he percibido DRAMA\u00bb<\/p>\n<p>\u2049\ufe0f\ud83d\udc54 \u00abUna derrota que deja con DUDAS a Xabi Alonso\u00bb <\/p>\n<p>\ud83e\udef5 \u00abSe\u00f1alan a los jugadores en tres aspectos: falta de intensidad, falta de claridad y escaso repliegue defensivo\u00bb<\/p>\n<p>\ud83c\udf99\ufe0f Informa <a href=\"https:\/\/twitter.com\/antonmeana?ref_src=twsrc%5Etfw\" rel=\"nofollow noopener\" target=\"_blank\">@antonmeana<\/a> en el <a href=\"https:\/\/twitter.com\/hashtag\/CarruselCanalla?src=hash&amp;ref_src=twsrc%5Etfw\" rel=\"nofollow noopener\" target=\"_blank\">#CarruselCanalla<\/a> <a href=\"https:\/\/t.co\/OQiP1j1CAq\" rel=\"nofollow\">pic.twitter.com\/OQiP1j1CAq<\/a><\/p>\n<p>\u2014 Carrusel Deportivo (@carrusel) <a href=\"https:\/\/twitter.com\/carrusel\/status\/1972428155831877742?ref_src=twsrc%5Etfw\" rel=\"nofollow noopener\" target=\"_blank\">September 28, 2025<\/a><\/p><\/blockquote>\n<p>Porque, bajo su punto de vista, el equipo ha fallado en tres aspectos clave: \u00abLes ha faltado intensidad en los duelos, claridad a la hora de filtrar pases cuando hab\u00eda hueco en el equipo rival y los dos de arriba apenas se han replegado defensivamente. Esto ya lo hac\u00edan los jugadores con el entrenador anterior\u00bb. \u00bfY cu\u00e1les son las razones de esta derrota tan abultada? Seg\u00fan fuentes del club, el cambio de dibujo de Xabi Alonso para meter a Jude Bellingham: \u00abYa le pas\u00f3 lo mismo contra el PSG en el Mundial de Clubes cuando decidi\u00f3 cambiar el dibujo en un partido clave. Las dos veces que le ha cambiado el dibujo para meter a un jugador ha condicionado al resto del equipo\u00bb.<\/p>\n<p>El centro del campo del Atl\u00e9tico<\/p>\n<p>Pero si hay algo que ha molestado realmente en el Real Madrid es que el centro del campo del conjunto blanco haya sucumbido frente al formado por Koke y Barrios: \u00abA pesar de que Koke no est\u00e1 en el mejor momento de su carrera, y que no es uno de los m\u00e1s r\u00e1pidos de la liga, jug\u00f3 muy bien. Y Barrios, para m\u00ed, hizo un partido sensacional. Estuvo muy bien\u00bb. <\/p>\n<p>A pesar de que el conjunto blanco contaba con jugadores como Federico Valverde, Jude Bellingham y Aur\u00e9lien Tchouam\u00e9ni, todos ellos acabaron bailando al ritmo de los jugadores del Atl\u00e9tico: \u00abAyer, con Koke y Barrios, apoyados muy bien por Juli\u00e1n y con Nico y Giuliano apoyando por las bandas, pudieron con el Real Madrid. Y eso que no era un centro del campo para haber sufrido tanto en el medio\u00bb. Simplemente que los jugadores del Atl\u00e9tico estuvieron mucho mejor colocados que los del Real Madrid y eso les permiti\u00f3 llevarse tres puntos fundamentales.<\/p>\n<p>Escucha &#8216;Carrusel Deportivo&#8217; completo<\/p>\n<p><a href=\"https:\/\/cadenaser.com\/podcast\/cadena-ser\/carrusel-deportivo\/323\/\" target=\"_blank\" rel=\"nofollow noopener\" title=\"https:\/\/cadenaser.com\/podcast\/cadena-ser\/carrusel-deportivo\/323\/\">Esto es un fragmento de &#8216;Carrusel Deportivo&#8217;<\/a>, con Dani Garrido. Puedes escuchar el programa completo aqu\u00ed:<\/p>\n<p><img decoding=\"async\" src=\"https:\/\/www.europesays.com\/es\/wp-content\/uploads\/2025\/09\/https:\/\/sdmedia.playser.cadenaser.com\/playser\/image\/20213\/17\/1615993725_asset_still.png\" alt=\"El Real Madrid se\u00f1ala tres aspectos a mejorar tras el derbi y el Bar\u00e7a de Flick y Lamine es nuevo l\u00edder de LaLiga\" width=\"655\"   loading=\"lazy\"\/><\/p>\n<p class=\"tit\">El Real Madrid se\u00f1ala tres aspectos a mejorar tras el derbi y el Bar\u00e7a de Flick y Lamine es nuevo l\u00edder de LaLiga<\/p>\n<p>00:00:0001:42:27<\/p>\n<p>El c\u00f3digo iframe se ha copiado en el portapapeles<\/p>\n<p>FacebookTwitterLinkedinWhatsAppCerrar<\/p>\n<p><script async src=\"https:\/\/platform.twitter.com\/widgets.js\" charset=\"utf-8\"><\/script><\/p>\n","protected":false},"excerpt":{"rendered":"Madrid El Atl\u00e9tico de Madrid se ha impuesto este s\u00e1bado por cinco goles a dos (5-2) al Real&hellip;\n","protected":false},"author":2,"featured_media":146071,"comment_status":"","ping_status":"","sticky":false,"template":"","format":"standard","meta":{"footnotes":""},"categories":[93],"tags":[1765,168,25,24,23,167,1766],"class_list":{"0":"post-146070","1":"post","2":"type-post","3":"status-publish","4":"format-standard","5":"has-post-thumbnail","7":"category-deportes","8":"tag-bestof","9":"tag-deportes","10":"tag-es","11":"tag-espana","12":"tag-spain","13":"tag-sports","14":"tag-topix"},"share_on_mastodon":{"url":"","error":""},"_links":{"self":[{"href":"https:\/\/www.europesays.com\/es\/wp-json\/wp\/v2\/posts\/146070","targetHints":{"allow":["GET"]}}],"collection":[{"href":"https:\/\/www.europesays.com\/es\/wp-json\/wp\/v2\/posts"}],"about":[{"href":"https:\/\/www.europesays.com\/es\/wp-json\/wp\/v2\/types\/post"}],"author":[{"embeddable":true,"href":"https:\/\/www.europesays.com\/es\/wp-json\/wp\/v2\/users\/2"}],"replies":[{"embeddable":true,"href":"https:\/\/www.europesays.com\/es\/wp-json\/wp\/v2\/comments?post=146070"}],"version-history":[{"count":0,"href":"https:\/\/www.europesays.com\/es\/wp-json\/wp\/v2\/posts\/146070\/revisions"}],"wp:featuredmedia":[{"embeddable":true,"href":"https:\/\/www.europesays.com\/es\/wp-json\/wp\/v2\/media\/146071"}],"wp:attachment":[{"href":"https:\/\/www.europesays.com\/es\/wp-json\/wp\/v2\/media?parent=146070"}],"wp:term":[{"taxonomy":"category","embeddable":true,"href":"https:\/\/www.europesays.com\/es\/wp-json\/wp\/v2\/categories?post=146070"},{"taxonomy":"post_tag","embeddable":true,"href":"https:\/\/www.europesays.com\/es\/wp-json\/wp\/v2\/tags?post=146070"}],"curies":[{"name":"wp","href":"https:\/\/api.w.org\/{rel}","templated":true}]}}