{"id":146074,"date":"2025-09-29T09:03:10","date_gmt":"2025-09-29T09:03:10","guid":{"rendered":"https:\/\/www.europesays.com\/es\/146074\/"},"modified":"2025-09-29T09:03:10","modified_gmt":"2025-09-29T09:03:10","slug":"los-domingos-concha-de-oro-del-73-festival-de-san-sebastian","status":"publish","type":"post","link":"https:\/\/www.europesays.com\/es\/146074\/","title":{"rendered":"&#8216;Los domingos&#8217;, Concha de Oro del 73 Festival de San Sebasti\u00e1n"},"content":{"rendered":"<p><a href=\"https:\/\/www.panoramaaudiovisual.com\/wp-content\/uploads\/2025\/09\/73-Festival-de-San-Sebastian-Los-domingos-Alauda-Ruiz-de-Azua.jpg\" rel=\"nofollow noopener\" target=\"_blank\"><img fetchpriority=\"high\" decoding=\"async\" class=\"aligncenter size-large wp-image-256008\" src=\"https:\/\/www.europesays.com\/es\/wp-content\/uploads\/2025\/09\/73-Festival-de-San-Sebastian-Los-domingos-Alauda-Ruiz-de-Azua-605x341.jpg\" alt=\"73 Festival de San Sebasti\u00e1n - Los domingos - Alauda Ruiz de Az\u00faa\" width=\"605\" height=\"341\"  \/><\/a><br \/>\nTercera victoria consecutiva para el cine espa\u00f1ol en el <a href=\"https:\/\/www.sansebastianfestival.com\/es\" target=\"_blank\" rel=\"noopener nofollow\">73\u00ba Festival de San Sebasti\u00e1n<\/a>: despu\u00e9s de que Jaione Camborda alzara la Concha de Oro con \u2018O corno\u2019 (2023) y que Albert Serra hiciera lo propio en 2024 con \u2018Tardes de Soledad\u2019, Alauda Ruiz de Az\u00faa firma un nuevo hito en su trayectoria con \u2018Los domingos\u2019, su tercer largometraje.<\/p>\n<p>Los domingos cuenta la historia de Ainara (Blanca Soroa), una joven idealista y brillante que ha de decidir qu\u00e9 carrera universitaria estudiar\u00e1. Sin embargo, manifiesta que se siente cada vez m\u00e1s cerca de Dios y se plantea abrazar la vida de monja de clausura. La pel\u00edcula relata la reacci\u00f3n de la familia a la noticia, creando un abismo entre ellos. El largometraje, una producci\u00f3n de <a href=\"https:\/\/buenapintamedia.com\/\" target=\"_blank\" rel=\"noopener nofollow\"><strong>Buenapinta Media<\/strong><\/a>, <a href=\"https:\/\/colose.es\/\" target=\"_blank\" rel=\"noopener nofollow\"><strong>Colos\u00e9 Producciones<\/strong><\/a>, <a href=\"https:\/\/www.encantafilms.com\/\" target=\"_blank\" rel=\"noopener nofollow\"><strong>Encanta Films<\/strong><\/a>, <a href=\"https:\/\/sayaka.es\/\" target=\"_blank\" rel=\"noopener nofollow\"><strong>Sayaka Producciones<\/strong><\/a>, <strong>Think Studio<\/strong> y <strong>Telef\u00f3nica Audiovisual Digital<\/strong>, tambi\u00e9n ha alzado el <strong>Premio Irizar al Cine Vasco<\/strong> y el <strong>Premio Zinemaldia<\/strong>.<\/p>\n<p>El jurado de San Sebasti\u00e1n ha otorgado la <strong>Concha de Plata<\/strong> ex aequo a la mejor interpretaci\u00f3n protagonista al actor <strong>Jos\u00e9 Ramon Soroiz<\/strong>, por su papel en Maspalomas (Espa\u00f1a), y a la actriz <strong>Zhao Xiaohong<\/strong>, por Jianyu laide mama \/ Her Heart Beats in Its Cage (China). Adem\u00e1s, <strong>Camila Plaate<\/strong> ha obtenido la <strong>Concha de Plata<\/strong> a la mejor interpretaci\u00f3n de reparto por su interpretaci\u00f3n en Bel\u00e9n (Argentina).<\/p>\n<p><a href=\"https:\/\/www.panoramaaudiovisual.com\/wp-content\/uploads\/2025\/09\/73-Festival-de-San-Sebastian-Los-domingos-Alauda-Ruiz-de-Azua-2.jpg\" rel=\"nofollow noopener\" target=\"_blank\"><img loading=\"lazy\" decoding=\"async\" class=\"aligncenter size-large wp-image-256010\" src=\"https:\/\/www.europesays.com\/es\/wp-content\/uploads\/2025\/09\/73-Festival-de-San-Sebastian-Los-domingos-Alauda-Ruiz-de-Azua-2-605x170.jpg\" alt=\"73 Festival de San Sebasti\u00e1n - Los domingos - Alauda Ruiz de Az\u00faa\" width=\"605\" height=\"170\"  \/><\/a><\/p>\n<p>Joachim Lafosse, que obtuvo la <strong>Concha de Plata a la mejor direcci\u00f3n<\/strong> con Les chevaliers blancs \/ The White Knights (Los caballeros blancos, 2015), ha vuelto a ganar el mismo premio por Six jours ce printemps-l\u00e0 \/ Six Days in Spring (B\u00e9lgica-Francia-Luxemburgo) y tambi\u00e9n el <strong>Premio del Jurado al mejor guion<\/strong>, galard\u00f3n que comparte con <strong>Chlo\u00e9 Duponchelle<\/strong> y <strong>Paul Isma\u00ebl<\/strong>. La distinci\u00f3n a la <strong>mejor fotograf\u00eda<\/strong> ha sido para <strong>Pau Esteve por<\/strong> su trabajo en Los Tigres (Espa\u00f1a).<\/p>\n<p>Adem\u00e1s, el <strong>Premio Especial del Jurado<\/strong> ha reca\u00eddo en Historias del buen valle \/ Good Valley Stories (Espa\u00f1a-Francia), de Jos\u00e9 Luis Guerin, quien ya obtuvo este mismo reconocimiento por En construcci\u00f3n \/ Work in Progress (2001). En esta ocasi\u00f3n, el jurado ha concedido el premio \u201ca una pel\u00edcula que dirige su c\u00e1mara hacia la periferia, hacia rostros y paisajes pocas veces filmados, para trazar una mirada que fluye generosa y humana sobre el tiempo, evocando, en ese viaje, la esencia misma del cine\u201d.<\/p>\n<p>El cineasta <strong>J.A. Bayona<\/strong> ha presidido el Jurado Oficial encargado de configurar el palmar\u00e9s junto a la cineasta portuguesa Laura Carreira y la directora estadounidense Gia Coppola; la actriz Zhou Dongyu; la cantante e int\u00e9rprete argentina Lali Esp\u00f3sito; el actor brit\u00e1nico Mark Strong, y la productora francesa Anne-Dominique Toussaint.<\/p>\n<p><a href=\"https:\/\/www.panoramaaudiovisual.com\/wp-content\/uploads\/2025\/09\/73-Festival-de-San-Sebastian-Emilie-Thalund.jpg\" rel=\"nofollow noopener\" target=\"_blank\"><img loading=\"lazy\" decoding=\"async\" class=\"aligncenter size-large wp-image-256009\" src=\"https:\/\/www.europesays.com\/es\/wp-content\/uploads\/2025\/09\/73-Festival-de-San-Sebastian-Emilie-Thalund-605x170.jpg\" alt=\"73 Festival de San Sebasti\u00e1n - Emilie Thalund\" width=\"605\" height=\"170\"  \/><\/a><br \/>\nM\u00e1s premios oficiales de la 73\u00aa edici\u00f3n del Festival de San Sebasti\u00e1n<\/p>\n<p>Vaegtloes \/ Weightless (Dinamarca), primera pel\u00edcula de Emilie Thalund, ha logrado el <strong>Premio Kutxabank-New Directors<\/strong>, cuyo jurado ha incluido una menci\u00f3n especial para el debut de Irati Gorostidi Agirretxe, Aro berria (Espa\u00f1a), que en su fase de proyecto particip\u00f3 en el programa de residencias Ikusmira Berriak, que organizan el Festival de San Sebasti\u00e1n, Tabakalera y El\u00edas Querejeta Zine Eskola (EQZE). El <strong>Premio Horizontes Make &amp; Mark<\/strong> ha sido para Un poeta \/ A Poet (Colombia-Alemania-Suecia), filme de Sim\u00f3n Mesa Soto que fue estrenado en la secci\u00f3n Un Certain Regard de Cannes, donde obtuvo el Premio del Jurado. El jurado ha entregado tambi\u00e9n dos menciones especiales: una para otro proyecto gestado en Ikusmira Berriak, Hiedra \/ The Ivy (Ecuador-M\u00e9xico-Francia-Espa\u00f1a), de Ana Cristina Barrag\u00e1n, alumni de EQZE que con este t\u00edtulo gan\u00f3 el premio al mejor guion en la secci\u00f3n Orizzonti de la Mostra de Venecia, y otra para Un cabo suelto \/ A Loose End (Uruguay-Argentina-Espa\u00f1a), pel\u00edcula de Daniel Hendler estrenada en la secci\u00f3n Venezia Spotlight que particip\u00f3 en el Foro de Coproducci\u00f3n Europa-Am\u00e9rica Latina de 2023 y el a\u00f1o pasado gan\u00f3 el Premio de la Industria WIP Latam.<\/p>\n<p>Por otro lado, el <strong>Premio Zabaltegi-Tabakalera<\/strong> ha reca\u00eddo en La tour de glace \/ The Ice Tower (La torre de hielo [The Ice Tower]) (Francia-Alemania), el nuevo trabajo de Lucile Hadzihalilovic que gan\u00f3 un Oso de Plata a la contribuci\u00f3n art\u00edstica en la competici\u00f3n oficial de la Berlinale. El jurado, adem\u00e1s, ha decidido entregar dos menciones especiales a Duas vezes Jo\u00e3o Liberada \/ Two Times Jo\u00e3o Liberada (Portugal), de Paula Tom\u00e1s Marques, y a Blue Heron (Canad\u00e1-Hungr\u00eda), de Sophy Romvari; el primer filme es obra de otra alumni de EQZE y fue estrenado en la secci\u00f3n Perspectives de la Berlinale, mientras que el otro obtuvo el Premio Swatch a la mejor \u00f3pera prima en la secci\u00f3n Concorso Cineasti del Presente del Festival de Locarno y el Best Canadian Discovery Award en el Festival de Toronto.<\/p>\n<p>El cortometraje Ako po\u010d\u00fava\u0165 font\u00e1ny \/ How to Listen to Fountains (Eslovaquia), de Eva Sajanov\u00e1 (Academy of Music and Performing Arts \u2013 FTF VSMU, Eslovaquia), ha obtenido el <strong>Premio Nest The Mediapro Studio<\/strong>, mientras que la menci\u00f3n especial fue para The Old Bull Knows, Or Once Knew (India), de Milan Kumar (Film &amp; Television Institute of India, Pune, India). Adem\u00e1s, el <strong>Premio Movistar Plus+ al Mejor Cortometraje<\/strong> y el <strong>Premio Tabakalera<\/strong> han ido a parar, respectivamente, a A solid\u00e3o dos lagartos \/ The Loneliness of Lizards (Espa\u00f1a-Portugal), de In\u00eas Nunes (El\u00edas Querejeta Zine Eskola \u2013 EQZE, Espa\u00f1a), y a So ist das Leben und nicht anders \/ Life is Like That and Not Otherwise (Alemania), de Lenia Friedrich (Academy of Media Arts Cologne \u2013 KHM, Alemania).<\/p>\n<p>El <strong>Premio Culinary Zinema<\/strong> ha sido otorgado a Mam (Francia), de Nan Feix, y el Premio Eusko Label ha reca\u00eddo en los cortometrajes Hatsa (Espa\u00f1a) y Gatz Harana (Espa\u00f1a), con los que Josu Ozaita Azpiroz y Saioa Miguel han logrado el primer y el segundo galard\u00f3n, respectivamente. En lo referido al concurso de <strong>cortometrajes de tem\u00e1tica social<\/strong>, el primer trabajo distinguido con el <strong>Premio Loter\u00edas<\/strong> ha sido Maruja (Espa\u00f1a), de \u00c1lvaro G. Company, y el segundo, Medusas (Espa\u00f1a), de I\u00f1aki S\u00e1nchez Arrieta.<\/p>\n<p>Los domingos \/ Sundays (Espa\u00f1a-Francia), el filme dirigido por Alauda Ruiz de Az\u00faa, no s\u00f3lo ha ganado la Concha de Oro, sino tambi\u00e9n el <strong>Premio FIPRESCI<\/strong> que otorga la cr\u00edtica internacional y el <strong>Premio Irizar al Cine Vasco<\/strong>, cuyo jurado ha otorgado una menci\u00f3n especial a El \u00faltimo arrebato \/ The Last Rapture (Espa\u00f1a), debut en la direcci\u00f3n de Marta Medina y Enrique L\u00f3pez Lavigne incluido en la secci\u00f3n Zabaltegi-Tabakalera.<\/p>\n<p>El <strong>Premio del P\u00fablico Ciudad de Donostia \/ San Sebasti\u00e1n<\/strong> que elige el p\u00fablico de la secci\u00f3n <strong>Perlak<\/strong> ha sido para The Voice of Hind Rajab (La voz de Hind) (T\u00fanez-Francia), el filme de Kaouther Ben Hania que recibi\u00f3 en Venecia el Le\u00f3n de Plata Gran Premio del Jurado, y el <strong>Premio del P\u00fablico a la Mejor pel\u00edcula europea<\/strong> se lo ha llevado el filme de animaci\u00f3n Am\u00e9lie et la m\u00e9taphysique des tubes \/ Little Am\u00e9lie or the Character of Rain (Little Am\u00e9lie) (Francia), con la que Ma\u00eflys Vallade y Liane-Cho Han participaron en las proyecciones especiales del Festival de Cannes y ganaron el Premio del P\u00fablico en el Festival de Annecy.<\/p>\n<p>Finalmente, La misteriosa mirada del flamenco \/ The Mysterious Gaze of the Flamingo (Chile-Francia-Alemania-Espa\u00f1a-B\u00e9lgica), debut de Diego C\u00e9spedes incluido en la secci\u00f3n <strong>Horizontes Latinos<\/strong>, ha conseguido el <strong>Premio DAMA de la Juventud<\/strong>. El filme, que en su fase de proyecto gan\u00f3 el premio a la post-producci\u00f3n en Ikusmira Berriak, recibi\u00f3 este a\u00f1o el Premio Un Certain Regard del Festival de Cannes.<\/p>\n<blockquote><p>\n<a href=\"https:\/\/www.panoramaaudiovisual.com\/wp-content\/uploads\/2024\/09\/Festival-de-San-Sebastian-2024-Albert-Serra-Concha-de-Oro-Tardes-de-soledad-Trofeo.jpg\" rel=\"nofollow noopener\" target=\"_blank\"><img loading=\"lazy\" decoding=\"async\" class=\"aligncenter wp-image-239139\" src=\"https:\/\/www.europesays.com\/es\/wp-content\/uploads\/2025\/09\/Festival-de-San-Sebastian-2024-Albert-Serra-Concha-de-Oro-Tardes-de-soledad-Trofeo-605x265.jpg\" alt=\"Festival de San Sebasti\u00e1n 2024 - Albert Serra Concha de Oro Tardes de soledad\" width=\"541\" height=\"237\"  \/><\/a><br \/>\n<strong>Palmar\u00e9s completo del Festival de San Sebasti\u00e1n 2025<\/strong><\/p>\n<p><strong>Concha de oro a la Mejor Pel\u00edcula \u2013 <\/strong>Los domingos (Alauda Ruiz de Az\u00faa)<\/p>\n<p><strong>Premio especial del jurado<\/strong> \u2013 Historias del buen valle (Jos\u00e9 Luis Guerin)<\/p>\n<p><strong>Concha de plata a la mejor direcci\u00f3n (ex aequo) \u2013 <\/strong>Joachim Lafosse (Six jours ce printemps-l\u00e0 \/ Six days in spring)<\/p>\n<p><strong>Concha de plata a la mejor interpretaci\u00f3n protagonista (ex aequo) \u2013 Jos\u00e9 Ram\u00f3n Soroz <\/strong>(Maspalomas) y Zhao Xiaohong<strong> <\/strong>(Jianyu Laide Mama \/ Her heart beats in its cage)<\/p>\n<p><strong>Concha de plata a la mejor interpretaci\u00f3n de reparto \u2013<\/strong> Camila Plaate (Bel\u00e9n)<\/p>\n<p><strong>Premio del jurado al mejor guion \u2013<\/strong> Joachim Lafosse, Chlo\u00e9 Duponchelle y Paul Isma\u00ebl (Six jours ce printemps-l\u00e0 \/ Six days in spring)<\/p>\n<p><strong>Premio del jurado a la mejor fotograf\u00eda \u2013<\/strong> Pau Esteve (Los tigres)<\/p>\n<p><strong>Premio Kutxabank \u2013 New directors \u2013<\/strong> Vaegtloes \/ Weightless (Emilie Thalund). Menci\u00f3n especial a Aro Berria (Irati Gorostidi Agirretxe)<\/p>\n<p><strong>Premio Horizontes \u2013<\/strong> Un poeta (Sim\u00f3n Mesa Soto). Menci\u00f3n especial a Hiedra (Ana Cristina Barrag\u00e1n) y Un cabo suelto (Daniel Hendler)<\/p>\n<p><strong>Premio Zabaltegi-Tabakalera \u2013 <\/strong>La tour de glace (Lucile Hadzihalilovic). Flechazo a Duas veces Joao Liberada (Paula Tom\u00e1s Marqu\u00e9s). Menci\u00f3n especial a Blue Heron (Sophy Romvari)<\/p>\n<p><strong>Premio Nest \u2013 <\/strong>Premio Nest The Mediapro Studio 2025 a How to listen to fountains (Eva Sajanov\u00e1). Menci\u00f3n especial a The Old Bull knows, or once knew (Milan Kumar). Premio Movistar Plus+ al mejor cortometraje a The lonelinezz of lizards (In\u00eas Nunes). Premio Tabakalera a Life is like that and not otherwise.<\/p>\n<p><strong>Premio Culinary Zinema \u2013<\/strong> Mam (Nan Feix)<\/p>\n<p><strong>Premio Eusko Label \u2013<\/strong> Hatsa \/ Soul (Josu Ozaita Azpiroz). Segundo premio Gatz harana \/ Salt valley (Saioa Miguel)<\/p>\n<p><strong>Premio Loter\u00edas \u2013<\/strong> Maruja (Alvaro G. Company). Segundo premio Medusas (I\u00f1aki S\u00e1nchez Arrieta)<\/p>\n<p><strong>Premio Irizar al cine vasco \u2013<\/strong> Los domingos (Alauda Ruiz de Az\u00faa). Menci\u00f3n especial a El \u00faltimo arrebato (Marta Medina, Enrique L\u00f3pez Lavigne)<\/p>\n<p><strong>Premio del p\u00fablico Ciudad de Donostia \/ San Sebasti\u00e1n \u2013<\/strong> The voice of Hind Rajab (La voz de Hind) (Kaouther Ben Hania)<\/p>\n<p><strong>Premio del p\u00fablico Ciudad de Donosita \/ San Sebasti\u00e1n a la mejor pel\u00edcula europea \u2013<\/strong> Am\u00e9lie et la m\u00e9taphysique des tubes \/ Little Am\u00e9lie or the character of Rain (Ma\u00eflys Vallade, Liane-Cho Han)<\/p>\n<p><strong>Premio DAMA de la juventud \u2013<\/strong> La misteriosa mirada del flamenco (Diego C\u00e9spedes)<\/p>\n<p><strong>Premio de la industria WIP LATAM \u2013<\/strong> Moscas (Fernando Eimbcke)<\/p>\n<p><strong>Premio EGEDA Platino Industria al mejor WIP LATAM \u2013<\/strong> A la hora de poner la mesa ya no \u00e9ramos cinco (Esteban Hoyos Garc\u00eda, Juan Miguel Gelacio Ram\u00edrez)<\/p>\n<p><strong>Premio de la industria WIP Europa \u2013<\/strong> Seiben Tage Februar \/ February, Seven Days (Tatjana Moutchnik)<\/p>\n<p><strong>Premio al Mejor Proyecto del XIV Foro de Coproducci\u00f3n Europa-Amer\u00edca Latina \u2013<\/strong> No me dejen morir solo (Francisco Rodr\u00edguez Teare)<\/p>\n<p><strong>Premio Dale! (Desarrollo Am\u00e9rica Latina-Europa) \u2013<\/strong> Lo que sigue es mi muerte (Laura Baumeister)<\/p>\n<p><strong>Artekino International Prize \u2013<\/strong> La piel del le\u00f3n (\u00c1lvaro Brechner)<\/p>\n<p><strong>Premio Sideral \u2013<\/strong> La koreana, un poema ferromagn\u00e9tico de luz y memoria (Joana Moya Blanco)<\/p>\n<p><strong>Premio Casa Wabi-Escine \u2013<\/strong> No me dejen morir solo (Francisco Rodr\u00edguez Teare)<\/p>\n<p><strong>Premio QCinema \u2013<\/strong> Lo que sigue es mi muerte (Laura Baumeister)<\/p>\n<p><strong>Premio Zinemaldia Startup Challenge Mejor Proyecto Europeo \u2013<\/strong> Novel fire masks engineered with 3d technology<\/p>\n<p><strong>Premio Zinemaldia Startup Challenge Mejor Proyecto Espa\u00f1ol \u2013<\/strong> Quickets<\/p>\n<p><strong>Premio Zinemaldia Startup Challenge \u2013 Menci\u00f3n especial al emprendimiento<\/strong> \u2013 Quickets<\/p>\n<p><strong>Premio del XX Foro de coproducci\u00f3n de documentales Lau Haizetara Music Library \u2013<\/strong> Mariana X BHP (Renan Flumian)<\/p>\n<p><strong>Premio del XX Foro de coproducci\u00f3n de documentales Lau Haizetara Documental Euroregional\u2013<\/strong> Altxaliliak (Maia Iribarne Olhagarai)<\/p>\n<p><strong>Premio del XX Foro de coproducci\u00f3n de documentales Lau Haizetara EPE-IBAIA-ELKARGI \u2013<\/strong>La incre\u00edble historia de una pel\u00edcula que no hemos visto (Claudia Ch\u00e1vez Levano \u2013 Christine Mladic Christine Mladic Janney)<\/p>\n<p><strong>Premio RTVE \u2013 Otra mirada \u2013<\/strong> Las corrientes (Milagros Mumenthaler). Menci\u00f3n especial a Bel\u00e9n (Dolores Fonzi)<\/p>\n<p><strong>Premio de la cooperaci\u00f3n espa\u00f1ola \u2013<\/strong> Historias del buen valle (Jos\u00e9 Luis Guerin)<\/p>\n<p><strong>Premio Agenda 2030 Euskadi Basque Country \u2013<\/strong> The voice of Hind Rajab (Kaouther Ben Hania)<\/p>\n<p><strong>Premio Dunia Ayaso \u2013<\/strong> Los Tortuga (Bel\u00e9n Funes). Menci\u00f3n especial: Mi amiga eva (Cesc Gay)<\/p>\n<p><strong>Premios Donostia \u2013<\/strong> Esther Garc\u00eda y Jennifer Lawrence<\/p>\n<p><strong>Premio Zinemira \u2013<\/strong> Asier Altuna, Telmo Esnal<\/p>\n<p><strong>Premio Fipresci \u2013<\/strong> Los domingos (Alauda Ruiz de Az\u00faa)<\/p>\n<p><strong>Premio Feroz Zinemaldia 2025 \u2013<\/strong> Los domingos (Alauda Ruiz de Az\u00faa)<\/p>\n<p><strong>Premio Gidoi + SGAE al mejor guionista de Euskal Herria 2025 <\/strong>\u2013 Borja Cobeaga (Los aitas)<\/p>\n<p><strong>Premio Sebastiane 2025 \u2013<\/strong> Maspalomas (Jose Mari Goenaga, Aitor Arregi)<\/p>\n<p><strong>Premio Lurra \u2013 Greenpeace \u2013<\/strong> Historias del buen valle (Jos\u00e9 Luis Guerin)<\/p>\n<p><strong>Premio Signis \u2013<\/strong> Los domingos (Alauda Ruiz de Az\u00faa)<\/p>\n<p><strong>Premio Ateneo Guipuzcoano \u2013<\/strong> Nuremberg (James Vanderbilt)<\/p>\n<\/blockquote>\n<p>\u00bfTe gust\u00f3 este art\u00edculo?<\/p>\n<p>Suscr\u00edbete a nuestro  <a href=\"https:\/\/www.panoramaaudiovisual.com\/alta-en-newsletter\/\" rel=\"nofollow noopener\" target=\"_blank\">NEWSLETTER<\/a> y no te perder\u00e1s nada.<\/p>\n<p>                <strong>Otros art\u00edculos sobre <a href=\"https:\/\/www.panoramaaudiovisual.com\/tag\/buenapinta-media\/\" rel=\"tag nofollow noopener\" target=\"_blank\">Buenapinta Media<\/a>, <a href=\"https:\/\/www.panoramaaudiovisual.com\/tag\/colose\/\" rel=\"tag nofollow noopener\" target=\"_blank\">Colos\u00e9<\/a>, <a href=\"https:\/\/www.panoramaaudiovisual.com\/tag\/encanta-films\/\" rel=\"tag nofollow noopener\" target=\"_blank\">Encanta Films<\/a>, <a href=\"https:\/\/www.panoramaaudiovisual.com\/tag\/festivales\/\" rel=\"tag nofollow noopener\" target=\"_blank\">Festivales<\/a>, <a href=\"https:\/\/www.panoramaaudiovisual.com\/tag\/san-sebastian\/\" rel=\"tag nofollow noopener\" target=\"_blank\">San Sebasti\u00e1n<\/a>, <a href=\"https:\/\/www.panoramaaudiovisual.com\/tag\/sayaka\/\" rel=\"tag nofollow noopener\" target=\"_blank\">Sayaka<\/a>, <a href=\"https:\/\/www.panoramaaudiovisual.com\/tag\/think-studio\/\" rel=\"tag nofollow noopener\" target=\"_blank\">Think Studio<\/a><\/strong>\t\t\t<br \/>\nOtros art\u00edculos relacionados<\/p>\n","protected":false},"excerpt":{"rendered":"Tercera victoria consecutiva para el cine espa\u00f1ol en el 73\u00ba Festival de San Sebasti\u00e1n: despu\u00e9s de que Jaione&hellip;\n","protected":false},"author":2,"featured_media":146075,"comment_status":"","ping_status":"","sticky":false,"template":"","format":"standard","meta":{"footnotes":""},"categories":[91],"tags":[44929,44930,44931,146,147,25,24,5270,6086,44932,23,44933],"class_list":{"0":"post-146074","1":"post","2":"type-post","3":"status-publish","4":"format-standard","5":"has-post-thumbnail","7":"category-entretenimiento","8":"tag-buenapinta-media","9":"tag-colose","10":"tag-encanta-films","11":"tag-entertainment","12":"tag-entretenimiento","13":"tag-es","14":"tag-espana","15":"tag-festivales","16":"tag-san-sebastian","17":"tag-sayaka","18":"tag-spain","19":"tag-think-studio"},"share_on_mastodon":{"url":"","error":""},"_links":{"self":[{"href":"https:\/\/www.europesays.com\/es\/wp-json\/wp\/v2\/posts\/146074","targetHints":{"allow":["GET"]}}],"collection":[{"href":"https:\/\/www.europesays.com\/es\/wp-json\/wp\/v2\/posts"}],"about":[{"href":"https:\/\/www.europesays.com\/es\/wp-json\/wp\/v2\/types\/post"}],"author":[{"embeddable":true,"href":"https:\/\/www.europesays.com\/es\/wp-json\/wp\/v2\/users\/2"}],"replies":[{"embeddable":true,"href":"https:\/\/www.europesays.com\/es\/wp-json\/wp\/v2\/comments?post=146074"}],"version-history":[{"count":0,"href":"https:\/\/www.europesays.com\/es\/wp-json\/wp\/v2\/posts\/146074\/revisions"}],"wp:featuredmedia":[{"embeddable":true,"href":"https:\/\/www.europesays.com\/es\/wp-json\/wp\/v2\/media\/146075"}],"wp:attachment":[{"href":"https:\/\/www.europesays.com\/es\/wp-json\/wp\/v2\/media?parent=146074"}],"wp:term":[{"taxonomy":"category","embeddable":true,"href":"https:\/\/www.europesays.com\/es\/wp-json\/wp\/v2\/categories?post=146074"},{"taxonomy":"post_tag","embeddable":true,"href":"https:\/\/www.europesays.com\/es\/wp-json\/wp\/v2\/tags?post=146074"}],"curies":[{"name":"wp","href":"https:\/\/api.w.org\/{rel}","templated":true}]}}