{"id":146080,"date":"2025-09-29T09:06:09","date_gmt":"2025-09-29T09:06:09","guid":{"rendered":"https:\/\/www.europesays.com\/es\/146080\/"},"modified":"2025-09-29T09:06:09","modified_gmt":"2025-09-29T09:06:09","slug":"un-cura-combativo-con-la-mafia-en-napoles-recibe-una-bala-en-un-panuelo-en-plena-misa-internacional","status":"publish","type":"post","link":"https:\/\/www.europesays.com\/es\/146080\/","title":{"rendered":"Un cura combativo con la mafia en N\u00e1poles recibe una bala en un pa\u00f1uelo en plena misa | Internacional"},"content":{"rendered":"<p class=\"\">Maurizio Patriciello, c\u00e9lebre cura del municipio de Caivano que se ha enfrentado a la Camorra en Campania, la regi\u00f3n de N\u00e1poles, ha recibido siempre muchas amenazas y lleva a\u00f1os con escolta, pero nunca le hab\u00edan lanzado una se\u00f1al tan directa en plena misa: este domingo, en el momento de la comuni\u00f3n en la iglesia de San Pablo Ap\u00f3stol, un hombre se acerc\u00f3, le entreg\u00f3 un pa\u00f1uelo hecho un ovillo y dentro hab\u00eda una bala, de calibre 9&#215;21. El p\u00e1rroco ha recibido mensajes de solidaridad del presidente de la Rep\u00fablica, Sergio Mattarella, y de la primera ministra, Giorgia Meloni, entre otros. El ministerio de Interior le ha reforzado la escolta. <\/p>\n<p class=\"\">El individuo se larg\u00f3 a toda velocidad de la iglesia, pero fue detenido por los agentes de seguridad del p\u00e1rroco. Era Vittorio De Luca, de 75 a\u00f1os, suegro de un capo de un clan de la zona, los Ciccarelli-Sautto. Ha sido acusado de acto persecutorio con la agravante de m\u00e9todo mafioso. La verdad es que es alguien del que se sospecha que no est\u00e1 bien de la cabeza \u2015en 2024 ya fue sorprendido con un cuchillo en el templo\u2015 y los expertos han indicado que es una forma an\u00f3mala de proceder en la Camorra. Tiene otras formas de intimidaci\u00f3n m\u00e1s discretas y eficaces, como el resto de mafias italianas. Por ejemplo, la semana pasada, la periodista Giorgia Venturini, que se ocupa de mafia en <a href=\"https:\/\/www.fanpage.it\/\" target=\"_self\" rel=\"nofollow noopener\" title=\"https:\/\/www.fanpage.it\/\">el diario digital Fanpage<\/a>, recibi\u00f3 en su casa de Monza, en el norte del pa\u00eds, un saco negro con una cabeza de cabrito despellejada.<\/p>\n<p class=\"\">Pero de todos modos el incidente de Caivano es una se\u00f1al de c\u00f3mo es la situaci\u00f3n en el barrio de Parco Verde de Caivano, que no es un lugar cualquiera. De hecho, el casquillo puede ser de una de las balas usadas el s\u00e1bado por la noche en el \u00faltimo incidente: <a href=\"https:\/\/elpais.com\/internacional\/2024-11-10\/horror-en-napoles-ante-adolescentes-con-pistolas-que-matan-por-mancharles-las-zapatillas.html\" target=\"_self\" rel=\"nofollow noopener\" title=\"https:\/\/elpais.com\/internacional\/2024-11-10\/horror-en-napoles-ante-adolescentes-con-pistolas-que-matan-por-mancharles-las-zapatillas.html\">un grupo de j\u00f3venes a bordo de ciclomotores dispar\u00f3 tiros<\/a> al aire cerca de la iglesia, en la entrada de un parque inclusivo inaugurado esa misma ma\u00f1ana y en el que trabaja una de las asociaciones de voluntarios que trata de cambiar las cosas en el municipio. Fue una se\u00f1al m\u00e1s de intimidaci\u00f3n de los <a href=\"https:\/\/elpais.com\/internacional\/2021-04-28\/napoles-declara-la-guerra-a-los-altares-de-la-camorra.html#?rel=mas\" target=\"_self\" rel=\"nofollow noopener\" title=\"https:\/\/elpais.com\/internacional\/2021-04-28\/napoles-declara-la-guerra-a-los-altares-de-la-camorra.html#?rel=mas\">clanes locales de baby gang, bandas juveniles<\/a>, contra quienes se oponen a ellos. <\/p>\n<p><img decoding=\"auto\" class=\"_re lazyload a_m-h\" height=\"276\"  width=\"414\"  src=\"https:\/\/www.europesays.com\/es\/wp-content\/uploads\/2025\/09\/K6AYQNUKRRBXNDIPC7GVKHCBJU.jpg\" loading=\"lazy\"\/>La primera ministra italiana, Giorgia Meloni, saluda al sacerdote Maurizio Patriciello en un acto en la C\u00e1mara de Diputados en mayo de 2024.Mauro Scrobogna (Alamy Stock Photo)<\/p>\n<p class=\"\">Este municipio de 35.000 vecinos en la gran periferia urbana de N\u00e1poles es, para su desgracia, un s\u00edmbolo de la degradaci\u00f3n de uno de tantos enclaves en manos de la delincuencia organizada y el narcotr\u00e1fico. Y tambi\u00e9n de las soluciones extremas para combatirla. La localidad salt\u00f3 a los titulares de los medios en el verano de 2023 por un atroz suceso, la violaci\u00f3n de dos chicas menores a manos de un grupo de seis j\u00f3venes. El Gobierno de Meloni, que llevaba pocos meses en el poder, lo tom\u00f3 como la ocasi\u00f3n de dar una se\u00f1al de autoridad y mano dura contra las bandas violentas de adolescentes. Aprob\u00f3 un controvertido decreto, que se bautiz\u00f3 como decreto Caivano, con duras penas para delincuentes menores y juveniles, pero tambi\u00e9n con medidas contra el abandono escolar, educativas y sociales. Adem\u00e1s, env\u00edo el ej\u00e9rcito a limpiar y reconstruir el polideportivo abandonado donde tuvo lugar la agresi\u00f3n.<\/p>\n<p class=\"\">El decreto luego ha sido muy criticado, por ejemplo, por <a href=\"https:\/\/elpais.com\/cultura\/2025-07-20\/roberto-saviano-para-que-te-crean-hay-que-morir-como-falcone-o-arriesgarse-a-morir-en-que-mundo-vivimos.html\" target=\"_self\" rel=\"nofollow noopener\" title=\"https:\/\/elpais.com\/cultura\/2025-07-20\/roberto-saviano-para-que-te-crean-hay-que-morir-como-falcone-o-arriesgarse-a-morir-en-que-mundo-vivimos.html\">el escritor Roberto Saviano<\/a>, que lo ve solo como una soluci\u00f3n punitiva que llena las c\u00e1rceles de chavales y no les da ninguna esperanza. En cambio, Maurizio Patriciello, el cura ahora amenazado, alab\u00f3 desde el principio la iniciativa y la implicaci\u00f3n personal de Meloni con el problema, aunque ya advirti\u00f3 que el aumento de agentes est\u00e1 bien, pero necesitar\u00edan \u201cun ej\u00e9rcito de profesores y trabajadores sociales\u201d. Ahora, de hecho, ha achacado el aumento de amenazas a los progresos realizados: \u201cEn Caivano y alrededores, el crimen organizado, arraigado desde hace a\u00f1os, ha sufrido un duro golpe en los \u00faltimos meses (&#8230;) A pesar de un trabajo hasta ahora nunca visto, los delincuentes intentan llenar el vac\u00edo que dejan los detenidos. Es un mecanismo ya engrasado\u201d.<\/p>\n<p class=\"\">El gesto intimidatorio contra el sacerdote puede ser una respuesta a las duras palabras que hab\u00eda tenido el d\u00eda anterior en redes sociales, que tampoco son nuevas, tras el tiroteo registrado en las inmediaciones de la iglesia. \u201cLos terroristas que han sembrado el p\u00e1nico en Caivano eran todos muy j\u00f3venes. \u00a1Chicos, en el nombre de Dios, deteneos! Disfrutad de vuestra bella juventud. El camino que hab\u00e9is elegido es un callej\u00f3n sin salida. Acaba siempre en la c\u00e1rcel o en el cementerio. Siempre. Vosotros los sab\u00e9is. Tontos, no os hag\u00e1is ilusiones. No sois m\u00e1s despiadados de quien os ha precedido. En Caivano algo est\u00e1 cambiando\u201d, escribi\u00f3 Patriciello. <\/p>\n<p class=\"\">En 2023, en una comparecencia parlamentaria, el sacerdote explic\u00f3 que las ra\u00edces de la degeneraci\u00f3n de Caivano son lejanas, pues naci\u00f3 del traslado de emergencia de vecinos de barrios pobres de N\u00e1poles tras el terremoto en 1980: \u201cMe pregunto c\u00f3mo el Estado permiti\u00f3 que existieran barrios como Parco Verde. No hace falta mucho para darse cuenta de que estos barrios solo pod\u00edan producir estos frutos, quien lo quiso as\u00ed merece ir a la c\u00e1rcel. Hacinar a todas las familias pobres de los barrios m\u00e1s pobres y degradados de N\u00e1poles en un solo lugar y abandonarlas a su suerte fue una terrible tragedia de la que nadie puede lavarse las manos ahora\u201d.<\/p>\n","protected":false},"excerpt":{"rendered":"Maurizio Patriciello, c\u00e9lebre cura del municipio de Caivano que se ha enfrentado a la Camorra en Campania, la&hellip;\n","protected":false},"author":2,"featured_media":146081,"comment_status":"","ping_status":"","sticky":false,"template":"","format":"standard","meta":{"footnotes":""},"categories":[42],"tags":[17,18,44934,27522,44935,20047,13,14,14655,11,401,61,62,63,64,628,19,20,18259,9494,7337,9,10,15,16,12,21,22,65,66,67],"class_list":{"0":"post-146080","1":"post","2":"type-post","3":"status-publish","4":"format-standard","5":"has-post-thumbnail","7":"category-internacional","8":"tag-breaking-news","9":"tag-breakingnews","10":"tag-camorra","11":"tag-crimen-organizado","12":"tag-curas","13":"tag-delincuencia-juvenil","14":"tag-featured-news","15":"tag-featurednews","16":"tag-giorgia-meloni","17":"tag-headlines","18":"tag-iglesia-catolica","19":"tag-internacional","20":"tag-international","21":"tag-international-news","22":"tag-internationalnews","23":"tag-italia","24":"tag-latest-news","25":"tag-latestnews","26":"tag-mafia","27":"tag-napoles","28":"tag-narcotrafico","29":"tag-news","30":"tag-noticias","31":"tag-noticias-destacadas","32":"tag-noticiasdestacadas","33":"tag-titulares","34":"tag-ultimas-noticias","35":"tag-ultimasnoticias","36":"tag-world","37":"tag-world-news","38":"tag-worldnews"},"share_on_mastodon":{"url":"","error":""},"_links":{"self":[{"href":"https:\/\/www.europesays.com\/es\/wp-json\/wp\/v2\/posts\/146080","targetHints":{"allow":["GET"]}}],"collection":[{"href":"https:\/\/www.europesays.com\/es\/wp-json\/wp\/v2\/posts"}],"about":[{"href":"https:\/\/www.europesays.com\/es\/wp-json\/wp\/v2\/types\/post"}],"author":[{"embeddable":true,"href":"https:\/\/www.europesays.com\/es\/wp-json\/wp\/v2\/users\/2"}],"replies":[{"embeddable":true,"href":"https:\/\/www.europesays.com\/es\/wp-json\/wp\/v2\/comments?post=146080"}],"version-history":[{"count":0,"href":"https:\/\/www.europesays.com\/es\/wp-json\/wp\/v2\/posts\/146080\/revisions"}],"wp:featuredmedia":[{"embeddable":true,"href":"https:\/\/www.europesays.com\/es\/wp-json\/wp\/v2\/media\/146081"}],"wp:attachment":[{"href":"https:\/\/www.europesays.com\/es\/wp-json\/wp\/v2\/media?parent=146080"}],"wp:term":[{"taxonomy":"category","embeddable":true,"href":"https:\/\/www.europesays.com\/es\/wp-json\/wp\/v2\/categories?post=146080"},{"taxonomy":"post_tag","embeddable":true,"href":"https:\/\/www.europesays.com\/es\/wp-json\/wp\/v2\/tags?post=146080"}],"curies":[{"name":"wp","href":"https:\/\/api.w.org\/{rel}","templated":true}]}}