{"id":146082,"date":"2025-09-29T09:07:08","date_gmt":"2025-09-29T09:07:08","guid":{"rendered":"https:\/\/www.europesays.com\/es\/146082\/"},"modified":"2025-09-29T09:07:08","modified_gmt":"2025-09-29T09:07:08","slug":"ayuso-denuncia-que-el-sistema-viogen-y-las-pulseras-antimaltrato-no-funcionan","status":"publish","type":"post","link":"https:\/\/www.europesays.com\/es\/146082\/","title":{"rendered":"Ayuso denuncia que el sistema Viog\u00e9n y las pulseras antimaltrato \u00abno funcionan\u00bb"},"content":{"rendered":"<p class=\"mce\">La presidenta de la Comunidad de Madrid, <strong class=\"mce\">Isabel D\u00edaz Ayuso<\/strong>, ha asegurado este lunes que el<strong class=\"mce\"> sistema VioG\u00e9n y las pulseras antimaltraro \u00abno funcionan\u00bb<\/strong> y ha pedido al Gobierno de la naci\u00f3n \u00abque deje de mentir\u00bb y deje de impulsar \u00ableyes sectarias y lejos del rigor jur\u00eddico\u00bb que hacen que \u00ablas mujeres est\u00e9n completamente desprotegidas\u00bb.<\/p>\n<p class=\"mce\">\u00abLo que estoy viendo todos los d\u00edas es que cada vez que sale una mujer que ha fallecido por violencia de g\u00e9nero estaba en el sistema de Viog\u00e9n\u00bb, ha denunciado la presidenta en una entrevista en &#8216;Telecinco&#8217;, recogida por Europa Press, tras el \u00faltimo asesinato de una mujer de 28 a\u00f1os en Sevilla.<\/p>\n<p class=\"mce\">D\u00edaz Ayuso ha criticado que \u00abno dimita nunca nadie\u00bb pese a los problemas que est\u00e1 habiendo con estas mujeres y los fallos de las pulseras y ha pedido no \u00abacostumbrarse\u00bb a que las cosas no funcionen en Espa\u00f1a. \u00abEsto pasa como con las estaciones de tren.<\/p>\n<p>                <a href=\"https:\/\/www.telemadrid.es\/programas\/telenoticias-fin-de-semana\/Madrid-pide-a-la-ministra-Redondo-que-dimita-por-los-fallos-en-las-pulseras-antimaltrato-2-2820337940--20250928093024.html\" class=\"lnk\" target=\"_blank\" rel=\"nofollow noopener\">Madrid pide a la ministra Redondo que dimita por los fallos en las pulseras antimaltrato<\/a><\/p>\n<p class=\"mce\">A m\u00ed me parece muy bien que le pongan nombres de mujeres a las estaciones de tren de Espa\u00f1a. Pero me importa m\u00e1s, como mujer y como hombre, que llegue el tren a tiempo. Nos utilizan. Es el pretendido feminismo del Gobierno\u00bb, ha reprochado.<\/p>\n","protected":false},"excerpt":{"rendered":"La presidenta de la Comunidad de Madrid, Isabel D\u00edaz Ayuso, ha asegurado este lunes que el sistema VioG\u00e9n&hellip;\n","protected":false},"author":2,"featured_media":146083,"comment_status":"","ping_status":"","sticky":false,"template":"","format":"standard","meta":{"footnotes":""},"categories":[8],"tags":[17,18,25,24,13,14,11,19,20,9,10,2659,7594,7596,7597,7595,15,7598,16,23,12,21,22],"class_list":{"0":"post-146082","1":"post","2":"type-post","3":"status-publish","4":"format-standard","5":"has-post-thumbnail","7":"category-espana","8":"tag-breaking-news","9":"tag-breakingnews","10":"tag-es","11":"tag-espana","12":"tag-featured-news","13":"tag-featurednews","14":"tag-headlines","15":"tag-latest-news","16":"tag-latestnews","17":"tag-news","18":"tag-noticias","19":"tag-noticias-de-madrid","20":"tag-noticias-de-madrid-de-hoy","21":"tag-noticias-de-madrid-en-directo","22":"tag-noticias-de-madrid-en-vivo","23":"tag-noticias-de-madrid-ultima-hora","24":"tag-noticias-destacadas","25":"tag-noticias-madrid-en-vivo","26":"tag-noticiasdestacadas","27":"tag-spain","28":"tag-titulares","29":"tag-ultimas-noticias","30":"tag-ultimasnoticias"},"share_on_mastodon":{"url":"","error":""},"_links":{"self":[{"href":"https:\/\/www.europesays.com\/es\/wp-json\/wp\/v2\/posts\/146082","targetHints":{"allow":["GET"]}}],"collection":[{"href":"https:\/\/www.europesays.com\/es\/wp-json\/wp\/v2\/posts"}],"about":[{"href":"https:\/\/www.europesays.com\/es\/wp-json\/wp\/v2\/types\/post"}],"author":[{"embeddable":true,"href":"https:\/\/www.europesays.com\/es\/wp-json\/wp\/v2\/users\/2"}],"replies":[{"embeddable":true,"href":"https:\/\/www.europesays.com\/es\/wp-json\/wp\/v2\/comments?post=146082"}],"version-history":[{"count":0,"href":"https:\/\/www.europesays.com\/es\/wp-json\/wp\/v2\/posts\/146082\/revisions"}],"wp:featuredmedia":[{"embeddable":true,"href":"https:\/\/www.europesays.com\/es\/wp-json\/wp\/v2\/media\/146083"}],"wp:attachment":[{"href":"https:\/\/www.europesays.com\/es\/wp-json\/wp\/v2\/media?parent=146082"}],"wp:term":[{"taxonomy":"category","embeddable":true,"href":"https:\/\/www.europesays.com\/es\/wp-json\/wp\/v2\/categories?post=146082"},{"taxonomy":"post_tag","embeddable":true,"href":"https:\/\/www.europesays.com\/es\/wp-json\/wp\/v2\/tags?post=146082"}],"curies":[{"name":"wp","href":"https:\/\/api.w.org\/{rel}","templated":true}]}}