{"id":146084,"date":"2025-09-29T09:08:10","date_gmt":"2025-09-29T09:08:10","guid":{"rendered":"https:\/\/www.europesays.com\/es\/146084\/"},"modified":"2025-09-29T09:08:10","modified_gmt":"2025-09-29T09:08:10","slug":"la-cientifica-melissa-garcia-caballero-premio-nacional-de-investigacion-para-jovenes-2025","status":"publish","type":"post","link":"https:\/\/www.europesays.com\/es\/146084\/","title":{"rendered":"La cient\u00edfica Melissa Garc\u00eda Caballero, Premio Nacional de Investigaci\u00f3n para J\u00f3venes 2025"},"content":{"rendered":"<p><strong>La UMA suma tres investigadoras en conseguir esta distinci\u00f3n, la m\u00e1s importante de Espa\u00f1a en el \u00e1mbito de la I+D+i<\/strong><\/p>\n<p class=\"MsoNormal\">La cient\u00edfica del Departamento de Biolog\u00eda Molecular y Bioqu\u00edmica de la Universidad de M\u00e1laga Melissa Garc\u00eda Caballero es una de las galardonadas en los <a href=\"https:\/\/www.ciencia.gob.es\/Noticias\/2025\/septiembre\/concesion-premios-nacionales-investigacion-2025.html\" rel=\"nofollow noopener\" target=\"_blank\">Premios Nacionales de Investigaci\u00f3n para J\u00f3venes 2025<\/a>, concedidos por el Ministerio de Ciencia, Innovaci\u00f3n y Universidades (MICIU) y considerados como la distinci\u00f3n m\u00e1s importante de Espa\u00f1a en el \u00e1mbito de la I+D+i.<\/p>\n<p class=\"MsoNormal\">Estos premios cuentan con 20 modalidades distintas, dotadas cada una con 30.000 euros. En concreto, la profesora de la Facultad de Ciencias de la UMA ha sido reconocida en la modalidad Gabriela Morreale, en Medicina y Ciencias de la Salud \u201cpor su originalidad, excelencia y la orientaci\u00f3n traslacional de su investigaci\u00f3n en biolog\u00eda vascular y microambiente tumoral utilizando aproximaciones innovadoras y tecnolog\u00edas de vanguardia de imagen y modelos 3D\u201d.<\/p>\n<p class=\"MsoNoSpacing\"><strong>Liderazgo femenino<\/strong><\/p>\n<p class=\"MsoNoSpacing\">Con este nuevo galard\u00f3n, ya son tres las investigadoras de la UMA que lo consiguen en los \u00faltimos cinco a\u00f1os, constatado el liderazgo del personal investigador en clave femenina de la instituci\u00f3n malague\u00f1a: las otras dos galardonas con este prestigioso premio son\u00a0<a href=\"https:\/\/www.uma.es\/sala-de-prensa\/noticias\/la-catedratica-de-traduccion-e-interpretacion-gloria-corpas-premio-nacional-de-investigacion-2024\/\" rel=\"nofollow noopener\" target=\"_blank\">Gloria Corpas<\/a> con el Premio Nacional de Investigaci\u00f3n 2024 y <a href=\"https:\/\/www.uma.es\/sala-de-prensa\/noticias\/la-psicologa-diana-lopez-barroso-premio-nacional-de-investigacion-para-jovenes\/\" rel=\"nofollow noopener\" target=\"_blank\">Diana L\u00f3pez-Barroso<\/a> con el Premio Nacional de Investigaci\u00f3n para J\u00f3venes 2022.<\/p>\n<p class=\"MsoNoSpacing\">La Universidad de M\u00e1laga consolida, as\u00ed, su pujante posici\u00f3n tanto \u00a0en\u00a0<a href=\"https:\/\/www.uma.es\/sala-de-prensa\/noticias\/la-uma-certifica-su-pujante-capacidad-investigadora-y-su-productividad-en-la-captacion-de-fondos-adicionales\/\" rel=\"nofollow noopener\" target=\"_blank\">captaci\u00f3n de fondos<\/a>\u00a0p\u00fablicos como en talento cient\u00edfico, lo que certifica su creciente empuje a la I+D de excelencia.<\/p>\n<p class=\"MsoNormal\">La ministra de Ciencia, Innovaci\u00f3n y Universidades, Diana Morant, hizo p\u00fablico este viernes los nombres de los premiados, destacando que<strong> <\/strong>\u201cse ha consolidado la paridad en las candidaturas, ya que el 55 por ciento han sido de mujeres, (\u2026) y que \u201cen esta edici\u00f3n, seis de los diez Premios Nacionales de Investigaci\u00f3n han reca\u00eddo en investigadoras, una cifra hist\u00f3rica\u201d.<\/p>\n<p class=\"MsoNormal\" style=\"text-align: center;\"><img decoding=\"async\" alt=\"\" src=\"https:\/\/www.europesays.com\/es\/wp-content\/uploads\/2025\/09\/MELISSA.jpeg\" width=\"40%\"\/><\/p>\n<p class=\"MsoNormal\"><strong>Protagonistas<\/strong><\/p>\n<p>Los galardonados con los Premios Nacionales de Investigaci\u00f3n 2025, que distinguen a aquellos investigadores de Espa\u00f1a que destacan por su dilatada carrera cient\u00edfica y su relevancia internacional en sus respectivas \u00e1reas de investigaci\u00f3n, han sido:\u00a0Andr\u00e9s Aguilera L\u00f3pez, Mar\u00eda Pau Ginebra Molins, Ignacio De la Torre Sainz, Josep Dalmau Obrador, Ana Mar\u00eda Traveset Vilagin\u00e9s, Juan Garc\u00eda-Bellido Capdevila, Mar\u00eda del Carme\u00a0Rovira Virgili, Mar\u00eda Soledad Mart\u00edn Gonz\u00e1lez, Nuria Mar\u00eda Oliver Ram\u00edrez y Montserrat Guillen Estany.\u00a0<\/p>\n<p>Por otra parte, los galardonados con los Premios Nacionales de Investigaci\u00f3n para J\u00f3venes, que reconocen el m\u00e9rito de las personas investigadoras espa\u00f1olas con edad m\u00e1xima de 40 a\u00f1os y logros relevantes en las primeras etapas de sus carreras han sido:\u00a0Arnau Seb\u00e9 Pedr\u00f3s, Sergi Abadal Cavall\u00e9, Marta S\u00e1nchez De la Torre, Melissa Garc\u00eda Caballero, Marcos Fern\u00e1ndez Mart\u00ednez, Mar\u00eda Jos\u00e9 Mart\u00ednez P\u00e9rez, Jes\u00fas Campos Manzano, Fernando Manuel Moreno Navarro, Jezabel Curbelo Hern\u00e1ndez y Enrique Hern\u00e1ndez P\u00e9rez.<\/p>\n<p><strong>Melissa Garc\u00eda Caballero\u00a0<\/strong>es investigadora \u2018Beatriz Galindo\u2019 junior del Departamento de Biolog\u00eda Molecular y Bioqu\u00edmica de la Universidad de M\u00e1laga desde 2021.\u00a0Licenciada y doctora (2013) en Biolog\u00eda por la UMA, comenz\u00f3 su etapa postdoctoral como becaria \u2018Marie Curie\u2019 en el \u2018Laboratory of Tumors and Developmental Biology-GIGA Cancer\u2019 de la Universidad de Lieja (B\u00e9lgica). En 2017 inici\u00f3 su segunda estancia en el \u2018Laboratory of Angiogenesis and Vascular Metabolism\u2019 (Universidad Cat\u00f3lica de Lovaina, B\u00e9lgica), junto al profesor Peter Carmeliet.<\/p>\n<p>En su haber cuenta con numerosos reconocimientos que avalan su destacado curr\u00edculo acad\u00e9mico y cient\u00edfico. El pasado a\u00f1o fue reconocida con uno de los <a href=\"https:\/\/www.uma.es\/sala-de-prensa\/noticias\/tres-docentes-de-la-uma-premios-malaga-de-investigacion-2024\/\" rel=\"nofollow noopener\" target=\"_blank\">Premios M\u00e1laga de Investigaci\u00f3n<\/a> y en 2022 obtuvo la distinci\u00f3n del <a href=\"https:\/\/www.uma.es\/sala-de-prensa\/noticias\/la-investigadora-melissa-garcia-caballero-premiada-por-el-programa-loreal-unesco-women-science\/\" rel=\"nofollow noopener\" target=\"_blank\">programa L\u2019Or\u00e9al-UNESCO \u2018For Women in Science\u2019<\/a>, que cada a\u00f1o selecciona\u00a0los trabajos m\u00e1s punteros\u00a0de\u00a0cinco investigadoras\u00a0nacionales\u00a0menores de 40 a\u00f1os.<\/p>\n<p>Igualmente, en 2021 logr\u00f3 una de las siete ayudas a la investigaci\u00f3n que la Asociaci\u00f3n Espa\u00f1ola contra el C\u00e1ncer concedi\u00f3 en M\u00e1laga, en concreto la\u00a0<a href=\"https:\/\/www.uma.es\/sala-de-prensa\/noticias\/la-investigadora-melissa-garcia-recibe-la-ayuda-lab-aecc-para-desarrollar-nuevas-terapias-contra-la-metastasis\/\" rel=\"nofollow noopener\" target=\"_blank\">\u2018Ayuda LAB AECC 2021\u2019<\/a>, dotada con 300.000 euros, y ese mismo a\u00f1o fue tambi\u00e9n distinguida con el premio\u00a0<a href=\"https:\/\/www.uma.es\/sala-de-prensa\/noticias\/la-investigadora-melissa-garcia-premio-andaluces-del-futuro-en-la-modalidad-de-ciencias\/\" rel=\"nofollow noopener\" target=\"_blank\">\u2018Andaluces del Futuro\u2019<\/a>\u00a0por su carrera cient\u00edfica prometedora y contribuci\u00f3n al desarrollo de la sociedad andaluza, y seleccionada en la modalidad de Biomedicina con una\u00a0<a href=\"https:\/\/www.uma.es\/sala-de-prensa\/noticias\/los-investigadores-luis-ayuso-y-melissa-garcia-obtienen-una-beca-leonardo\/\" rel=\"nofollow noopener\" target=\"_blank\">Beca Leonardo<\/a>.<\/p>\n<p>La Menci\u00f3n de Honor a la Excelencia en el Rendimiento Acad\u00e9mico Universitario, otorgada por el Ministerio de Educaci\u00f3n; el Premio de Investigaci\u00f3n Severo Ochoa de la FGUMA; el Premio de Investigaci\u00f3n al Talento Cient\u00edfico del Consejo Juvenil de Andaluc\u00eda o el Premio a la mejor tesis doctoral biom\u00e9dica del Colegio de Farmac\u00e9uticos de M\u00e1laga (ICOFMA), son otros galardones que ostenta la investigadora de la UMA Melissa Garc\u00eda Caballero.<\/p>\n<p>\u00a0<\/p>\n","protected":false},"excerpt":{"rendered":"La UMA suma tres investigadoras en conseguir esta distinci\u00f3n, la m\u00e1s importante de Espa\u00f1a en el \u00e1mbito de&hellip;\n","protected":false},"author":2,"featured_media":146085,"comment_status":"","ping_status":"","sticky":false,"template":"","format":"standard","meta":{"footnotes":""},"categories":[5],"tags":[17,18,25,24,13,14,11,19,20,9,10,15,16,23,12,21,22,32496,35012],"class_list":{"0":"post-146084","1":"post","2":"type-post","3":"status-publish","4":"format-standard","5":"has-post-thumbnail","7":"category-titulares","8":"tag-breaking-news","9":"tag-breakingnews","10":"tag-es","11":"tag-espana","12":"tag-featured-news","13":"tag-featurednews","14":"tag-headlines","15":"tag-latest-news","16":"tag-latestnews","17":"tag-news","18":"tag-noticias","19":"tag-noticias-destacadas","20":"tag-noticiasdestacadas","21":"tag-spain","22":"tag-titulares","23":"tag-ultimas-noticias","24":"tag-ultimasnoticias","25":"tag-uma","26":"tag-universidad-de-malaga"},"share_on_mastodon":{"url":"","error":""},"_links":{"self":[{"href":"https:\/\/www.europesays.com\/es\/wp-json\/wp\/v2\/posts\/146084","targetHints":{"allow":["GET"]}}],"collection":[{"href":"https:\/\/www.europesays.com\/es\/wp-json\/wp\/v2\/posts"}],"about":[{"href":"https:\/\/www.europesays.com\/es\/wp-json\/wp\/v2\/types\/post"}],"author":[{"embeddable":true,"href":"https:\/\/www.europesays.com\/es\/wp-json\/wp\/v2\/users\/2"}],"replies":[{"embeddable":true,"href":"https:\/\/www.europesays.com\/es\/wp-json\/wp\/v2\/comments?post=146084"}],"version-history":[{"count":0,"href":"https:\/\/www.europesays.com\/es\/wp-json\/wp\/v2\/posts\/146084\/revisions"}],"wp:featuredmedia":[{"embeddable":true,"href":"https:\/\/www.europesays.com\/es\/wp-json\/wp\/v2\/media\/146085"}],"wp:attachment":[{"href":"https:\/\/www.europesays.com\/es\/wp-json\/wp\/v2\/media?parent=146084"}],"wp:term":[{"taxonomy":"category","embeddable":true,"href":"https:\/\/www.europesays.com\/es\/wp-json\/wp\/v2\/categories?post=146084"},{"taxonomy":"post_tag","embeddable":true,"href":"https:\/\/www.europesays.com\/es\/wp-json\/wp\/v2\/tags?post=146084"}],"curies":[{"name":"wp","href":"https:\/\/api.w.org\/{rel}","templated":true}]}}