{"id":146096,"date":"2025-09-29T09:18:12","date_gmt":"2025-09-29T09:18:12","guid":{"rendered":"https:\/\/www.europesays.com\/es\/146096\/"},"modified":"2025-09-29T09:18:12","modified_gmt":"2025-09-29T09:18:12","slug":"del-vestido-al-maquillaje-y-el-peinado-de-selena-gomez-en-el-dia-de-su-boda","status":"publish","type":"post","link":"https:\/\/www.europesays.com\/es\/146096\/","title":{"rendered":"Del vestido al maquillaje y el peinado de Selena Gomez en el d\u00eda de su boda"},"content":{"rendered":"<p>Todos los detalles del look de novia de la cantante que se ha casado con Benny Blanco\n<\/p>\n<p><img fetchpriority=\"high\" class=\"voc-img\" src=\"https:\/\/www.europesays.com\/es\/wp-content\/uploads\/2025\/09\/selena-gomez-novia-detalles-RVSO9yD3wzkSbUjitBs6NNM-1200x840@diario_abc.jpg\" loading=\"eager\" decoding=\"async\" alt=\"Selena Gomez y Benny Blanco.\" width=\"1200\" height=\"840\"\/><\/p>\n<p>Selena Gomez y Benny Blanco.    GTRES  <\/p>\n<p><img decoding=\"async\" class=\"voc-author__img\" src=\"https:\/\/www.europesays.com\/es\/wp-content\/uploads\/2025\/09\/autor-3039-foto-2.jpeg\" alt=\"Araceli Nicol\u00e1s\"\/><\/p>\n<p>29\/09\/2025<br \/>\n<br \/><strong><br \/>\nActualizado a las 09:03h.<br \/>\n<\/strong><\/p>\n<p class=\"voc-p\" style=\"\"><strong>Selena Gomez<\/strong> se ha casado este fin de semana en Santa B\u00e1rbara, cerca de Los \u00c1ngeles, con el productor musical Benny Blanco. La propia actriz comparti\u00f3, a trav\u00e9s de su perfil de instagram, diversas im\u00e1genes de la boda, en las que se puede ver a la pareja radiante y feliz. Selena Gomez eligi\u00f3 un <strong>vestido de Ralph Lauren<\/strong> hecho a medida que acompa\u00f1\u00f3 de un &#8216;beauty look&#8217; cl\u00e1sico y elegante. El novio, por su parte, tambi\u00e9n luci\u00f3 un esmoquin de Ralph Lauren. <\/p>\n<p class=\"voc-p\" style=\"\">Fiel a su estilo, la artista se decant\u00f3 por un vestido de inspiraci\u00f3n vintage, con cuello halter y espalda al aire, parte superior ce\u00f1ida con detalles florales y falda fluida. Complet\u00f3 su look nupcial con un ramo minimalista con flores blancas y joyas discretas, pendientes de diamantes y un par de anillos.<\/p>\n<p class=\"voc-p\" style=\"\">En cuanto al <strong>peinado<\/strong>, Selena Gomez se decant\u00f3 por un look cl\u00e1sico, que ya ha llevado en otras ocasiones, en la alfombra roja. Pein\u00f3 su <strong>corte bob con raya lateral y ondas en las puntas<\/strong>, consiguiendo as\u00ed gran volumen y un estilo &#8216;old Hollywood&#8217;, complemento perfecto para su vestido de inspiraci\u00f3n rom\u00e1ntica.<\/p>\n<p class=\"voc-p\" style=\"\">En cuanto al <strong>maquillaje<\/strong>, para el que seguro us\u00f3 los productos de su marca cosm\u00e9tica, <a href=\"https:\/\/www.abc.es\/estilo\/belleza\/marcas-belleza-maquillaje-famosas-exito-20230802130657-nt.html\" target=\"_blank\" data-voc-vtm-id=\"in-text-traffic\" title=\"Rare Beauty\" data-mrf-link=\"www.abc.es\" rel=\"nofollow noopener\">Rare Beauty<\/a>, destaca la luminosidad de la piel. La cantante y actriz luci\u00f3 una piel muy natural y radiante, con un toque de colorete rosa en las mejillas. Toda la atenci\u00f3n estaba en la mirada, que realz\u00f3 de forma natural: las <strong>cejas<\/strong> estaban perfectamente definidas, en los ojos luci\u00f3 un sutil <strong>delineado negro<\/strong>, al ras de las pesta\u00f1as, que tambi\u00e9n estaban marcadas con m\u00e1scara, y probablemente, sombras en tonos neutros. Complet\u00f3 el maquillaje facial con un <strong>pintalabios rosado<\/strong>, que le aport\u00f3 al conjunto un toque rom\u00e1ntico.<\/p>\n<p><img decoding=\"async\" loading=\"lazy\" src=\"https:\/\/www.europesays.com\/es\/wp-content\/uploads\/2025\/09\/selena-maquillaje-U52718120724lUU-758x470@diario_abc.jpg\" class=\"voc-d-c-combo-3__img\" width=\"758\" height=\"470\" alt=\"Imagen principal - Del vestido al maquillaje y el peinado de Selena Gomez en el d\u00eda de su boda\"\/><\/p>\n<p><img decoding=\"async\" loading=\"lazy\" src=\"https:\/\/www.europesays.com\/es\/wp-content\/uploads\/2025\/09\/selena-manicura-U34841156325CCL-464x329@diario_abc.jpg\" class=\"voc-d-c-combo-3__img\" width=\"464\" height=\"329\" alt=\"Imagen secundaria 1 - Del vestido al maquillaje y el peinado de Selena Gomez en el d\u00eda de su boda\"\/><\/p>\n<p><img decoding=\"async\" loading=\"lazy\" src=\"https:\/\/www.europesays.com\/es\/wp-content\/uploads\/2025\/09\/selena-vestido-U34521168034OIi-278x329@diario_abc.jpg\" class=\"voc-d-c-combo-3__img\" width=\"278\" height=\"329\" alt=\"Imagen secundaria 2 - Del vestido al maquillaje y el peinado de Selena Gomez en el d\u00eda de su boda\"\/><\/p>\n<p>Los detalles del look nupcial de Selena Gomez<br \/>\nInstagram @selenagomez<\/p>\n<p class=\"voc-p\" style=\"\">Gran amante de las <strong>manicuras<\/strong>, en el d\u00eda de su boda, Selena Gomez tambi\u00e9n ten\u00eda que llevar un dise\u00f1o especial del que se encarg\u00f3 su manicurista, Tom Bachik, que comparti\u00f3 unas im\u00e1genes de la novia a trav\u00e9s de sus redes sociales. <\/p>\n<p class=\"voc-p\" style=\"\">La artista no arriesg\u00f3 y opt\u00f3 por un tono entre blanco y transparente,  con <strong>acabado glaseado<\/strong>, cuyo resultado es un brillo espectacular. Selena luci\u00f3, para esta ocasi\u00f3n, las u\u00f1as largas y con forma ovalada, que estilizan las manos.<\/p>\n<p class=\"voc-p\" style=\"\">Entre los asistentes al enlace de la cantante se encontraba, seg\u00fan han publicado los medios americanos, <a href=\"https:\/\/www.abc.es\/summum\/estilo\/relojes\/anillo-compromiso-taylor-swift-minimalista-vintage-precio-20250827101508-nt.html\" target=\"_blank\" data-voc-vtm-id=\"in-text-traffic\" title=\"Taylor Swift que tambi\u00e9n se comprometi\u00f3\" data-mrf-link=\"www.abc.es\" rel=\"nofollow noopener\">Taylor Swift que tambi\u00e9n se comprometi\u00f3<\/a> hace unas semanas con su novio. <\/p>\n<p>Reportar un error<\/p>\n","protected":false},"excerpt":{"rendered":"Todos los detalles del look de novia de la cantante que se ha casado con Benny Blanco Selena&hellip;\n","protected":false},"author":2,"featured_media":146097,"comment_status":"","ping_status":"","sticky":false,"template":"","format":"standard","meta":{"footnotes":""},"categories":[174],"tags":[3158,255,978,146,147,25,24,256,4190,5517,24182,34777,23,13011],"class_list":{"0":"post-146096","1":"post","2":"type-post","3":"status-publish","4":"format-standard","5":"has-post-thumbnail","7":"category-famosos","8":"tag-boda","9":"tag-celebrities","10":"tag-dia","11":"tag-entertainment","12":"tag-entretenimiento","13":"tag-es","14":"tag-espana","15":"tag-famosos","16":"tag-gomez","17":"tag-maquillaje","18":"tag-peinado","19":"tag-selena","20":"tag-spain","21":"tag-vestido"},"share_on_mastodon":{"url":"","error":""},"_links":{"self":[{"href":"https:\/\/www.europesays.com\/es\/wp-json\/wp\/v2\/posts\/146096","targetHints":{"allow":["GET"]}}],"collection":[{"href":"https:\/\/www.europesays.com\/es\/wp-json\/wp\/v2\/posts"}],"about":[{"href":"https:\/\/www.europesays.com\/es\/wp-json\/wp\/v2\/types\/post"}],"author":[{"embeddable":true,"href":"https:\/\/www.europesays.com\/es\/wp-json\/wp\/v2\/users\/2"}],"replies":[{"embeddable":true,"href":"https:\/\/www.europesays.com\/es\/wp-json\/wp\/v2\/comments?post=146096"}],"version-history":[{"count":0,"href":"https:\/\/www.europesays.com\/es\/wp-json\/wp\/v2\/posts\/146096\/revisions"}],"wp:featuredmedia":[{"embeddable":true,"href":"https:\/\/www.europesays.com\/es\/wp-json\/wp\/v2\/media\/146097"}],"wp:attachment":[{"href":"https:\/\/www.europesays.com\/es\/wp-json\/wp\/v2\/media?parent=146096"}],"wp:term":[{"taxonomy":"category","embeddable":true,"href":"https:\/\/www.europesays.com\/es\/wp-json\/wp\/v2\/categories?post=146096"},{"taxonomy":"post_tag","embeddable":true,"href":"https:\/\/www.europesays.com\/es\/wp-json\/wp\/v2\/tags?post=146096"}],"curies":[{"name":"wp","href":"https:\/\/api.w.org\/{rel}","templated":true}]}}