{"id":146098,"date":"2025-09-29T09:19:19","date_gmt":"2025-09-29T09:19:19","guid":{"rendered":"https:\/\/www.europesays.com\/es\/146098\/"},"modified":"2025-09-29T09:19:19","modified_gmt":"2025-09-29T09:19:19","slug":"la-dureza-y-la-diversidad-de-nuestro-paisaje-volcanico-me-conmueven","status":"publish","type":"post","link":"https:\/\/www.europesays.com\/es\/146098\/","title":{"rendered":"\u201cLa dureza y la diversidad de nuestro paisaje volc\u00e1nico me conmueven\u201d"},"content":{"rendered":"<p>Se le considera como el mejor escultor canario vivo. <strong>Juan L\u00f3pez Salvador<\/strong> naci\u00f3 en La Laguna en 1951 y a sus 74 a\u00f1os sigue en plena producci\u00f3n. Es el menor de tres hermanos, hijo de emigrante a Venezuela, residi\u00f3 en Italia, donde seguramente pudo descubrir la gran belleza, y tambi\u00e9n en Inglaterra. Estudi\u00f3 Filosof\u00eda y Letras en la ULL, pero abandon\u00f3 la carrera para dedicarse al trabajo artesanal de la madera, lo cual deriv\u00f3 luego en su gran vocaci\u00f3n: la escultura. Se cas\u00f3 con Concha Elena de Armas y han tenido dos hijos, Iris y Gabriel. <\/p>\n<p>Ha sido director de Montaje de Exposiciones en el Gobierno de Canarias, plaza consolidada por oposici\u00f3n que desempe\u00f1\u00f3 durante 30 a\u00f1os, compaginando ese trabajo con una amplia producci\u00f3n como escultor. Modesto, comedido, sensato, ha dicho en un tarjet\u00f3n de su exposici\u00f3n que \u201csi la madera me ha dado el volumen y el peso, el hierro me ha tra\u00eddo el aire y la ligereza\u201d. Lo cierto es que una buena parte de su producci\u00f3n se consolida en madera de tea y se dice que su obra tambi\u00e9n muestra una reflexi\u00f3n sobre el contraste entre naturaleza volc\u00e1nica y civilizaci\u00f3n urbana\u201d. No debo olvidar, en esta peque\u00f1a entradilla biogr\u00e1fica, que mi entrevistado pertenece a la Real Academia de Bellas Artes de San Miguel Arc\u00e1ngel.<\/p>\n<p><strong>-\u00bfPor qu\u00e9 la tea, Juan?<br \/><\/strong>\u201cEn los a\u00f1os 70, cuando comenc\u00e9 a producir mis trabajos artesanales en madera, que muy pronto derivaron exclusivamente en la escultura, era frecuente encontrar vigas y otros elementos de madera procedentes de demoliciones. La gente los desechaba\u201d.<\/p>\n<p><strong>-La tea, la madera del pino canario, es un material maravilloso.<br \/><\/strong>\u201cLas caracter\u00edsticas de la tea, su durabilidad, su potencia expresiva, la convirtieron en un material valioso para m\u00ed y ha sido fundamental para expresar mis inquietudes art\u00edsticas. Despu\u00e9s de conseguir durante un tiempo peque\u00f1as cantidades de madera, tuve la oportunidad de adquirir un volumen importante de vigas y de tablas procedentes de derribos, que me han permitido basar gran parte de mi trabajo en este material\u201d.<\/p>\n<p><strong>-El paisaje es el principal motivo de tu obra. \u00bfMe equivoco?<br \/><\/strong>\u201cEs que la dureza y la diversidad de nuestro paisaje volc\u00e1nico me conmueven, emocionan y hasta me obsesionan profundamente\u201d.<\/p>\n<p><strong>-\u00bfPor qu\u00e9, c\u00f3mo lo ves?<br \/><\/strong>\u201cPues como algo que me transmite unas im\u00e1genes que me siento obligado a representar. Digo esto, unido a la convicci\u00f3n de algo que ya expresaba Marc Fumaroli: \u201cLa alta cultura, a lo largo de los siglos, ha estado unida a la tierra, al aire, a la misma luz de un lugar que permanece\u201d. Lo cual ha sido determinante para que el paisaje haya sido la rama fundamental de mi producci\u00f3n art\u00edstica\u201d.<\/p>\n<p>(La obra de Juan L\u00f3pez Salvador ha sido plasmada en un bello texto del profesor Fernando Castro en la Biblioteca de Artistas Canarios, editada por el Gobierno aut\u00f3nomo. Y desde el 19 de septiembre y hasta el 17 de octubre, el artista expone su obra en la Sala Bronzo de La Laguna).<\/p>\n<p><strong>-\u00bfEs posible recoger, sintetizar el paisaje en un trozo de madera?<br \/><\/strong>\u201cTen\u00eda una gran inquietud por representar unas im\u00e1genes, en los comienzos. Y naturalmente deb\u00eda recurrir a los materiales que pod\u00eda conseguir. En mis intentos de utilizar bloques de tea, siempre me tropezaba con lo mismo: lo significativo que era el veteado de la madera de tea. Hasta que, probablemente a causa de mi desesperaci\u00f3n, descubr\u00ed las texturas que he utilizado de forma continua y para m\u00ed tan satisfactoria\u201d.<\/p>\n<p><strong>-Lo lograste, entonces.<br \/><\/strong>\u201cS\u00ed, s\u00ed y tambi\u00e9n durante una \u00e9poca consegu\u00ed realizar espacios que representaban malpa\u00edses, utilic\u00e9 viruta y serr\u00edn de tea, amalgamado con resina de poli\u00e9ster\u201d.<\/p>\n<p><strong>-\u00bfC\u00f3mo hemos llegado, Juan, a la crisis que vive el arte en Canarias?<br \/><\/strong>\u201cMira, yo te lo podr\u00eda resumir en cuanto a los duros condicionantes de la lejan\u00eda que sufre Canarias de todo. Hay dificultades de informaci\u00f3n, movilidad, aduanas. Pero es que, adem\u00e1s, el mundo ha sufrido un proceso de frivolizaci\u00f3n, que ha convertido la cultura en un producto de consumo con una invasi\u00f3n de productos mestizos y kisch\u201d.<\/p>\n<p><strong>-Vaya panorama, \u00bfno?<br \/><\/strong>\u201cY te vuelvo a citar a Fumaroli: \u201cMe he dado cuenta de que estamos sumidos en un r\u00e9gimen de im\u00e1genes, en principio feas, de una materia pobre, digital, que se emite en pantallas, que son ef\u00edmeras. Y est\u00e1n por todos lados, nos asaltan desde que nos levantamos de la cama y esto condiciona nuestra imaginaci\u00f3n, la constri\u00f1e\u201d. Y sigue Fumaroli, y permite que te responda \u00e9l por m\u00ed: \u201cY creo que las im\u00e1genes comerciales que nos invaden, y sus gemelas, las que est\u00e1n en las galer\u00edas de lo que se denomina \u201carte contempor\u00e1neo\u201d no son en realidad arte sino un mero producto de la t\u00e9cnica y el mercado. Im\u00e1genes art\u00edsticas hay muy pocas. Antes ten\u00edan el poder de educar los sentidos y la sensibilidad. Y eran, como decir, m\u00e1s nutritivas desde el punto de vista art\u00edstico que el oc\u00e9ano en el que nosotros estamos sumergidos\u201d. Fin de la cita\u201d.<\/p>\n<p><strong>-Pues lo ha definido \u00e9l por ti.<br \/><\/strong>\u201cEs que esta situaci\u00f3n, a mi entender, debilita el desarrollo de la verdadera creatividad, siembra confusi\u00f3n y contribuye al empobrecimiento del esp\u00edritu social que deber\u00eda hacer avanzar la civilizaci\u00f3n\u201d.<\/p>\n<p><strong>-H\u00e1blame de tu \u00faltima exposici\u00f3n.<br \/><\/strong>\u201cEn la exposici\u00f3n que tengo instalada en la Sala Bronzo, una parte est\u00e1 dedicada a reflexionar de distintas formas sobre el paisaje con obras como \u201cSkyline\u201d, donde los riscos est\u00e1n recortados sobre un fondo de cobre. O \u201cBrumas\u201d, que intenta plasmar la penetraci\u00f3n de las brumas en los acantilados. O \u201cComposici\u00f3n\u201d, que recrea el contraste de distintos estratos. Tambi\u00e9n est\u00e1 \u201cPaisaje vertical\u201d y otras formas\u201d.<\/p>\n<p><img loading=\"lazy\" decoding=\"async\" width=\"1024\" height=\"683\" alt=\"Juan L\u00f3pez Salvador, escultor\" class=\"wp-image-829280 perfmatters-lazy\" src=\"https:\/\/www.europesays.com\/es\/wp-content\/uploads\/2025\/09\/RS723876_sm-Juan-Lopez-Salvador-01-1024x683.jpg\"  data-\/>Juan L\u00f3pez Salvador, escultor. \/ Sergio M\u00e9ndez<\/p>\n<p><strong>-Adem\u00e1s, se encuentra una especie de retrospectiva en esta muestra.<br \/><\/strong>\u201cBueno, la otra parte de la exposici\u00f3n presenta una instalaci\u00f3n donde he reunido varias obras realizadas en distintas \u00e9pocas de mi vida. Pretendo expresar lo que realmente considero una pandemia de codicia que desencadena las mayores cat\u00e1strofes: para la humanidad (guerras, pobreza, migraciones); para las especies animales y vegetales, que enferman y se extinguen; y tambi\u00e9n para el planeta, causando cambios irreversibles (calentamiento, contaminaci\u00f3n de los mares, lagos, r\u00edos, atm\u00f3sfera y territorios)\u201d.<\/p>\n<p><strong>-\u00bfC\u00f3mo las defines?<br \/><\/strong>\u201cR\u00edo\u201d, la pieza m\u00e1s reciente, deber\u00eda tener afluentes que accedieran a todos los lugares del planeta y, en cambio, el dinero es retenido y acumulado s\u00f3lo en pocos y determinados sitios. \u201cFajos\u201d, que es la pieza m\u00e1s antigua, representa la acumulaci\u00f3n de riqueza que se concentra en lugares donde se alimenta la soberbia y la vanidad de unos pocos. Y \u201cReclamo en el claro\u201d es un paisaje realizado con un lenguaje africano, que habla de la pobreza, de las necesidades y de las tentaciones que desencadenan las migraciones. Y, por \u00faltimo, dos obras de la serie \u201cVolc\u00e1n herido\u201d, que critican el deterioro del paisaje canario. Y todo en nombre de la codicia\u201d.<\/p>\n<p><strong>-Juan, has trabajado el metal y en grandes formatos. Eso queda para siempre. Y, adem\u00e1s, tu obra es muy fotografiada.<br \/><\/strong>\u201cNaturalmente que ha sido una gran satisfacci\u00f3n haber tenido la oportunidad de realizar algunas obras p\u00fablicas monumentales instaladas en Gran Canaria, Lanzarote, La Gomera y Tenerife. Podr\u00eda destacarte una, que se ha convertido en un icono, la escultura \u201cTrampa del Viento\u201d, instalada en Arona, en el Paseo Mar\u00edtimo que dise\u00f1aron Correa y Est\u00e9vez. Desgraciadamente, las administraciones no son conscientes de la necesidad de mantenimiento de las obras y se encuentra, como algunas otras, en un estado lamentable\u201d.<\/p>\n<p><strong>-Dice el profesor Fernando Castro Borrego que la madera del pino canario, la tea, pertenece a la cultura y a la civilizaci\u00f3n. \u00bfEst\u00e1s de acuerdo?<br \/><\/strong>\u201cTotalmente de acuerdo. Mira, la madera de tea est\u00e1 esencialmente unida a nuestro patrimonio, cultura e historia y ojal\u00e1 pudiera transmitirnos sus cualidades de durabilidad y de resistencia a la corrupci\u00f3n\u201d.<\/p>\n<p><strong>-\u00bfC\u00f3mo se puede recrear, por ejemplo, el mar, en una obra realizada con los m\u00e1s diversos materiales?<br \/><\/strong>\u201cLas series de obras que he creado sobre \u201cEl Mar\u201d, as\u00ed como \u201cTrampas del Viento\u201d, \u201cTrampas de Lluvia\u201d, \u201cTrampas de Pensamiento\u201d, \u201cHervideros\u201d, \u201cCr\u00e1teres\u201d, \u201cAcantilados\u201d, \u201cErupciones\u201d, etc\u00e9tera, las he realizado en hierro forjado. Material y t\u00e9cnica que comenc\u00e9 a utilizar a finales de los a\u00f1os 90 del siglo pasado y que expandi\u00f3 notablemente mis posibilidades de expresi\u00f3n\u201d.<\/p>\n<p><strong>-Pero la madera te da el volumen y el peso. Eso has dicho muchas veces.<br \/><\/strong>\u201cS\u00ed, lo he repetido en varias ocasiones. La madera me ha dado el volumen y el peso, dotando a series de obras como \u201cPaisajes\u201d, \u201cTerritorios\u201d, \u201cCr\u00e1teres\u201d, \u201cAcantilados\u201d, \u201cErosiones\u201d, \u201cBocacuevas\u201d, \u201cDisyunciones\u201d, etc\u00e9tera, de una esencial terrenal que, sin llegar a ser nunca figurativas, contienen evidentes referencias al paisaje\u201d.<\/p>\n<p><strong>-El hierro es otra cosa.<br \/><\/strong>\u201cS\u00ed, porque el hierro, por el contrario, me permiti\u00f3 aportar a las obras m\u00e1s ligereza, desarrollar una t\u00e9cnica de dibujar en el aire y derivar m\u00e1s profundamente hacia la abstracci\u00f3n y la geometr\u00eda. Tambi\u00e9n, en mis divagaciones geom\u00e9tricas y paisaj\u00edsticas, he utilizado el plomo, el acero, el cobre, el bronce y la piedra\u201d.<\/p>\n<p><strong>-Has dicho: \u201cLa madera que yo he empleado tiene caracter\u00edsticas comunes a mi tierra, porque la tea es el primer \u00e1rbol que crece sobre volcanes y no se pudre nunca. \u00bfUn homenaje a nuestra raza?<br \/><\/strong>\u201cEfectivamente, el pino canario, seg\u00fan tengo entendido, es el primer \u00e1rbol que coloniza el suelo volc\u00e1nico y su duramen, la tea, tiene la cualidad de no pudrirse nunca. Y s\u00ed, me gustar\u00eda equipararlo y que fuera todo un homenaje a nuestra raza, aunque desafortunadamente, y sobre todo debido a nuestro privilegiado clima y a la cercan\u00eda de tantos pa\u00edses pudientes, estamos recibiendo una avalancha de visitantes que no s\u00f3lo pone en peligro nuestro territorio sino tambi\u00e9n nuestras costumbres y nuestra forma de vida\u201d.<\/p>\n<p><strong>-Tan real como la vida misma, amigo.<\/strong><\/p>\n","protected":false},"excerpt":{"rendered":"Se le considera como el mejor escultor canario vivo. Juan L\u00f3pez Salvador naci\u00f3 en La Laguna en 1951&hellip;\n","protected":false},"author":2,"featured_media":146099,"comment_status":"","ping_status":"","sticky":false,"template":"","format":"standard","meta":{"footnotes":""},"categories":[173],"tags":[229,233,231,230,232,234,146,147,25,24,23],"class_list":{"0":"post-146098","1":"post","2":"type-post","3":"status-publish","4":"format-standard","5":"has-post-thumbnail","7":"category-arte-y-diseno","8":"tag-arte","9":"tag-arte-y-diseno","10":"tag-arts","11":"tag-arts-and-design","12":"tag-design","13":"tag-diseno","14":"tag-entertainment","15":"tag-entretenimiento","16":"tag-es","17":"tag-espana","18":"tag-spain"},"share_on_mastodon":{"url":"","error":""},"_links":{"self":[{"href":"https:\/\/www.europesays.com\/es\/wp-json\/wp\/v2\/posts\/146098","targetHints":{"allow":["GET"]}}],"collection":[{"href":"https:\/\/www.europesays.com\/es\/wp-json\/wp\/v2\/posts"}],"about":[{"href":"https:\/\/www.europesays.com\/es\/wp-json\/wp\/v2\/types\/post"}],"author":[{"embeddable":true,"href":"https:\/\/www.europesays.com\/es\/wp-json\/wp\/v2\/users\/2"}],"replies":[{"embeddable":true,"href":"https:\/\/www.europesays.com\/es\/wp-json\/wp\/v2\/comments?post=146098"}],"version-history":[{"count":0,"href":"https:\/\/www.europesays.com\/es\/wp-json\/wp\/v2\/posts\/146098\/revisions"}],"wp:featuredmedia":[{"embeddable":true,"href":"https:\/\/www.europesays.com\/es\/wp-json\/wp\/v2\/media\/146099"}],"wp:attachment":[{"href":"https:\/\/www.europesays.com\/es\/wp-json\/wp\/v2\/media?parent=146098"}],"wp:term":[{"taxonomy":"category","embeddable":true,"href":"https:\/\/www.europesays.com\/es\/wp-json\/wp\/v2\/categories?post=146098"},{"taxonomy":"post_tag","embeddable":true,"href":"https:\/\/www.europesays.com\/es\/wp-json\/wp\/v2\/tags?post=146098"}],"curies":[{"name":"wp","href":"https:\/\/api.w.org\/{rel}","templated":true}]}}