{"id":146109,"date":"2025-09-29T09:26:11","date_gmt":"2025-09-29T09:26:11","guid":{"rendered":"https:\/\/www.europesays.com\/es\/146109\/"},"modified":"2025-09-29T09:26:11","modified_gmt":"2025-09-29T09:26:11","slug":"preocupacion-al-escuchar-el-comunicado-de-laura-madrueno","status":"publish","type":"post","link":"https:\/\/www.europesays.com\/es\/146109\/","title":{"rendered":"preocupaci\u00f3n al escuchar el comunicado de Laura Madrue\u00f1o"},"content":{"rendered":"<p>El hecho de <strong>que \u2018Supervivientes All Stars 2\u2019<\/strong> est\u00e9 teniendo lugar en septiembre, conlleva que la organizaci\u00f3n y los concursantes tengan que hacer el programa enfrent\u00e1ndose a una \u00e9poca complicada en Honduras en lo que a la climatolog\u00eda se refiere. Durante las semanas que lleva el concurso en emisi\u00f3n, han sido varios los temporales que <strong>han azotado los Cayos Cochinos<\/strong> y que <a href=\"https:\/\/www.lecturas.com\/television\/ruben-torres-desconsolado-comunica-su-inesperada-decision-sobre-su-novia-laura-cantizano-supervivientes-all-stars-2_181922\" rel=\"nofollow noopener\" target=\"_blank\">han dado lugar a contratiempos<\/a> por los que ha habido que modificar alg\u00fan aspecto de las grabaciones. Pero nada como lo que ha pasado en <a href=\"https:\/\/www.lecturas.com\/television\/sandra-barneda-revela-directo-gran-dilema-que-pone-contra-cuerdas-uno-concursantes-supervivientes-all-stars_181916\" rel=\"nofollow noopener\" target=\"_blank\">la gala presentada por Sandra Barneda.<\/a><\/p>\n<p>Shock con la gran tormenta que ha llegado a Honduras<\/p>\n<p>Desde el plat\u00f3, la presentadora de \u2018Conexi\u00f3n Honduras\u2019 ha anunciado que estaba siendo una gala complicada de llevar a cabo desde el otro lado del charco por la tormenta que hab\u00eda. Aunque unas horas antes en los Cayos Cochinos hac\u00eda sol y un calor extremo, durante <strong>la grabaci\u00f3n de la gala de \u2018Supervivientes All Stars\u2019 <\/strong>el cielo se ha vuelto completamente gris y ha empezado a llover de una forma <strong>descomunal<\/strong>.\u00a0<\/p>\n<p><img loading=\"lazy\" decoding=\"async\"   src=\"https:\/\/www.europesays.com\/es\/wp-content\/uploads\/2025\/09\/sandra-barneda_7517928f_250929064108_1200x682.webp.webp\" alt=\"Sandra Barneda\" class=\"lazyload\" width=\"1200\" height=\"682\" data-aspectratio=\"1200\/682\"\/><\/p>\n<p>Sandra Barneda muestra im\u00e1genes de la tormenta.<\/p>\n<p>&#13;Telecinco<\/p>\n<p>Sandra Barneda ha anunciado que al ver las condiciones, la organizaci\u00f3n del concurso de Telecinco incluso ha evacuado a los concursantes de la zona en la que se encontraban.\u00a0\u00abAtenci\u00f3n. Esto es la tormenta que est\u00e1 cayendo en Honduras.\u00a0Est\u00e1 arrasando las playas y<strong> est\u00e1n siendo evacuados<\/strong>.\u00a0Me est\u00e1n diciendo que del torment\u00f3n que est\u00e1 cayendo es posible que cuando lleguen a sus playas no les quede pr\u00e1cticamente nada. Est\u00e1 cayendo muy fuerte\u201d, ha dicho. Y as\u00ed lo ha confirmado <a href=\"https:\/\/www.lecturas.com\/actualidad\/david-gonzalez-experto-interiorismo-casa-laura-madrueno-tiene-algo-que-me-gusta-especialmente-no-busca-impresionar-artificios-sino-transmitir-autenticidad_181906\" rel=\"nofollow noopener\" target=\"_blank\">Laura Madrue\u00f1o<\/a> en cuanto su compa\u00f1era ha conectado con ella.<\/p>\n<p><img loading=\"lazy\" decoding=\"async\"   src=\"https:\/\/www.europesays.com\/es\/wp-content\/uploads\/2025\/09\/laura-madrueno_69d4b7c4_250929064135_1200x670.webp.webp\" alt=\"Laura Madrue\u00f1o\" class=\"lazyload\" width=\"1200\" height=\"670\" data-aspectratio=\"1200\/670\"\/><\/p>\n<p>Laura Madrue\u00f1o, sorprendida con el temporal.<\/p>\n<p>&#13;Telecinco<\/p>\n<p>Laura Madrue\u00f1o ha recogido la conexi\u00f3n desde la palapa, el lugar techado en el que en cada gala los concursantes de \u2018Supervivientes All Stars 2\u2019 se sientan para hacer las conexiones, nominar, ver v\u00eddeos, vivir las expulsiones\u2026 Pues bien, desde all\u00ed, la presentadora ha contado que <strong>\u201clo que est\u00e1 sonando es la lluvia<\/strong>, no hace falta decir mucho m\u00e1s. Se nos va a inundar hasta la palapa.\u00a0Hemos tenido que ser evacuados. Nos ha pillado totalmente por sorpresa esta incre\u00edble tormenta el\u00e9ctrica\u2026 Menos mal que nos hemos podido resguardar aqu\u00ed\u201d.<\/p>\n<p>Unas palabras con las que Laura Madrue\u00f1o ha revelado que esta tormenta ha pillado por sorpresa a la organizaci\u00f3n y a los concursantes, que no esperaban tener que ir corriendo a la palapa para refugiarse del temporal.<strong> Algo a lo que Madrue\u00f1o ha a\u00f1adido<\/strong> que \u00abme est\u00e1n comunicando que\u00a0vuestras playas se est\u00e1n inundando\u00a0en estos momentos.\u00a0La situaci\u00f3n es l\u00edmite.\u00a0Vamos a intentar continuar aqu\u00ed lo que nos queda de programa, porque el agua est\u00e1 empezando a entrar tambi\u00e9n en la palapa. Menudo temporal\u2026\u201d.\u00a0<\/p>\n<p><img loading=\"lazy\" decoding=\"async\"   src=\"https:\/\/www.europesays.com\/es\/wp-content\/uploads\/2025\/09\/laura-madrueno-y-concursantes_c7751969_250929064205_1200x656.webp.webp\" alt=\"Laura Madrue\u00f1o y concursantes\" class=\"lazyload\" width=\"1200\" height=\"656\" data-aspectratio=\"1200\/656\"\/><\/p>\n<p>Laura Madrue\u00f1o y los concursantes, preocupados por la tormenta.<\/p>\n<p>&#13;Telecinco<\/p>\n<p>Unas declaraciones que han dejado a los concursantes con cara de preocupaci\u00f3n por las consecuencias que puede haber en las playas en las que conviven. <strong>Los participantes de \u2018Supervivientes All Stars 2\u2019<\/strong> han mostrado su inquietud por su ropa, por sus sacos de dormir, por el fuego\u2026 Aspectos muy importantes para su estancia en \u2018Supervivientes All Stars 2\u2019 que pueden llegar a perder por los temporales.<\/p>\n<p><img loading=\"lazy\" decoding=\"async\"   src=\"https:\/\/www.europesays.com\/es\/wp-content\/uploads\/2025\/09\/concursantes-supervivientes_dbf9eb7b_250929064417_1200x675.webp.webp\" alt=\"Concursantes Supervivientes\" class=\"lazyload\" width=\"1200\" height=\"675\" data-aspectratio=\"1200\/675\"\/><\/p>\n<p>Los concursantes escuchan con preocupaci\u00f3n.<\/p>\n<p>&#13;Telecinco<br \/>\nEl momento ins\u00f3lito que han tenido que solventar<\/p>\n<p>Y por si esto no fuera suficiente para preocuparse, durante la gala ha sucedido algo ins\u00f3lito. De repente, durante una de las conexiones, <strong>se ha ido la luz en la palapa<\/strong>. Algo que, tal y como ha contado Laura Madrue\u00f1o, jam\u00e1s les hab\u00eda sucedido en la historia del programa, ni siquiera cuando han tenido que hacer frente a temporales similares. \u201cSab\u00e9is la cantidad de temporales que hemos vivido, especialmente durante este a\u00f1o 2025, y\u00a0es la primera vez que perdemos la luz en la palapa\u201d, ha dicho la presentadora.<\/p>\n<p><img loading=\"lazy\" decoding=\"async\"   src=\"https:\/\/www.europesays.com\/es\/wp-content\/uploads\/2025\/09\/concursantes_a05681df_250929064240_1200x675.webp.webp\" alt=\"Concursantes\" class=\"lazyload\" width=\"1200\" height=\"675\" data-aspectratio=\"1200\/675\"\/><\/p>\n<p>La palapa se queda sin luz.<\/p>\n<p>&#13;Telecinco<\/p>\n<p>\u00bfQuieres estar al tanto de todo lo que sucede en &#8216;Supervivientes All Stars 2&#8217;? Te proponemos que te suscribas <a href=\"https:\/\/www.lecturas.com\/newsletters\" rel=\"nofollow noopener\" target=\"_blank\">aqu\u00ed<\/a> a nuestra newsletter especial sobre el reality de Telecinco. Cada viernes a primera hora te enviaremos un bolet\u00edn s\u00faper completo con todas las novedades.<\/p>\n<p><img decoding=\"async\" src=\"https:\/\/www.europesays.com\/es\/wp-content\/uploads\/2025\/09\/sandra-barneda_70eb1978_250929085136_800x800.webp.webp\" alt=\"Sandra BArneda\" class=\"image lazyload\"\/><img loading=\"lazy\" decoding=\"async\" src=\"https:\/\/www.europesays.com\/es\/wp-content\/uploads\/2025\/09\/sandra-barneda_70eb1978_250929085140_1280x720.webp.webp\" alt=\"El resumen de la gala de ayer de 'Supervivientes All Stars 2', en un click: una traici\u00f3n, un inc\u00f3modo reencuentro y una nueva incorporaci\u00f3n inesperada\" class=\"image lazyload\" width=\"1280\" height=\"720\" data-aspectratio=\"1280\/720\"\/><\/p>\n<p>Tal y como ha comentado la presentadora, esto ha sido algo que han tenido que <strong>solventar durante la gala<\/strong>.<\/p>\n<p>Un programa ca\u00f3tico en el que incluso han vivido momentos como el que ha relatado la propia Madrue\u00f1o sobre que<strong> \u201cest\u00e1 todo el equipo corriendo,<\/strong> completamente empapado, moviendo las c\u00e1maras, moviendo los cables, moviendo absolutamente todo, cubri\u00e9ndolo con pl\u00e1sticos para que pod\u00e1is seguir disfrutando del directo en la edici\u00f3n m\u00e1s extrema de la historia\u201d.\u00a0<\/p>\n","protected":false},"excerpt":{"rendered":"El hecho de que \u2018Supervivientes All Stars 2\u2019 est\u00e9 teniendo lugar en septiembre, conlleva que la organizaci\u00f3n y&hellip;\n","protected":false},"author":2,"featured_media":146110,"comment_status":"","ping_status":"","sticky":false,"template":"","format":"standard","meta":{"footnotes":""},"categories":[91],"tags":[146,147,25,24,23],"class_list":{"0":"post-146109","1":"post","2":"type-post","3":"status-publish","4":"format-standard","5":"has-post-thumbnail","7":"category-entretenimiento","8":"tag-entertainment","9":"tag-entretenimiento","10":"tag-es","11":"tag-espana","12":"tag-spain"},"share_on_mastodon":{"url":"","error":""},"_links":{"self":[{"href":"https:\/\/www.europesays.com\/es\/wp-json\/wp\/v2\/posts\/146109","targetHints":{"allow":["GET"]}}],"collection":[{"href":"https:\/\/www.europesays.com\/es\/wp-json\/wp\/v2\/posts"}],"about":[{"href":"https:\/\/www.europesays.com\/es\/wp-json\/wp\/v2\/types\/post"}],"author":[{"embeddable":true,"href":"https:\/\/www.europesays.com\/es\/wp-json\/wp\/v2\/users\/2"}],"replies":[{"embeddable":true,"href":"https:\/\/www.europesays.com\/es\/wp-json\/wp\/v2\/comments?post=146109"}],"version-history":[{"count":0,"href":"https:\/\/www.europesays.com\/es\/wp-json\/wp\/v2\/posts\/146109\/revisions"}],"wp:featuredmedia":[{"embeddable":true,"href":"https:\/\/www.europesays.com\/es\/wp-json\/wp\/v2\/media\/146110"}],"wp:attachment":[{"href":"https:\/\/www.europesays.com\/es\/wp-json\/wp\/v2\/media?parent=146109"}],"wp:term":[{"taxonomy":"category","embeddable":true,"href":"https:\/\/www.europesays.com\/es\/wp-json\/wp\/v2\/categories?post=146109"},{"taxonomy":"post_tag","embeddable":true,"href":"https:\/\/www.europesays.com\/es\/wp-json\/wp\/v2\/tags?post=146109"}],"curies":[{"name":"wp","href":"https:\/\/api.w.org\/{rel}","templated":true}]}}