{"id":146117,"date":"2025-09-29T09:30:09","date_gmt":"2025-09-29T09:30:09","guid":{"rendered":"https:\/\/www.europesays.com\/es\/146117\/"},"modified":"2025-09-29T09:30:09","modified_gmt":"2025-09-29T09:30:09","slug":"feijoo-propone-una-reforma-migratoria-que-priorice-la-cultura-proxima-y-expulse-a-delincuentes","status":"publish","type":"post","link":"https:\/\/www.europesays.com\/es\/146117\/","title":{"rendered":"Feij\u00f3o propone una reforma migratoria que priorice la \u00abcultura pr\u00f3xima\u00bb y expulse a delincuentes"},"content":{"rendered":"<p>          <img decoding=\"async\" class=\"c-ad__placeholder__logo\" src=\"https:\/\/static.euronews.com\/website\/images\/logos\/logo-euronews-stacked-outlined-72x72-grey-9.svg\" width=\"72\" height=\"72\" alt=\"\" loading=\"lazy\"\/><br \/>\n          PUBLICIDAD<\/p>\n<p>El l\u00edder del Partido Popular, Alberto N\u00fa\u00f1ez Feij\u00f3o, present\u00f3 el domingo en Murcia una propuesta de reforma migratoria que contempla la creaci\u00f3n de <strong>un sistema de visado por puntos<\/strong>, inspirado <a href=\"https:\/\/es.euronews.com\/2023\/03\/24\/acuerdo-bilateral-para-evitar-que-miles-de-personas-entren-de-forma-irregular-en-canada-de\" rel=\"nofollow noopener\" target=\"_blank\">en los modelos de pa\u00edses como Canad\u00e1<\/a>, Australia o el Reino Unido. La medida dar\u00eda prioridad a los inmigrantes procedentes de \u00abculturas pr\u00f3ximas\u00bb y condicionar\u00eda su entrada a la existencia de un contrato laboral, al conocimiento cultural y a la capacidad de integraci\u00f3n.<\/p>\n<p>Feij\u00f3o subray\u00f3 que su plan <strong>endurecer\u00eda las sanciones para quienes incumplan la ley.<\/strong> Seg\u00fan detall\u00f3, los delitos graves implicar\u00edan la p\u00e9rdida autom\u00e1tica del permiso de residencia, mientras que los reincidentes en delitos leves tampoco podr\u00edan aspirar a permanecer en Espa\u00f1a. Adem\u00e1s, defendi\u00f3 que las ayudas sociales, como el Ingreso M\u00ednimo Vital, deban vincularse <strong>a la b\u00fasqueda activa de empleo<\/strong>, evitando que se conviertan en la \u00fanica v\u00eda de subsistencia para quienes lleguen al pa\u00eds.<\/p>\n<p>El dirigente popular present\u00f3 su propuesta en un acto denominado &#8216;Declaraci\u00f3n de la Regi\u00f3n de Murcia&#8217;, donde aprovech\u00f3 para <a href=\"https:\/\/es.euronews.com\/my-europe\/2025\/06\/19\/caos-en-el-parlamento-espanol-por-acusaciones-de-corrupcion-entre-sanchez-y-feijoo\" rel=\"nofollow noopener\" target=\"_blank\"><strong>marcar distancias tanto con el PSOE como con Vox<\/strong><\/a>. \u00abCada inmigrante no es una v\u00edctima, como sostiene el PSOE, ni un delincuente por defecto, como afirma Vox. Ninguno de los dos extremos es verdad y, en consecuencia, la soluci\u00f3n no es ni regularizarlos a todos ni echarlos a todos al mar. Es poner orden y aplicar la legalidad de una vez por todas\u00bb, se\u00f1al\u00f3.<\/p>\n<p>Abascal contraataca: \u00abSon mentiras y manipulaciones\u00bb<\/p>\n<p>El l\u00edder de la ultraderecha espa\u00f1ola, Santiago Abascal, acudi\u00f3 a X el domingo para criticar con dureza a Feij\u00f3o por su discurso, acus\u00e1ndole de \u00abdemonizar\u00bb a Vox. En sus redes sociales, el l\u00edder de la formaci\u00f3n ultra reproch\u00f3 que el candidato del PP no basta con \u00abenga\u00f1ar a sus votantes\u00bb, sino que tambi\u00e9n debe \u00abpreparar su nuevo pacto con el PSOE\u00bb. Abascal fue m\u00e1s all\u00e1 al afirmar que <strong>Feij\u00f3o \u00abmiente y estafa igual que S\u00e1nchez\u00bb<\/strong> y que esas afirmaciones sobre inmigraci\u00f3n buscan debilitarlos electoralmente.<\/p>\n<p>Desde el Ejecutivo espa\u00f1ol, la respuesta tampoco no se hizo esperar. El Gobierno de Pedro S\u00e1nchez rechaz\u00f3 de plano la idea de vincular la inmigraci\u00f3n a criterios de \u00abcultura pr\u00f3xima\u00bb y acus\u00f3 al l\u00edder del PP de deslizar un discurso \u00abexcluyente y discriminatorio\u00bb. La ministra de Inclusi\u00f3n y Migraciones, Elma Saiz, subray\u00f3 que Espa\u00f1a <strong>necesita mano de obra extranjera en sectores como la agricultura<\/strong>, la hosteler\u00eda o los cuidados, y que la prioridad debe ser garantizar v\u00edas seguras y legales de entrada, as\u00ed como pol\u00edticas de integraci\u00f3n que refuercen la cohesi\u00f3n social.<\/p>\n<p>Adem\u00e1s, Saiz subray\u00f3 que, tal y como establece la ley actual, \u00abse deber\u00e1 tener residencia legal y efectiva en Espa\u00f1a y haberla tenido de forma continuada durante al menos un a\u00f1o\u00bb para poder recibir el Ingreso M\u00ednimo Vital. \u00ab<strong>El 83% de las personas que reciben el IMV son espa\u00f1oles<\/strong>. Los restantes, en su mayor\u00eda, son hogares con ni\u00f1os a cargo. El nivel del PP es lamentable\u00bb, prosigui\u00f3. <\/p>\n<p>La propuesta de Feij\u00f3o se enmarca en un debate cada vez m\u00e1s presente en Europa, donde varios pa\u00edses <strong>han endurecido sus pol\u00edticas migratorias<\/strong> en los \u00faltimos a\u00f1os. <a href=\"https:\/\/es.euronews.com\/my-europe\/2024\/09\/10\/por-que-refuerza-ahora-alemania-sus-controles-fronterizos\" rel=\"nofollow noopener\" target=\"_blank\">Alemania y Francia han reforzado los controles fronterizos<\/a> y vinculado permisos de residencia a la integraci\u00f3n laboral, mientras que Italia ha aprobado medidas m\u00e1s restrictivas bajo la presi\u00f3n de la ultraderecha.<\/p>\n<p>En paralelo, la Comisi\u00f3n Europea ha impulsado <a href=\"https:\/\/es.euronews.com\/next\/2024\/04\/17\/el-nuevo-pacto-migratorio-de-la-ue-abre-una-nueva-era-mortal-de-vigilancia-digital\" rel=\"nofollow noopener\" target=\"_blank\">el Pacto sobre Migraci\u00f3n y Asilo<\/a> para <strong>armonizar la gesti\u00f3n de los flujos migratorios en la Uni\u00f3n<\/strong>, aunque las diferencias entre Estados miembros siguen siendo notables.<\/p>\n","protected":false},"excerpt":{"rendered":"PUBLICIDAD El l\u00edder del Partido Popular, Alberto N\u00fa\u00f1ez Feij\u00f3o, present\u00f3 el domingo en Murcia una propuesta de reforma&hellip;\n","protected":false},"author":2,"featured_media":146118,"comment_status":"","ping_status":"","sticky":false,"template":"","format":"standard","meta":{"footnotes":""},"categories":[8],"tags":[17,18,894,25,24,13,14,11,590,44941,19,20,9,10,15,16,11301,23,12,21,22],"class_list":{"0":"post-146117","1":"post","2":"type-post","3":"status-publish","4":"format-standard","5":"has-post-thumbnail","7":"category-espana","8":"tag-breaking-news","9":"tag-breakingnews","10":"tag-crisis-migratoria","11":"tag-es","12":"tag-espana","13":"tag-featured-news","14":"tag-featurednews","15":"tag-headlines","16":"tag-inmigracion","17":"tag-inmigracion-clandestina","18":"tag-latest-news","19":"tag-latestnews","20":"tag-news","21":"tag-noticias","22":"tag-noticias-destacadas","23":"tag-noticiasdestacadas","24":"tag-politica-espanola","25":"tag-spain","26":"tag-titulares","27":"tag-ultimas-noticias","28":"tag-ultimasnoticias"},"share_on_mastodon":{"url":"","error":""},"_links":{"self":[{"href":"https:\/\/www.europesays.com\/es\/wp-json\/wp\/v2\/posts\/146117","targetHints":{"allow":["GET"]}}],"collection":[{"href":"https:\/\/www.europesays.com\/es\/wp-json\/wp\/v2\/posts"}],"about":[{"href":"https:\/\/www.europesays.com\/es\/wp-json\/wp\/v2\/types\/post"}],"author":[{"embeddable":true,"href":"https:\/\/www.europesays.com\/es\/wp-json\/wp\/v2\/users\/2"}],"replies":[{"embeddable":true,"href":"https:\/\/www.europesays.com\/es\/wp-json\/wp\/v2\/comments?post=146117"}],"version-history":[{"count":0,"href":"https:\/\/www.europesays.com\/es\/wp-json\/wp\/v2\/posts\/146117\/revisions"}],"wp:featuredmedia":[{"embeddable":true,"href":"https:\/\/www.europesays.com\/es\/wp-json\/wp\/v2\/media\/146118"}],"wp:attachment":[{"href":"https:\/\/www.europesays.com\/es\/wp-json\/wp\/v2\/media?parent=146117"}],"wp:term":[{"taxonomy":"category","embeddable":true,"href":"https:\/\/www.europesays.com\/es\/wp-json\/wp\/v2\/categories?post=146117"},{"taxonomy":"post_tag","embeddable":true,"href":"https:\/\/www.europesays.com\/es\/wp-json\/wp\/v2\/tags?post=146117"}],"curies":[{"name":"wp","href":"https:\/\/api.w.org\/{rel}","templated":true}]}}