{"id":146119,"date":"2025-09-29T09:31:12","date_gmt":"2025-09-29T09:31:12","guid":{"rendered":"https:\/\/www.europesays.com\/es\/146119\/"},"modified":"2025-09-29T09:31:12","modified_gmt":"2025-09-29T09:31:12","slug":"csit-union-profesional-2","status":"publish","type":"post","link":"https:\/\/www.europesays.com\/es\/146119\/","title":{"rendered":"CSIT UNI\u00d3N PROFESIONAL"},"content":{"rendered":"<p>&#13;<br \/>\n&#13;<br \/>\n    &#13;<br \/>\n    &#13;<br \/>\n    &#13;<br \/>\n&#13;<br \/>\n    &#13;<br \/>\n    CSIT UNI\u00d3N PROFESIONAL&#13;<br \/>\n&#13;<br \/>\n    &#13;<br \/>\n&#13;<br \/>\n    &#13;<br \/>\n    &#13;<br \/>\n    &#13;<br \/>\n    &#13;<br \/>\n    &#13;<br \/>\n&#13;<br \/>\n&#13;<br \/>\n    &#13;<br \/>\n    &#13;<br \/>\n    &#13;<br \/>\n    &#13;<br \/>\n&#13;<br \/>\n&#13;<br \/>\n&#13;<br \/>\n    &#13;<br \/>\n    &#13;<br \/>\n    &#13;<br \/>\n    &#13;<br \/>\n    &#13;<br \/>\n    &#13;<br \/>\n    &#13;<br \/>\n    &#13;<br \/>\n    &#13;<br \/>\n    &#13;<br \/>\n    &#13;<br \/>\n&#13;<br \/>\n    &#13;<br \/>\n&#13;<br \/>\n    &#13;<br \/>\n    &#13;<br \/>\n    &#13;<br \/>\n    &#13;<br \/>\n    &#13;<br \/>\n    &#13;<br \/>\n    &#13;<br \/>\n    &#13;<br \/>\n    &#13;<br \/>\n    &#13;<br \/>\n&#13;<br \/>\n    &#13;<br \/>\n&#13;<br \/>\n    &#13;<br \/>\n&#13;<br \/>\n            &#13;<br \/>\n&#13;<br \/>\n&#13;<br \/>\n&#13;<br \/>\n&#13;<br \/>\n&#13;<br \/>\n&#13;<br \/>\n    &#13;<br \/>\n    &#13;<br \/>\n&#13;<br \/>\n    &#13;<br \/>\n    &#13;<br \/>\n    &#13;<br \/>\n    &#13;<\/p>\n<p>        &#13;<br \/>\n            <a id=\"anchorInitialPosition\"\/>&#13;<br \/>\n            &#13;<\/p>\n<p>        &#13;<br \/>\n            &#13;<br \/>\n            &#13;<br \/>\n&#13;<br \/>\n&#13;<br \/>\n                        &#13;<br \/>\n                            &#13;<br \/>\n                        &#13;<br \/>\n&#13;<br \/>\n            &#13;<\/p>\n<p>        &#13;<br \/>\n            <a href=\"https:\/\/www.csit.es\/CSIT\/Destacado\" rel=\"nofollow noopener\" target=\"_blank\">Inicio<\/a> \/&#13;<br \/>\n                            &#13;<br \/>\n                        <a href=\"https:\/\/www.csit.es\/CSIT_Informa\/Destacado\" rel=\"nofollow noopener\" target=\"_blank\">CSIT Informa<\/a>&#13;<br \/>\n                    \/&#13;<br \/>\n                &#13;<br \/>\n                            &#13;<br \/>\n                        <a href=\"https:\/\/www.csit.es\/CSIT_Informa\/Noticias_CSIT\" rel=\"nofollow noopener\" target=\"_blank\">Noticias CSIT<\/a>&#13;<br \/>\n                    \/&#13;<br \/>\n                &#13;<br \/>\n            &#13;<br \/>\n            Detalle&#13;<br \/>\n&#13;<br \/>\n&#13;<br \/>\n            &#13;<br \/>\n&#13;<br \/>\n&#13;<br \/>\n            &#13;<br \/>\n            &#13;<br \/>\n                &#13;<br \/>\n                    &#13;<br \/>\n                    Novedades sobre los procesos selectivos de Funcionarios de la Comunidad de Madrid&#13;<br \/>\n                    &#13;<br \/>\n                &#13;<br \/>\n&#13;<br \/>\n&#13;<\/p>\n<p>                            &#13;<br \/>\n                                <a href=\"https:\/\/www.europesays.com\/es\/wp-content\/uploads\/2025\/09\/12617_ProcesosselectivosCM.jpeg\" download=\"\">&#13;<br \/>\n                                    <img decoding=\"async\" src=\"https:\/\/www.europesays.com\/es\/wp-content\/uploads\/2025\/09\/12617_ProcesosselectivosCM.jpeg\" alt=\"Novedades sobre los procesos selectivos CM\" title=\"Novedades sobre los procesos selectivos CM\" rel=\"image_src\"\/>&#13;<br \/>\n                                <\/a>&#13;<br \/>\n                                &#13;<\/p>\n<p>&#13;<br \/>\n                                Desde el \u00c1rea de Administraci\u00f3n Auton\u00f3mica de <strong class=\"blueBold\">CSIT UNI\u00d3N PROFESIONAL<\/strong>, informamos de los \u00faltimos datos sobre el desarrollo de los procesos selectivos relativos al C1 y C2 de funcionarios de la Administraci\u00f3n de la Comunidad de Madrid&#13;\n                            <\/p>\n<p>La Administraci\u00f3n de la Comunidad de Madrid, a trav\u00e9s de su Direcci\u00f3n General de la Funci\u00f3n P\u00fablica, nos ha ofrecido informaci\u00f3n actualizada de los procesos selectivos derivados de las \u00f3rdenes de 2021, por Estabilizaci\u00f3n, Funcionarizaci\u00f3n y Promoci\u00f3n Interna:<\/p>\n<ul>\n<li><strong style=\"font-size: 13px; letter-spacing: 0.3px;\">C2      AUXILIARES ADMINISTRATIVOS &#8211;\u00a0<a href=\"https:\/\/www.bocm.es\/boletin\/CM_Orden_BOCM\/2021\/10\/19\/BOCM-20211019-12.PDF\" target=\"_blank\" rel=\"nofollow noopener\">ORDEN 394\/2021<\/a>: <\/strong>Se      est\u00e1n produciendo dificultades, dada la falta de presentaci\u00f3n de      documentaci\u00f3n de algunos adjudicatarios por diferentes motivos, que est\u00e1      haciendo que se tenga que volver a pedir una resoluci\u00f3n de personas      baremadas, hasta obtener a todos los candidatos y poder ofertar destino.<\/li>\n<li><strong style=\"font-size: 13px; letter-spacing: 0.3px;\">C1      ADMINISTRATIVOS &#8211;\u00a0<\/strong><strong><a href=\"https:\/\/www.bocm.es\/boletin\/CM_Orden_BOCM\/2021\/11\/11\/BOCM-20211111-5.PDF\" target=\"_blank\" rel=\"nofollow noopener\">ORDEN 436\/2021<\/a>:<\/strong> Se est\u00e1n produciendo dificultades, dada la falta      de presentaci\u00f3n de documentaci\u00f3n de algunos adjudicatarios por diferentes      motivos, que est\u00e1 haciendo que se tenga que volver a pedir una resoluci\u00f3n      de personas baremadas, hasta obtener a todos los candidatos y poder      ofertar destino.<\/li>\n<\/ul>\n<p>Quedan <strong>23 procedimientos pendientes<\/strong>:\u00a0 previsi\u00f3n de que los ex\u00e1menes se celebren en <strong>octubre<\/strong>.<\/p>\n<p>                &#13;<br \/>\n            &#13;<br \/>\n&#13;<br \/>\n&#13;<br \/>\n&#13;<br \/>\n&#13;<br \/>\n&#13;<\/p>\n<p>&#13;<br \/>\n                    &#13;<br \/>\n                        Etiquetas:&#13;<br \/>\n                    &#13;\n                <\/p>\n<p>&#13;<br \/>\n                &#13;<br \/>\n&#13;<\/p>\n<p>&#13;<br \/>\n                        &#13;<br \/>\n                            Relacionados:&#13;<br \/>\n                        &#13;<br \/>\n                        &#13;<br \/>\n(1 Archivos)&#13;<br \/>\n                        &#13;\n                    <\/p>\n<p>                &#13;<\/p>\n<p>    &#13;<br \/>\n&#13;<br \/>\n    &#13;<br \/>\n    <a href=\"#\" class=\"scrollUp\"\/>&#13;<br \/>\n    &#13;<br \/>\n    &#13;<br \/>\n        &#13;<br \/>\n        &#13;<\/p>\n<p>                    &#13;<br \/>\n                        <a href=\"https:\/\/www.csit.es\/CSIT\/Destacado\" rel=\"nofollow noopener\" target=\"_blank\">&#13;<br \/>\n                            <img decoding=\"async\" src=\"https:\/\/www.europesays.com\/es\/wp-content\/uploads\/2025\/09\/1759138272_851_logo-principal-pie.png\" alt=\"Logo CSIT\"\/>&#13;<br \/>\n                        <\/a>&#13;<\/p>\n<p>        &#13;<br \/>\n        &#13;<br \/>\n    &#13;<br \/>\n    &#13;<br \/>\n&#13;<br \/>\n&#13;<br \/>\n    &#13;<br \/>\n&#13;<\/p>\n<p class=\"txt_cookies\">&#13;<br \/>\n            Utilizamos cookies propias y de terceros para mejorar nuestros servicios y mostrarle publicidad relacionada&#13;<br \/>\n            con sus preferencias mediante el an\u00e1lisis de sus h\u00e1bitos de navegaci\u00f3n. Si continua navegando, consideramos que acepta su uso. Puede cambiar la configuraci\u00f3n u obtener <a href=\"https:\/\/www.csit.es\/CSIT_Informa\/Noticias_CSIT\/Detalle\/CSIT\/PoliticaPrivacidad\" style=\"color:#2e96db;\" title=\"Ver Pol\u00edtica de Privacidad\" rel=\"nofollow noopener\" target=\"_blank\">m\u00e1s informaci\u00f3n<\/a>.&#13;\n        <\/p>\n<p>    &#13;<br \/>\n&#13;<br \/>\n    &#13;<br \/>\n&#13;<\/p>\n","protected":false},"excerpt":{"rendered":"&#13; &#13; &#13; &#13; &#13; &#13; &#13; CSIT UNI\u00d3N PROFESIONAL&#13; &#13; &#13; &#13; &#13; &#13; &#13; &#13; &#13;&hellip;\n","protected":false},"author":2,"featured_media":146120,"comment_status":"","ping_status":"","sticky":false,"template":"","format":"standard","meta":{"footnotes":""},"categories":[5],"tags":[17,18,25,24,13,14,11,19,20,9,10,15,16,23,12,21,22],"class_list":{"0":"post-146119","1":"post","2":"type-post","3":"status-publish","4":"format-standard","5":"has-post-thumbnail","7":"category-titulares","8":"tag-breaking-news","9":"tag-breakingnews","10":"tag-es","11":"tag-espana","12":"tag-featured-news","13":"tag-featurednews","14":"tag-headlines","15":"tag-latest-news","16":"tag-latestnews","17":"tag-news","18":"tag-noticias","19":"tag-noticias-destacadas","20":"tag-noticiasdestacadas","21":"tag-spain","22":"tag-titulares","23":"tag-ultimas-noticias","24":"tag-ultimasnoticias"},"share_on_mastodon":{"url":"","error":""},"_links":{"self":[{"href":"https:\/\/www.europesays.com\/es\/wp-json\/wp\/v2\/posts\/146119","targetHints":{"allow":["GET"]}}],"collection":[{"href":"https:\/\/www.europesays.com\/es\/wp-json\/wp\/v2\/posts"}],"about":[{"href":"https:\/\/www.europesays.com\/es\/wp-json\/wp\/v2\/types\/post"}],"author":[{"embeddable":true,"href":"https:\/\/www.europesays.com\/es\/wp-json\/wp\/v2\/users\/2"}],"replies":[{"embeddable":true,"href":"https:\/\/www.europesays.com\/es\/wp-json\/wp\/v2\/comments?post=146119"}],"version-history":[{"count":0,"href":"https:\/\/www.europesays.com\/es\/wp-json\/wp\/v2\/posts\/146119\/revisions"}],"wp:featuredmedia":[{"embeddable":true,"href":"https:\/\/www.europesays.com\/es\/wp-json\/wp\/v2\/media\/146120"}],"wp:attachment":[{"href":"https:\/\/www.europesays.com\/es\/wp-json\/wp\/v2\/media?parent=146119"}],"wp:term":[{"taxonomy":"category","embeddable":true,"href":"https:\/\/www.europesays.com\/es\/wp-json\/wp\/v2\/categories?post=146119"},{"taxonomy":"post_tag","embeddable":true,"href":"https:\/\/www.europesays.com\/es\/wp-json\/wp\/v2\/tags?post=146119"}],"curies":[{"name":"wp","href":"https:\/\/api.w.org\/{rel}","templated":true}]}}