{"id":146130,"date":"2025-09-29T09:39:12","date_gmt":"2025-09-29T09:39:12","guid":{"rendered":"https:\/\/www.europesays.com\/es\/146130\/"},"modified":"2025-09-29T09:39:12","modified_gmt":"2025-09-29T09:39:12","slug":"68-79-casademont-zaragoza-conquista-en-huesca-su-primera-supercopa-lf-endesa","status":"publish","type":"post","link":"https:\/\/www.europesays.com\/es\/146130\/","title":{"rendered":"68-79 | Casademont Zaragoza conquista en Huesca su primera Supercopa LF Endesa"},"content":{"rendered":"<p>El choque arranc\u00f3 con mucha igualdad. El Valencia Basket busc\u00f3 imponer su experiencia desde el inicio con Awa Fam dominando en la pintura y Tania Atkinson dirigiendo con criterio. Enfrente, el Casademont Zaragoza respondi\u00f3 con la solidez de Merritt Hempe en el juego interior y la eficacia de Helena Pueyo, que lider\u00f3 las primeras acciones ofensivas. La alternancia en el marcador marc\u00f3 un primer cuarto de gran ritmo en el que las aragonesas cerraron con ligera ventaja (20-26).<\/p>\n<p>En el segundo periodo, el Valencia trat\u00f3 de ajustar en defensa para reducir diferencias, con Fam asumiendo protagonismo en la pintura. Sin embargo, las de Carlos Cantero supieron mantener la calma y continuaron anotando con fluidez. El duelo interior entre Fam y Hempe centr\u00f3 gran parte de la atenci\u00f3n de la primera mitad, que concluy\u00f3 con ventaja para el Casademont Zaragoza tras un continuo intercambio de canastas.<\/p>\n<p>Tras el paso por vestuarios, el partido entr\u00f3 en un momento decisivo. La belga Hind Ben aport\u00f3 desde el per\u00edmetro y Pueyo confirm\u00f3 su gran actuaci\u00f3n con acierto total en tiros de dos puntos. Con ello, el conjunto aragon\u00e9s alcanz\u00f3 su m\u00e1xima ventaja al final del tercer cuarto (50-62), lo que obligaba al Valencia a buscar la remontada en los \u00faltimos diez minutos.<\/p>\n<p>El \u00faltimo cuarto mantuvo la emoci\u00f3n. Con Leticia Romero asumiendo responsabilidades en la direcci\u00f3n, Valencia recort\u00f3 distancias y mantuvo opciones hasta el tramo final. No obstante, el Casademont Zaragoza respondi\u00f3 con un juego colectivo s\u00f3lido y con la aportaci\u00f3n de Aminata Gueye en momentos clave, asegurando as\u00ed la renta hasta el final.<br \/>&#13;<br \/>\n La bocina final certific\u00f3 la victoria del Casademont Zaragoza (68-79), que se proclam\u00f3 campe\u00f3n de la Supercopa LF Endesa por primera vez en su historia. El equipo aragon\u00e9s sucede as\u00ed al Valencia Basket en el palmar\u00e9s y se convierte en el quinto club diferente en levantar este t\u00edtulo.<\/p>\n<p>En el plano individual, Helena Pueyo fue designada MVP de la final gracias a sus 15 puntos, 7\/7 en tiros de dos y 21 cr\u00e9ditos de valoraci\u00f3n, confirmando adem\u00e1s su papel destacado tras haber brillado en semifinales. Un reconocimiento que pone el broche a una edici\u00f3n disputada con un gran nivel competitivo y con un ambiente inmejorable en Huesca.<\/p>\n<p>\u00a0<\/p>\n","protected":false},"excerpt":{"rendered":"El choque arranc\u00f3 con mucha igualdad. El Valencia Basket busc\u00f3 imponer su experiencia desde el inicio con Awa&hellip;\n","protected":false},"author":2,"featured_media":146131,"comment_status":"","ping_status":"","sticky":false,"template":"","format":"standard","meta":{"footnotes":""},"categories":[269],"tags":[4605,299,1918,298,4597,4613,4616,4609,4608,4610,168,4603,4606,25,24,4120,4598,4614,2713,4601,830,4599,4600,4602,4615,4617,4607,4604,23,167,4611,4612],"class_list":{"0":"post-146130","1":"post","2":"type-post","3":"status-publish","4":"format-standard","5":"has-post-thumbnail","7":"category-baloncesto","8":"tag-arbitros-baloncesto","9":"tag-baloncesto","10":"tag-basket","11":"tag-basketball","12":"tag-basquet","13":"tag-canalfeb","14":"tag-clasificacion","15":"tag-copa-princesa","16":"tag-copa-principe","17":"tag-copa-reina","18":"tag-deportes","19":"tag-eba","20":"tag-entrenadores-baloncesto","21":"tag-es","22":"tag-espana","23":"tag-estadisticas","24":"tag-federacion-baloncesto","25":"tag-jornada-virtual","26":"tag-jugadores","27":"tag-laeb-plata","28":"tag-leb-oro","29":"tag-liga-espana","30":"tag-liga-espanola-baloncesto","31":"tag-liga-femenina","32":"tag-marcadores-baloncesto","33":"tag-rankings","34":"tag-reglas-baloncesto","35":"tag-seleccion-baloncesto","36":"tag-spain","37":"tag-sports","38":"tag-supercopa","39":"tag-television-baloncesto"},"share_on_mastodon":{"url":"","error":""},"_links":{"self":[{"href":"https:\/\/www.europesays.com\/es\/wp-json\/wp\/v2\/posts\/146130","targetHints":{"allow":["GET"]}}],"collection":[{"href":"https:\/\/www.europesays.com\/es\/wp-json\/wp\/v2\/posts"}],"about":[{"href":"https:\/\/www.europesays.com\/es\/wp-json\/wp\/v2\/types\/post"}],"author":[{"embeddable":true,"href":"https:\/\/www.europesays.com\/es\/wp-json\/wp\/v2\/users\/2"}],"replies":[{"embeddable":true,"href":"https:\/\/www.europesays.com\/es\/wp-json\/wp\/v2\/comments?post=146130"}],"version-history":[{"count":0,"href":"https:\/\/www.europesays.com\/es\/wp-json\/wp\/v2\/posts\/146130\/revisions"}],"wp:featuredmedia":[{"embeddable":true,"href":"https:\/\/www.europesays.com\/es\/wp-json\/wp\/v2\/media\/146131"}],"wp:attachment":[{"href":"https:\/\/www.europesays.com\/es\/wp-json\/wp\/v2\/media?parent=146130"}],"wp:term":[{"taxonomy":"category","embeddable":true,"href":"https:\/\/www.europesays.com\/es\/wp-json\/wp\/v2\/categories?post=146130"},{"taxonomy":"post_tag","embeddable":true,"href":"https:\/\/www.europesays.com\/es\/wp-json\/wp\/v2\/tags?post=146130"}],"curies":[{"name":"wp","href":"https:\/\/api.w.org\/{rel}","templated":true}]}}