{"id":146174,"date":"2025-09-29T10:03:09","date_gmt":"2025-09-29T10:03:09","guid":{"rendered":"https:\/\/www.europesays.com\/es\/146174\/"},"modified":"2025-09-29T10:03:09","modified_gmt":"2025-09-29T10:03:09","slug":"rcd-mallorca-alaves-una-victoria-para-reencontrarse","status":"publish","type":"post","link":"https:\/\/www.europesays.com\/es\/146174\/","title":{"rendered":"RCD MALLORCA-ALAV\u00c9S | Una victoria para reencontrarse"},"content":{"rendered":"<p class=\"ft-text ft-helper-closenews\">Hay victorias que pueden marcar un antes y un despu\u00e9s. D\u00edas en los que lo que menos cuenta es la t\u00e1ctica, la calidad del juego o el divertimento. Y es que lo importante para este<strong> <\/strong><a class=\"ft-link ft-link--decoration\" href=\"https:\/\/www.diariodemallorca.es\/rcd-mallorca\/\" rel=\"nofollow noopener\" target=\"_blank\"><strong>Real Mallorca<\/strong><\/a>, al que no le sobra nada y le falta mucho, es acumular puntos. Y es por ello que el<strong> triunfo ante el Alav\u00e9s<\/strong> (1-0), un equipo dise\u00f1ado para sufrir y que competir\u00e1 por los mismos objetivos que los bermellones \u2014salvo sorpresa\u2014, signific\u00f3 mucho m\u00e1s que el simple hecho de ganar.<\/p>\n<p class=\"ft-text\">Mirar hacia el futuro con cinco puntos no es lo mismo que hacerlo con dos. Tras un inicio desolador en lo deportivo y preocupante en lo extradeportivo, tanto <strong>Jagoba Arrasate<\/strong> como la plantilla ten\u00edan marcado en rojo el choque frente al conjunto vasco. Todo lo que no fuese sumar de tres hubiera significado <strong>echar gasolina al fuego<\/strong> sobre el que se mueve el equipo en las \u00faltimas semanas.<\/p>\n<p class=\"ft-text\">Especialmente necesario era para el t\u00e9cnico de <strong>Berriatua<\/strong>. La derrota en San Sebasti\u00e1n le dej\u00f3 muy tocado, tal y como reconoci\u00f3 el viernes en rueda de prensa. Una noche complicada, de darle vueltas a las cosas. Y como resultado lleg\u00f3 una charla con el equipo en busca de una reacci\u00f3n y un regreso a los or\u00edgenes, al menos en cuanto a intenciones y disposici\u00f3n sobre el campo.<\/p>\n<p class=\"ft-text\">Un 4-2-3-1 y la idea de ser m\u00e1s valientes con la pelota, recular menos y apretar m\u00e1s arriba, pero sin perder solidez atr\u00e1s. Eso fue lo que caracteriz\u00f3 al equipo en la primera vuelta del curso pasado y que se hab\u00eda perdido. Y, pese a ganar, falta un mundo todav\u00eda para verlo sobre el verde. El choque ante el Alav\u00e9s no fue el m\u00e1s brillante, pero el Mallorca consigui\u00f3 sacarlo adelante.<\/p>\n<p class=\"ft-text\">Y eso que el inicio no fue lo que se esperaba. Los presentes en el estadio no vieron a un Mallorca que acosara a su rival y atosigara al portero contrario. De hecho, si alguien estaba m\u00e1s c\u00f3modo con la pelota era el Alav\u00e9s. Los nervios en los bermellones eran evidentes y los errores e imprecisiones se acumulaban uno detr\u00e1s de otro. La defensa no encontraba la manera de salir, el centro del campo no consegu\u00eda controlar el juego y <strong>Muriqi<\/strong> estaba demasiado alejado del \u00e1rea de Sivera.<\/p>\n<p class=\"ft-text\">El gol de Asano, nacido de la inteligencia y tras una buena combinaci\u00f3n, dio el premio cuando seguramente el equipo no hab\u00eda hecho m\u00e9ritos para recibirlo. En la segunda mitad, la ansiedad y el miedo a perder la ventaja provocaron que en los primeros minutos el Mallorca reculase en exceso. El f\u00edsico no sobraba y apenas llegaban a pisar el campo ajeno.<\/p>\n<p class=\"ft-text\">Pero los cambios de Arrasate, en especial <strong>Mateo Joseph, Antonio S\u00e1nchez y Mateu Jaume<\/strong>, le dieron energ\u00eda al equipo. Empez\u00f3 a descolocarse menos y a jugar en campo del Alav\u00e9s. De hecho, consigui\u00f3 que el \u00faltimo tramo se jugase a muchos metros del \u00e1rea de Leo Rom\u00e1n, que ya sabe lo que es dejar su porter\u00eda a cero este curso en <a class=\"ft-link ft-link--decoration\" href=\"https:\/\/www.diariodemallorca.es\/tags\/futbol\/\" rel=\"nofollow noopener\" target=\"_blank\">Primera Divisi\u00f3n<\/a>.<\/p>\n<p class=\"ft-text\">El final del partido, con la explosi\u00f3n de alegr\u00eda en las gradas y en el campo, habl\u00f3 de que se acababan de conseguir m\u00e1s que tres puntos. Pero hoy, cuando se empiece a preparar el choque del s\u00e1bado ante el Athletic en San Mam\u00e9s, no ser\u00e1 m\u00e1s que otro partido. La alegr\u00eda de la victoria es la mejor base para intentar <strong>reencontrarse y recuperar la \u00abesencia\u00bb<\/strong>, un t\u00e9rmino al que suele hacer referencia Arrasate. Se ha dado un peque\u00f1o paso, pero quedan muchos m\u00e1s que dar.<\/p>\n<p data-close=\"closedContent\" class=\"subscribeHideForDisplay\">Suscr\u00edbete para seguir leyendo<\/p>\n","protected":false},"excerpt":{"rendered":"Hay victorias que pueden marcar un antes y un despu\u00e9s. D\u00edas en los que lo que menos cuenta&hellip;\n","protected":false},"author":2,"featured_media":146175,"comment_status":"","ping_status":"","sticky":false,"template":"","format":"standard","meta":{"footnotes":""},"categories":[268],"tags":[168,25,24,280,282,23015,13752,14023,31489,281,23,167,1261],"class_list":{"0":"post-146174","1":"post","2":"type-post","3":"status-publish","4":"format-standard","5":"has-post-thumbnail","7":"category-futbol","8":"tag-deportes","9":"tag-es","10":"tag-espana","11":"tag-football","12":"tag-futbol","13":"tag-jagoba-arrasate","14":"tag-rcd-mallorca","15":"tag-real-mallorca","16":"tag-reencontrarse","17":"tag-soccer","18":"tag-spain","19":"tag-sports","20":"tag-victoria"},"share_on_mastodon":{"url":"","error":""},"_links":{"self":[{"href":"https:\/\/www.europesays.com\/es\/wp-json\/wp\/v2\/posts\/146174","targetHints":{"allow":["GET"]}}],"collection":[{"href":"https:\/\/www.europesays.com\/es\/wp-json\/wp\/v2\/posts"}],"about":[{"href":"https:\/\/www.europesays.com\/es\/wp-json\/wp\/v2\/types\/post"}],"author":[{"embeddable":true,"href":"https:\/\/www.europesays.com\/es\/wp-json\/wp\/v2\/users\/2"}],"replies":[{"embeddable":true,"href":"https:\/\/www.europesays.com\/es\/wp-json\/wp\/v2\/comments?post=146174"}],"version-history":[{"count":0,"href":"https:\/\/www.europesays.com\/es\/wp-json\/wp\/v2\/posts\/146174\/revisions"}],"wp:featuredmedia":[{"embeddable":true,"href":"https:\/\/www.europesays.com\/es\/wp-json\/wp\/v2\/media\/146175"}],"wp:attachment":[{"href":"https:\/\/www.europesays.com\/es\/wp-json\/wp\/v2\/media?parent=146174"}],"wp:term":[{"taxonomy":"category","embeddable":true,"href":"https:\/\/www.europesays.com\/es\/wp-json\/wp\/v2\/categories?post=146174"},{"taxonomy":"post_tag","embeddable":true,"href":"https:\/\/www.europesays.com\/es\/wp-json\/wp\/v2\/tags?post=146174"}],"curies":[{"name":"wp","href":"https:\/\/api.w.org\/{rel}","templated":true}]}}