{"id":146182,"date":"2025-09-29T10:07:09","date_gmt":"2025-09-29T10:07:09","guid":{"rendered":"https:\/\/www.europesays.com\/es\/146182\/"},"modified":"2025-09-29T10:07:09","modified_gmt":"2025-09-29T10:07:09","slug":"estos-son-los-invitados-de-el-hormiguero-hoy-y-toda-la-semana-en-antena-3-del-29-de-septiembre-al-2-de-octubre","status":"publish","type":"post","link":"https:\/\/www.europesays.com\/es\/146182\/","title":{"rendered":"Estos son los invitados de &#8216;El hormiguero&#8217; hoy, y toda la semana, en Antena 3 (del 29 de septiembre al 2 de octubre)"},"content":{"rendered":"\n<p> <strong>El hormiguero<\/strong><strong> afronta una nueva semana en Antena 3<\/strong> con <a href=\"https:\/\/www.elconfidencial.com\/television\/programas-tv\/2025-09-25\/pablo-motos-alex-gonzalez-el-hormiguero-descoloca-tema-narices-sacarlo_4216503\/\" target=\"_blank\" rel=\"nofollow noopener\">Pablo Motos<\/a> y todo el equipo de 7yAcci\u00f3n para seguir seduciendo a la audiencia por encima de la competencia. Y para ello, tiene ya listos a los invitados que acudir\u00e1n al plat\u00f3 situado en la madrile\u00f1a calle de Alcal\u00e1, para desvelar aspectos importantes de su vida privada y profesional y divertirse con las pruebas y los restos propuestos. A continuaci\u00f3n tienes el <strong>listado de los invitados.<\/strong> <\/p>\n<p>                Lunes 29: Carmen Maura            <\/p>\n<p> La semana arranca con la visita de la <strong>actriz Carmen Maura<\/strong>\u00a0para hablar de Vieja Loca, la nueva pel\u00edcula que protagoniza y que se estrena en cines el pr\u00f3ximo 10 de octubre. La cinta de terror y suspense cuenta la historia de un hombre al que su exnovia le pide que cuide a su madre senil, Alicia.\u00a0 Lo que empieza como un acto de compasi\u00f3n se convierte r\u00e1pidamente en una pesadilla para \u00e9l. <\/p>\n<p>                Carmen Maura. (EFE &#8211; Julio C\u00e9sar Rivas)           Martes 30: Luis Zahera           <\/p>\n<p> El martes se suma a la fiesta de Trancas y Barrancas el <strong>actor Luis Zahera<\/strong> para hablarnos de Animal, la nueva serie que protagoniza y que se estrena el 3 de octubre en Netflix. En este nueva ficci\u00f3n, Zahera interpreta a un veterinario rural gallego que, ante la crisis del mundo del campo, se queda\u00a0 sin clientes porque sus vecinos ya no pueden pagarle. <\/p>\n<p>                Luis Zahera. (Netflix)           Mi\u00e9rcoles 1: Vicente Vall\u00e9s           <\/p>\n<p> <strong>El periodista Vicente Vall\u00e9s<\/strong> vuelve a El hormiguero. Hablar\u00e1 de La Caza del Ejecutor, su nueva y esperada novela que se publica ese mismo d\u00eda. Tras el \u00e9xito de Operaci\u00f3n Kaz\u00e1n, su anterior libro,\u00a0con\u00a0La caza del ejecutor\u00a0se consolida como uno de los\u00a0narradores m\u00e1s adictivos del panorama actual y demuestra que domina la geopol\u00edtica actual como pocos. La historia arranca con el asesinato de un alto responsable del espionaje ruso a manos de un ejecutor de traidores. Su asesinato no es solo el primero. Las v\u00edctimas saben demasiado sobre un plan que pondr\u00eda a Europa al borde de una guerra. <\/p>\n<p>                Vicente Vall\u00e9s. (EFE &#8211; Marcial Guill\u00e9n)           Jueves 2: Gloria Estefan           <\/p>\n<p> La semana acaba con toda una estrella internacional de la canci\u00f3n latina, <strong>la cantante Gloria Estefan<\/strong>. La artista cubana ser\u00e1 la cabeza de cartel de las celebraciones que prepara la Comunidad de Madrid con motivo del D\u00eda de la Hispanidad y ofrecer\u00e1 un concierto gratuito el pr\u00f3ximo 5 de octubre en la Plaza de Col\u00f3n de la capital, en el marco de las actividades culturales organizadas con motivo de dicha festividad. <\/p>\n<p>                Gloria Estefan. (EFE &#8211; EPA MANUEL FERNANDO ARAUJO )            <\/p>\n<p> Ahora solo queda esperar para ver c\u00f3mo reacciona el p\u00fablico ante estos famosos y los que todav\u00eda se desconoce que llevar\u00e1 <strong>David Broncano a <\/strong><strong>La revuelta<\/strong>, el programa de La 1 de Televisi\u00f3n Espa\u00f1ola. <\/p>\n<p> <strong>El hormiguero<\/strong><strong> afronta una nueva semana en Antena 3<\/strong> con <a href=\"https:\/\/www.elconfidencial.com\/television\/programas-tv\/2025-09-25\/pablo-motos-alex-gonzalez-el-hormiguero-descoloca-tema-narices-sacarlo_4216503\/\" target=\"_blank\" rel=\"nofollow noopener\">Pablo Motos<\/a> y todo el equipo de 7yAcci\u00f3n para seguir seduciendo a la audiencia por encima de la competencia. Y para ello, tiene ya listos a los invitados que acudir\u00e1n al plat\u00f3 situado en la madrile\u00f1a calle de Alcal\u00e1, para desvelar aspectos importantes de su vida privada y profesional y divertirse con las pruebas y los restos propuestos. A continuaci\u00f3n tienes el <strong>listado de los invitados.<\/strong> <\/p>\n","protected":false},"excerpt":{"rendered":"El hormiguero afronta una nueva semana en Antena 3 con Pablo Motos y todo el equipo de 7yAcci\u00f3n&hellip;\n","protected":false},"author":2,"featured_media":146183,"comment_status":"","ping_status":"","sticky":false,"template":"","format":"standard","meta":{"footnotes":""},"categories":[171],"tags":[146,147,25,24,23,214],"class_list":{"0":"post-146182","1":"post","2":"type-post","3":"status-publish","4":"format-standard","5":"has-post-thumbnail","7":"category-tv","8":"tag-entertainment","9":"tag-entretenimiento","10":"tag-es","11":"tag-espana","12":"tag-spain","13":"tag-tv"},"share_on_mastodon":{"url":"","error":""},"_links":{"self":[{"href":"https:\/\/www.europesays.com\/es\/wp-json\/wp\/v2\/posts\/146182","targetHints":{"allow":["GET"]}}],"collection":[{"href":"https:\/\/www.europesays.com\/es\/wp-json\/wp\/v2\/posts"}],"about":[{"href":"https:\/\/www.europesays.com\/es\/wp-json\/wp\/v2\/types\/post"}],"author":[{"embeddable":true,"href":"https:\/\/www.europesays.com\/es\/wp-json\/wp\/v2\/users\/2"}],"replies":[{"embeddable":true,"href":"https:\/\/www.europesays.com\/es\/wp-json\/wp\/v2\/comments?post=146182"}],"version-history":[{"count":0,"href":"https:\/\/www.europesays.com\/es\/wp-json\/wp\/v2\/posts\/146182\/revisions"}],"wp:featuredmedia":[{"embeddable":true,"href":"https:\/\/www.europesays.com\/es\/wp-json\/wp\/v2\/media\/146183"}],"wp:attachment":[{"href":"https:\/\/www.europesays.com\/es\/wp-json\/wp\/v2\/media?parent=146182"}],"wp:term":[{"taxonomy":"category","embeddable":true,"href":"https:\/\/www.europesays.com\/es\/wp-json\/wp\/v2\/categories?post=146182"},{"taxonomy":"post_tag","embeddable":true,"href":"https:\/\/www.europesays.com\/es\/wp-json\/wp\/v2\/tags?post=146182"}],"curies":[{"name":"wp","href":"https:\/\/api.w.org\/{rel}","templated":true}]}}