{"id":146202,"date":"2025-09-29T10:19:07","date_gmt":"2025-09-29T10:19:07","guid":{"rendered":"https:\/\/www.europesays.com\/es\/146202\/"},"modified":"2025-09-29T10:19:07","modified_gmt":"2025-09-29T10:19:07","slug":"la-feria-de-san-miguel-y-los-toreros-mexicanos","status":"publish","type":"post","link":"https:\/\/www.europesays.com\/es\/146202\/","title":{"rendered":"La feria de San Miguel y los toreros mexicanos"},"content":{"rendered":"<p style=\"text-align: justify;\">Este fin de semana celebr\u00f3 Sevilla su tradicional feria de San Miguel, con enorme expectaci\u00f3n y buenos carteles. Y, por supuesto, ning\u00fan mexicano en ellos. La Maestranza, lo he dicho m\u00e1s de una vez, no ha sido una plaza hist\u00f3ricamente hospitalaria con nuestros toreros. Y eso que tres de ellos se hicieron matadores a fines de septiembre y a la vista del giraldillo.\u00a0 Y eso que Filiberto Mira, el bi\u00f3grafo m\u00e1s autorizado del coso del baratillo, dej\u00f3 escrito que el rey de la feria del oto\u00f1o sevillano se llama Carlos Arruza, del mismo modo que lo fuera Manolete de la de abril. Todav\u00eda, all\u00e1 por los a\u00f1os 50 del XX, pod\u00edan verse anunciados en un mismo cartel de la segunda feria de la metr\u00f3poli andaluza hasta dos espadas procedentes del An\u00e1huac. Pero eran otros tiempos. Porque con el arribo del nuevo siglo lleg\u00f3 la consigna de nunca m\u00e1s.<\/p>\n<p>Consulta: <a href=\"https:\/\/www.lajornadadeoriente.com.mx\/puebla\/mexicanos-en-madrid-13\/\" target=\"_blank\" rel=\"noopener nofollow\">Mexicanos en Madrid 13<\/a><\/p>\n<p style=\"text-align: justify;\"><strong>Alternativas.<\/strong> Con diferencia, Rodolfo Gaona ha sido el mexicano que los sevillanos vieron partir plaza con mayor frecuencia, especialmente a partir de su c\u00e9lebre faena a \u201cDesesperado\u201d, de Gregorio campos, en la serie abrile\u00f1a de 1912. Aun as\u00ed, compareci\u00f3 muy poco en la serie de corridas de San Miguel Arc\u00e1ngel. En cambio, tres paisanos hubo que tomaron su alternativa justamente por esas fechas.<\/p>\n<p style=\"text-align: justify;\"><strong>Jes\u00fas Sol\u00f3rzano D\u00e1valos<\/strong> (Morelia, 1908-CDMX, 1983). Su doctorado coronaba una campa\u00f1a novilleril que supo de tardes triunfales en la propia Sevilla y tambi\u00e9n en Madrid. Ell 29 de septiembre de 1930\u00a0 fue padrino de alternativa del moreliano Marcial Lalanda, con El Ni\u00f1o de la Palma de segundo espada y con el toro \u201cNiquelado\u201d, de Pallar\u00e9s. Sol\u00edorzano ya era matador en M\u00e9xico: en El Toreo (15.12.29), F\u00e9lix Rodr\u00edguez le hab\u00eda cedido muleta y espada, pero era habitual que, al viajar a Espa\u00f1a, nuestros toreros renunciaran a su alternativa mexicana para matar novillos en busca del espaldarazo definitivo.<\/p>\n<p style=\"text-align: justify;\">Esa tarde, Chucho Sol\u00f3rzano estuvo muy torero en los tres tercios del bicho del doctorado a pesar de que \u201cNiquelado\u201d ten\u00eda tendencia quedarse corto y derrotar; pero el torero se impuso, lo estoque\u00f3 por derecho y los sevillanos lo llamaron a recorrer el anillo entre ovaciones. El sexto fue soso y Jes\u00fas lo despach\u00f3 pronta y atinadamente, demostrando que estaba cuajado para la alternativa. Fue lo mejor de la tarde, las dos figuras hispanas de la terna no se vieron.<\/p>\n<p style=\"text-align: justify;\"><strong>Jos\u00e9 Huerta Rivera (Tetela de Ocampo, 1934- CDMX, 2001).<\/strong> El doctorado sevillano de Joselito Huerta fue la culminaci\u00f3n de una cadena de triunfos novilleriles en toda Espa\u00f1a, especialmente sonados los que alcanz\u00f3 en la misma Real Maestranza. El otorgante, aquel 29 de septiembre de 1955, fue Antonio Bienvenida y testigo Antonio V\u00e1zquez \u2013de la dinast\u00eda de los V\u00e1zquez de San Bernardo\u2013, y, para empezar a todo tren el poblano desorej\u00f3 a \u201cServilleto\u201d, de Felipe Bartolom\u00e9, el de la ceremonia. Como en el caso de Chucho Sol\u00f3rzano, la tarde fue del mexicano, pues ninguno de los dos Antonios consigui\u00f3 sacar los pies del tiesto.<\/p>\n<p style=\"text-align: justify;\"><strong>Abel Flores \u201cEl papelero\u201d (Angangueo, 1941-CDMX, 2011)<\/strong>. Aunque como matador no funcion\u00f3 y lo dej\u00f3 pronto, en 1963, el que fuera voceador de diarios en infancia realiz\u00f3 interesante campa\u00f1a novilleril en la pen\u00ednsula que desemboc\u00f3 en una alternativa de lujo en la mism\u00edsima Maestranza. La tarde del 30 de septiembre de dicho a\u00f1o sali\u00f3 por delante el rejoneador Alvaro Domecq Romero y cort\u00f3 la primera oreja, previa al doctorado que concediera Diego Puerta al valeroso joven michoacano delante de Juan Garc\u00eda \u201cMonde\u00f1o\u201d y con el toro \u201cBuenas Noches\u201d de N\u00fa\u00f1ez Hermanos. El catec\u00fameno no estuvo mal pero fall\u00f3 bastante con el estoque. En cambio sus alternantes, que eran dos figuras del toreo, no dejaron escapar la ocasi\u00f3n: dos orejas cort\u00f3 Puerta por una faena realmente inspirada \u2013era Diego un torero de garra m\u00e1s que de clase, pero esa tarde tore\u00f3 con gran suavidad a un toro de bandera\u2013, y una con petici\u00f3n de la segunda \u201cMonde\u00f1o\u201d, ya a punto de ingresar a un convento dominico que no tardar\u00eda en abandonar.<\/p>\n<p style=\"text-align: justify;\"><strong>Triunfos mexicanos en la sanmiguelada.<\/strong> La limpieza \u00e9tnica contra el elemento azteca emprendida en los \u00faltimos decenios por la empresa sevillana s\u00f3lo empez\u00f3 a operar hacia finales del siglo XX. Muy antes, la Maestranza hab\u00eda sido escenario del debut triunfal de Luis Castro \u201cEl Soldado\u201d, que acababa de armarla fuerte en Madrid en aquellos manos a mano memorables con Lorenzo Garza, y que al presentarse en el coso maestrante al lado de otro novillero mexicano, Jes\u00fas Gonz\u00e1lez \u201cEl Indio\u201d, y los espa\u00f1oles \u201cVenturita\u201d y \u201cAlcalare\u00f1o\u201d con ocho utreros de Coquilla, cort\u00f3 oreja y se llev\u00f3 la tarde (30.09.34).<\/p>\n<p style=\"text-align: justify;\">Carlos Arruza, por su parte, se present\u00f3 en Sevilla justamente un d\u00eda de San Miguel (29.09.44) cambiando la oreja de su segundo de Julia Coss\u00edo por una cornada leve; con su toro anterior tuvo petici\u00f3n y dio la vuelta al ruedo, Domingo Ortega tambi\u00e9n cort\u00f3 oreja y se fue en blanco el peruano Alejandro Montani. Al a\u00f1o siguiente, due\u00f1o ya de la adhesi\u00f3n entusiasta de los sevillanos gracias a sus triunfos al lado de Manolete en abril de aquel 1945, cort\u00f3 dos orejas a su primero de Felipe Bartolom\u00e9 alternando con Rafael Vega de los Reyes y Montani (28.09.45). Y cuatro orejas, ni una menos, al comparecer en la feria chica de septiembre del a\u00f1o siguiente, toros muy encastados de Salvador Guardiola y ba\u00f1o completo para sus alternantes Rafael Ortega \u201cGallito\u201d y Pep\u00edn Mart\u00edn V\u00e1zquez (28.09.46); al d\u00eda siguiente no estuvo Carlos tan en vena y solamente cobr\u00f3 un ap\u00e9ndice, lo mismo que el rejoneador \u00c1lvaro Domecq Sr. y Rafael Vega \u201cGitanillo II\u201d; s\u00f3lo Emiliano de la Casa \u201cMorenito de Talavera\u201d se fue con las manos vac\u00edas. En encierro fue de Clemente Tassara.<\/p>\n<p style=\"text-align: justify;\">Muy pocos recordar\u00e1n que el Cicl\u00f3n Arruza fue due\u00f1o por aquellos a\u00f1os de una ganader\u00eda espa\u00f1ola, de simiente Santa Coloma y que pastaba en territorio andaluz. Ese hierro ten\u00edan los bureles anunciados en la feria de San Miguel de 1951 para una terna integrada por dos mexicanos \u2013Luis Procuna y Juan Silveti Reinoso\u2013, y el ronde\u00f1o Antonio Ord\u00f3\u00f1ez; el caso es que los bichos de Arruza \u00a0deben haber tenido al diablo dentro porque ninguno de los tres espadas consigui\u00f3 triunfar y al Berrendito su primero lo envi\u00f3 a la enfermer\u00eda conmocionado y con varias piezas dentales de menos, por lo que Silveti tuvo que despachar tres morlacos (29.09.51). La empresa maestrante reincidir\u00eda en un cartel con dos mexicas (Jes\u00fas C\u00f3rdoba y Silveti) y un hispano (Manolo V\u00e1zquez), y ganado dif\u00edcil de Marceliano Rodr\u00edguez, con el que solamente Chucho C\u00f3rdoba pudo cortar un ap\u00e9ndice (28.09.54).<\/p>\n<p style=\"text-align: justify;\">Entre rupturas del Convenio y decisiones de la empresa Pag\u00e9s, pasar\u00edan otros nueve a\u00f1os antes de que otro mexicano partiera plaza en feria de San Miguel, y fue precisamente Abel Flores, para tomar su ya descrita y m\u00e1s bien gris alternativa. Y no le fue mucho mejor a su pareja novilleril en M\u00e9xico, el bravo tlaxcalteca Gabino Aguilar que, ya matador, tore\u00f3 al lado de Pedr\u00e9s y Curro Romero astados de dos ganader\u00edas, Manuel Camacho y N\u00fa\u00f1ez Hermanos; para Curro fue ese d\u00eda la \u00fanica oreja (29.09.64).<\/p>\n<p style=\"text-align: justify;\">Tambi\u00e9n un ap\u00e9ndice cortar\u00eda Alfredo Leal, el \u00faltimo mexicano que ha comparecido en la feria sanmiguelina, pero el p\u00fablico ped\u00eda las dos y le peg\u00f3 un bronc\u00f3n al presidente de la corrida en que Manolo V\u00e1zquez anunci\u00f3 su despedida \u2013la primera, porque m\u00e1s tarde volvi\u00f3 a enfundarse el chispeante\u2013 y fue Curro Romero tercer espada en tarde desafortunada para ambos, a tono con la dureza de una mansada grande y pasada de Concha y Sierra. En cambio, el chilango colado en aquel cartel estuvo colosal, con petici\u00f3n y vuelta en su primero y faen\u00f3n al quinto, con el que dibuj\u00f3 adem\u00e1s, seg\u00fan Don Fabricio II, \u201cla mejor estocada del a\u00f1o\u201d. De ah\u00ed el meneo al juez por un p\u00fablico que oblig\u00f3 a Alfredo a recorrer el anillo hasta en cinco ocasiones, ni una menos. Y luego se lo llev\u00f3 en hombros hasta la calle, aunque no por la Puerta del Pr\u00edncipe (28.09.68).<\/p>\n<p style=\"text-align: justify;\"><strong>San Miguel 2025.<\/strong> Las corridas de este fin de semana en Sevilla arrojan, al lado de los de Juan Ortega, que con su toreo de terciopelo cort\u00f3 una oreja el viernes 27, y Borja Jim\u00e9nez, que debi\u00f3 cortarla el s\u00e1bado pero se top\u00f3 con la negativa del juez, dos de los nombres m\u00e1s infravalorados del actual escalaf\u00f3n y que, por encima de tejemanejes empresariales y sordinas medi\u00e1ticas son dos se\u00f1ores toreros.<\/p>\n<p style=\"text-align: justify;\">El primero es el onubense David de Miranda, cuyos sonoros triunfos en a\u00f1os recientes tanto en Madrid como en Sevilla le han servido de muy poco; el viernes, extrajo agua de la media embestida de un animal rocoso y mir\u00f3n, obligando con su entrega a las de toro, p\u00fablico y juez, el cual tuvo que soltar la primera oreja de la feria, la de \u201cMaleado\u201d, de Victoriano del R\u00edo, el segundo de una tarde en la que el toro bueno \u2013\u201cPostinero\u201d, el cuarto\u2013 se lo llev\u00f3 Juanito 0rtega para cuajarle torer\u00edsima faena, de oreja tambi\u00e9n.<\/p>\n<p style=\"text-align: justify;\">Pero el golpe m\u00e1s sonado vino a darlo un Daniel Luque en la plenitud de su maestr\u00eda, que no es dominio a secas sino serenidad y armon\u00eda para poderles a los toros a una distancia m\u00ednima de los pitones. Fue el s\u00e1bado 28, y si enorme estuvo con el segundo de Garcigrande \u2013otra decepci\u00f3n ganadera\u2013, que ten\u00eda sentido y al que por culpa del descabello le perdi\u00f3 la oreja, lo del quinto fue, aut\u00e9nticamente, inventarse embestidas ligadas cuando \u201cOlvidado\u201d, adem\u00e1s de ce\u00f1irse y probar, no pod\u00eda con el rabo. Sus naturales, en tandas generosas, de un temple y una pulcritud admirables, terminaron por poner de acuerdo a todo mundo, incluido el mismo juez que acababa de negarle un ap\u00e9ndice honestamente ganado a Borja Jim\u00e9nez. Daniel Luque no parece un gran torero m\u00e1s en el sentido convencional de t\u00e9rmino ya que adem\u00e1s y por encima de su elegante maestr\u00eda ofrece tarde a tarde soluciones originales a problemas t\u00e9cnicos de toda la vida. Algo que s\u00f3lo est\u00e1 al alcance de los grandes.<\/p>\n<p>Puedes leer: <a href=\"https:\/\/www.lajornadadeoriente.com.mx\/puebla\/san-isidro-y-los-toreros-mexicanos-ii\/\" target=\"_blank\" rel=\"noopener nofollow\">San Isidro y los toreros mexicanos \/ II<\/a><\/p>\n","protected":false},"excerpt":{"rendered":"Este fin de semana celebr\u00f3 Sevilla su tradicional feria de San Miguel, con enorme expectaci\u00f3n y buenos carteles.&hellip;\n","protected":false},"author":2,"featured_media":146203,"comment_status":"","ping_status":"","sticky":false,"template":"","format":"standard","meta":{"footnotes":""},"categories":[277],"tags":[44946,373,44947,8115,12896,168,25,24,40815,31345,1906,1171,23,167,374,444],"class_list":{"0":"post-146202","1":"post","2":"type-post","3":"status-publish","4":"format-standard","5":"has-post-thumbnail","7":"category-toreo","8":"tag-alfredo-leal","9":"tag-bullfighting","10":"tag-carlos-arruza","11":"tag-daniel-luque","12":"tag-david-de-miranda","13":"tag-deportes","14":"tag-es","15":"tag-espana","16":"tag-feria-de-san-miguel","17":"tag-historia-taurina","18":"tag-mexico","19":"tag-sevilla","20":"tag-spain","21":"tag-sports","22":"tag-toreo","23":"tag-toros"},"share_on_mastodon":{"url":"","error":""},"_links":{"self":[{"href":"https:\/\/www.europesays.com\/es\/wp-json\/wp\/v2\/posts\/146202","targetHints":{"allow":["GET"]}}],"collection":[{"href":"https:\/\/www.europesays.com\/es\/wp-json\/wp\/v2\/posts"}],"about":[{"href":"https:\/\/www.europesays.com\/es\/wp-json\/wp\/v2\/types\/post"}],"author":[{"embeddable":true,"href":"https:\/\/www.europesays.com\/es\/wp-json\/wp\/v2\/users\/2"}],"replies":[{"embeddable":true,"href":"https:\/\/www.europesays.com\/es\/wp-json\/wp\/v2\/comments?post=146202"}],"version-history":[{"count":0,"href":"https:\/\/www.europesays.com\/es\/wp-json\/wp\/v2\/posts\/146202\/revisions"}],"wp:featuredmedia":[{"embeddable":true,"href":"https:\/\/www.europesays.com\/es\/wp-json\/wp\/v2\/media\/146203"}],"wp:attachment":[{"href":"https:\/\/www.europesays.com\/es\/wp-json\/wp\/v2\/media?parent=146202"}],"wp:term":[{"taxonomy":"category","embeddable":true,"href":"https:\/\/www.europesays.com\/es\/wp-json\/wp\/v2\/categories?post=146202"},{"taxonomy":"post_tag","embeddable":true,"href":"https:\/\/www.europesays.com\/es\/wp-json\/wp\/v2\/tags?post=146202"}],"curies":[{"name":"wp","href":"https:\/\/api.w.org\/{rel}","templated":true}]}}