{"id":146213,"date":"2025-09-29T10:27:10","date_gmt":"2025-09-29T10:27:10","guid":{"rendered":"https:\/\/www.europesays.com\/es\/146213\/"},"modified":"2025-09-29T10:27:10","modified_gmt":"2025-09-29T10:27:10","slug":"hermana-de-mar-exmujer-de-kiko-matamoros-y-el-gran-apoyo-de-su-hijos-laura-y-diego","status":"publish","type":"post","link":"https:\/\/www.europesays.com\/es\/146213\/","title":{"rendered":"hermana de Mar, exmujer de Kiko Matamoros y el gran apoyo de su hijos Laura y Diego"},"content":{"rendered":"<p>Estar ligada a una familia tan medi\u00e1tica y permanecer en el anonimato. <strong>Mari\u00e1n Flores es hermana de Mar Flores, exmujer de Kiko Matamoros y madre de Laura y Diego Matamaros<\/strong>. Cualquiera pensar\u00eda que ser\u00eda uno de los rostros habituales de la prensa del coraz\u00f3n pero nada m\u00e1s cerca. Mari\u00e1n tuvo su pasado en la fama, s\u00ed. Fue azafata en el m\u00edtico &#8216;Un, dos, tres&#8217;, tuvo carrera como modelo y su gran sue\u00f1o era dedicarse a la interpretaci\u00f3n. No obstante, la vida la llev\u00f3 por otros derroteros.<\/p>\n<p><img loading=\"lazy\" decoding=\"async\"   src=\"https:\/\/www.europesays.com\/es\/wp-content\/uploads\/2025\/09\/diego-matamoros-marian-flores_00000000_66e95f5c_250929121415_1200x853.webp.webp\" alt=\"diego matamoros marian flores\" class=\"lazyload\" width=\"1200\" height=\"853\" data-aspectratio=\"1200\/853\"\/><\/p>\n<p>Son muy pocas las veces que Mari\u00e1n, hermana de Mar Flores, ha aparecido en p\u00fablico en los \u00faltimos a\u00f1os<\/p>\n<p>&#13;<\/p>\n<p>Fue justo cuando comenz\u00f3 a trabajar en televisi\u00f3n cuando conoci\u00f3 a un, por entonces an\u00f3nimo, Kiko Matamoros. Su relaci\u00f3n no fue sencilla. <strong>Juntos tuvieron cuatro hijos y la vida de Mari\u00e1n se centr\u00f3 en la familia<\/strong>. Dio un paso al lado y dej\u00f3 que fuese su hermana Mar la que soportase el peso de la fama. Ha sido, durante todo este tiempo, su gran apoyo y su gran confidente. Ambas guardan buena relaci\u00f3n. Tanto es as\u00ed que, tras la separaci\u00f3n de Mari\u00e1n y Kiko, Mar Flores rompi\u00f3 relaciones profesionales con el representante. Se puso, como siempre, del lado de su hermana.<\/p>\n<p><img loading=\"lazy\" decoding=\"async\"   src=\"https:\/\/www.europesays.com\/es\/wp-content\/uploads\/2025\/09\/marian-flores_8c6c2e41_250929094522_1200x801.webp.webp\" alt=\"Mari\u00e1n Flores\" class=\"lazyload\" width=\"1200\" height=\"801\" data-aspectratio=\"1200\/801\"\/><\/p>\n<p>Aunque fue azafata del &#8216;Un, dos, tres&#8217;, quiso alejarse de la fama cuando se cas\u00f3 con Kiko Matamoros<\/p>\n<p>&#13;GTRES<\/p>\n<p><strong>Mari\u00e1n vive alejada de la fama<\/strong> a pesar de que varios de sus hijos son personajes muy populares. Los Matamoros Flores han tomado caminos muy distintos. Mientras Laura y Diego han acudido a televisi\u00f3n de forma regular, las otras dos hijas de la expareja han elegido una vida mucho m\u00e1s cercana a la de su madre. La popularidad no es para ellas.<\/p>\n<p>Mari\u00e1n Flores, el gran apoyo de Mar Flores\u00a0<\/p>\n<p>Hace unos meses, Laura Matamoros acud\u00eda al programa &#8216;Vamos a ver&#8217;. Su primo, Carlo Costanzia, hab\u00eda concedido una entrevista pol\u00e9mica. Como casi todas las que ha realizado. Laura defend\u00eda a su primo y se pon\u00eda del lado de su t\u00eda, Mar Flores. Sin darse cuenta evidenciaba c\u00f3mo es la relaci\u00f3n actual de las hermanas Flores.\u00a0\u00abNo he hablado con Mar [Flores], quiero darle espacio, s\u00e9 c\u00f3mo es&#8230;\u00bb,<strong>\u00a0<\/strong>afirmaba Laura.<strong>\u201cPero\u00a0s\u00ed he hablado con mi madre,\u00a0que es su hermana, y s\u00e9 c\u00f3mo est\u00e1n las cosas, mi t\u00eda est\u00e1 destrozada ahora mismo\u00bb.<\/strong><\/p>\n<p><img loading=\"lazy\" decoding=\"async\"   src=\"https:\/\/www.europesays.com\/es\/wp-content\/uploads\/2025\/09\/marian-flores_6ed97133_250929095212_1200x1803.webp.webp\" alt=\"Mari\u00e1n Flores\" class=\"lazyload\" width=\"1200\" height=\"1803\" data-aspectratio=\"1200\/1803\"\/><\/p>\n<p>Mari\u00e1n tiene cuatro hijos con Matamoros. Laura y Diego son los que han seguido los pasos de su padre en televisi\u00f3n<\/p>\n<p>&#13;GTRES<\/p>\n<p><strong>\u00ab<\/strong>Ella est\u00e1 destrozada, no es justo la guerra que se quiere hacer entre Mar y Carlo padre, no es justo. Se han sacado cosas de contexto, palabras de hace semanas que dijo en otra cadena\u00bb, conclu\u00eda Laura, dejando claro que <strong>Mari\u00e1n Flores estar\u00eda siendo uno de los hombros en los que Mar Flores llorar\u00eda<\/strong> tras las palabras de su hijo. La relaci\u00f3n entre ambas hermanas siempre ha sido muy buena. Lo era antes y lo es ahora cuando Mar vuelve a estar de plena actualidad por las memorias que acaba de publicar.<\/p>\n<p><img loading=\"lazy\" decoding=\"async\"   src=\"https:\/\/www.europesays.com\/es\/wp-content\/uploads\/2025\/09\/marian-flores_7b71a239_250929095226_1200x1799.webp.webp\" alt=\"Mari\u00e1n Flores\" class=\"lazyload\" width=\"1200\" height=\"1799\" data-aspectratio=\"1200\/1799\"\/><\/p>\n<p>El apoyo de Mari\u00e1n a su hermana Mar ha sido siempre incondicional, tambi\u00e9n ahora que ha publicado sus memorias<\/p>\n<p>&#13;GTRES<\/p>\n<p>\u00abMis padres estaban orgullos\u00edsimos de sus hijas que sal\u00edan en la tele, primero mi hermana Mari\u00e1n y luego yo\u00bb, explica Mar en su libro. \u00abTodo el mundo en el barrio les felicitaba y les dec\u00eda: &#8216;\u00a1Ay, que tu ni\u00f1a sale por la tele!&#8217;. No nos esper\u00e1bamos que despu\u00e9s todo esto se te puede volver en contra\u00bb.<\/p>\n<p>Unidas por Kiko Matamoros<\/p>\n<p><strong>Mari\u00e1n Flores y Kiko Matamotos permanecieron juntos casi una d\u00e9cada<\/strong>. La pareja, que primero viv\u00eda en Sevilla, tuvo cuatro hijos. Eran tiempos felices para todos. Aunque con el tiempo Matamoros ha reconocido que no siempre se port\u00f3 bien durante su matrimonio, lograron salvar muchos de los obst\u00e1culos que se les iban presentado. El futuro que les esperaba iba a ser muy distinto.<\/p>\n<p><img loading=\"lazy\" decoding=\"async\"   src=\"https:\/\/www.europesays.com\/es\/wp-content\/uploads\/2025\/09\/mar-y-marian-flores_2eb0fe51_250929095241_1200x1807.webp.webp\" alt=\"Mar y Mari\u00e1n Flores\" class=\"lazyload\" width=\"1200\" height=\"1807\" data-aspectratio=\"1200\/1807\"\/><\/p>\n<p>El dolor de Mar y Mari\u00e1n en el entierro de su padre, uno de los pocos momentos que han aparecido juntas<\/p>\n<p>&#13;GTRES<\/p>\n<p><strong>Matamoros decidi\u00f3 que deb\u00edan mudarse a Madrid<\/strong>. Era el momento en el que Kiko estaba apuntalando su carrera como representante. Y tuvo a su propia cu\u00f1ada en cartera. Mar Flores confi\u00f3 su vertiente profesional a la persona que mejor pod\u00eda entenderla. Kiko estuvo con la modelo en sus a\u00f1os m\u00e1s medi\u00e1ticos. Un t\u00e1ndem que logr\u00f3 posicionar a Mar Flores como uno de los rostros m\u00e1s cotizados de los 90. La relaci\u00f3n, eso s\u00ed, termin\u00f3 cuando Kiko se separ\u00f3 de Mari\u00e1n. La familia es lo primero.<\/p>\n<p>Laura Matamoros, el pilar de la familia<\/p>\n<p>La buena relaci\u00f3n entre las hermanas Flores <strong>parece que se extiende tambi\u00e9n a sus hijos<\/strong>. \u00abDel relato de lo que \u00e9l cuenta y c\u00f3mo ha vivido su infancia hay que sacar el lado positivo de c\u00f3mo ha superado y\u00a0se ha ido superando a s\u00ed mismo hasta el d\u00eda de hoy.\u00a0Es lo m\u00e1s importante, pero creo que es s\u00faper emotiva y hay muchos casos en los que hay q superarse a s\u00ed mismo y as\u00ed ha hecho mi primo. <strong>Es la historia de su vida y c\u00f3mo \u00e9l la ha vivido\u00bb<\/strong>, explicaba Laura Matamoros a principios de este a\u00f1o. Adem\u00e1s, Laura afirm\u00f3 que Carlo es su \u201cprimo preferido\u201d, dejando claro que su relaci\u00f3n es \u201cmuy cercana\u201d.<\/p>\n<p>\u00abYo estoy en un proceso de separaci\u00f3n y lo que quiero es proteger a mis hijos, pero<strong>\u00a0los adultos muchas veces nos olvidamos de c\u00f3mo puede vivir el ni\u00f1o el tema de la separaci\u00f3n.\u00a0<\/strong>Eso no quiere decir que ni su madre ni su padre no hayan estado, sino que <strong>Carlo ha vivido su infancia y adolescencia de una manera equivocada tal vez\u00bb<\/strong>, comentaba Laura, que entend\u00eda por lo que hab\u00eda pasado Carlo, hechos que le llevaron refugiarse \u201cen s\u00ed mismo y en otras circunstancias que no deber\u00eda haber hecho y le ha llevado a la vida que ha tenido\u00bb.<\/p>\n","protected":false},"excerpt":{"rendered":"Estar ligada a una familia tan medi\u00e1tica y permanecer en el anonimato. Mari\u00e1n Flores es hermana de Mar&hellip;\n","protected":false},"author":2,"featured_media":146214,"comment_status":"","ping_status":"","sticky":false,"template":"","format":"standard","meta":{"footnotes":""},"categories":[174],"tags":[255,146,147,25,24,256,23],"class_list":{"0":"post-146213","1":"post","2":"type-post","3":"status-publish","4":"format-standard","5":"has-post-thumbnail","7":"category-famosos","8":"tag-celebrities","9":"tag-entertainment","10":"tag-entretenimiento","11":"tag-es","12":"tag-espana","13":"tag-famosos","14":"tag-spain"},"share_on_mastodon":{"url":"","error":""},"_links":{"self":[{"href":"https:\/\/www.europesays.com\/es\/wp-json\/wp\/v2\/posts\/146213","targetHints":{"allow":["GET"]}}],"collection":[{"href":"https:\/\/www.europesays.com\/es\/wp-json\/wp\/v2\/posts"}],"about":[{"href":"https:\/\/www.europesays.com\/es\/wp-json\/wp\/v2\/types\/post"}],"author":[{"embeddable":true,"href":"https:\/\/www.europesays.com\/es\/wp-json\/wp\/v2\/users\/2"}],"replies":[{"embeddable":true,"href":"https:\/\/www.europesays.com\/es\/wp-json\/wp\/v2\/comments?post=146213"}],"version-history":[{"count":0,"href":"https:\/\/www.europesays.com\/es\/wp-json\/wp\/v2\/posts\/146213\/revisions"}],"wp:featuredmedia":[{"embeddable":true,"href":"https:\/\/www.europesays.com\/es\/wp-json\/wp\/v2\/media\/146214"}],"wp:attachment":[{"href":"https:\/\/www.europesays.com\/es\/wp-json\/wp\/v2\/media?parent=146213"}],"wp:term":[{"taxonomy":"category","embeddable":true,"href":"https:\/\/www.europesays.com\/es\/wp-json\/wp\/v2\/categories?post=146213"},{"taxonomy":"post_tag","embeddable":true,"href":"https:\/\/www.europesays.com\/es\/wp-json\/wp\/v2\/tags?post=146213"}],"curies":[{"name":"wp","href":"https:\/\/api.w.org\/{rel}","templated":true}]}}