{"id":146215,"date":"2025-09-29T10:28:12","date_gmt":"2025-09-29T10:28:12","guid":{"rendered":"https:\/\/www.europesays.com\/es\/146215\/"},"modified":"2025-09-29T10:28:12","modified_gmt":"2025-09-29T10:28:12","slug":"el-reportero-aurelio-grasa-la-camara-leica-y-su-pasion-por-la-fotografia","status":"publish","type":"post","link":"https:\/\/www.europesays.com\/es\/146215\/","title":{"rendered":"El reportero Aurelio Grasa, la c\u00e1mara Leica y su pasi\u00f3n por la fotograf\u00eda"},"content":{"rendered":"<p>            El reportero Aurelio Grasa, la c\u00e1mara Leica y su pasi\u00f3n por la fotograf\u00eda                <\/p>\n<p>El reportero Aurelio Grasa, la c\u00e1mara Leica y su pasi\u00f3n por la fotograf\u00eda<\/p>\n<p class=\"epigraph\">La famosa c\u00e1mara cumple un siglo, es objeto de una exposici\u00f3n en Madrid, y el fot\u00f3grafo aragon\u00e9s tuvo varias desde muy pronto<\/p>\n<p>            Exclusivo suscriptores<\/p>\n<ul class=\"list-authors\">\n<li>Carlos Barboza Vargas \/ Teresa Grasa Jord\u00e1n.<\/li>\n<\/ul>\n<p>\n                        NOTICIA<\/p>\n<p class=\"paragraph\"><b>Aurelio Grasa desde muy joven mantuvo una gran afici\u00f3n por la fotograf\u00eda, lo que le llev\u00f3 a instalar su primer laboratorio fotogr\u00e1fico en el s\u00f3tano del Bazar La Bola Dorada,<\/b> propiedad de sus padres, Joaqu\u00edn Grasa y Elo\u00edsa Sancho. Conservamos fotograf\u00edas en las que aparece en este lugar inici\u00e1tico, en el que las im\u00e1genes impresionadas en una placa fotogr\u00e1fica surg\u00edan de la oscuridad y se posaban en un papel, tras los minuciosos procedimientos de revelado y fijado de sus componentes. A los catorce a\u00f1os publica su primera fotograf\u00eda en \u2018Blanco y Negro\u2019, el 7 de julio de 1907. En 1908 hizo un reportaje de la Exposici\u00f3n Hispano Francesa con su c\u00e1mara Ticka.<\/p>\n<p>            Conforme a los criterios de<br \/>\n            <a class=\"trustproject_img\" id=\"trustproject_img\" href=\"https:\/\/thetrustproject.org\/\" target=\"_blank\" rel=\"nofollow noopener\" aria-label=\"Trust Project\"><img decoding=\"async\" loading=\"lazy\" src=\"https:\/\/www.heraldo.es\/images\/Trust-Logo-Horizontal.svg\" alt=\"Logo Trust Project\" width=\"200\" height=\"34\"\/><\/a><\/p>\n<p>        <a href=\"https:\/\/www.henneo.com\/\" title=\"Grupo Henneo\" class=\"logo\" rel=\"nofollow noopener\" target=\"_blank\"><br \/>\n            <img decoding=\"async\" src=\"https:\/\/www.heraldo.es\/images\/logo_henneo_gris.svg\" alt=\"Logo Henneo\" width=\"559\" height=\"389\" loading=\"lazy\"\/><br \/>\n        <\/a><\/p>\n<p>\u00a9 HERALDO DE ARAGON EDITORA, S.L.U.<br \/>Tel\u00e9fono 976 765 000 \/ &#8211; P\u00ba. Independencia, 29, 50001 Zaragoza &#8211; CIF: B99288763 &#8211; Inscrita en el Registro Mercantil de Zaragoza al Tomo 3796, Libro 0, Folio 177, Secci\u00f3n 8, Hoja Z-50564<br \/>Queda prohibida toda reproducci\u00f3n sin permiso escrito de la empresa a los efectos del art\u00edculo 32.1, p\u00e1rrafo segundo, de la Ley de Propiedad Intelectual<\/p>\n<p>\n                P\u00ba Independencia, 29, 50001 Zaragoza<br \/> Tel\u00e9fono 976 765 000\n            <\/p>\n<p>                    Actualmente tu navegador no permite ejecutar JavaScript. Para poder disfrutar de nuestro contenido es necesario que lo permita.<br \/>\n                                        <img decoding=\"async\" loading=\"lazy\" alt=\"Heraldo logo\" src=\"https:\/\/dkumiip2e9ary.cloudfront.net\/xalok\/heraldo\/especiales\/hola-de-nuevo\/logo-heraldo.svg\" width=\"215\" height=\"43\"\/><\/p>\n","protected":false},"excerpt":{"rendered":"El reportero Aurelio Grasa, la c\u00e1mara Leica y su pasi\u00f3n por la fotograf\u00eda El reportero Aurelio Grasa, la&hellip;\n","protected":false},"author":2,"featured_media":146216,"comment_status":"","ping_status":"","sticky":false,"template":"","format":"standard","meta":{"footnotes":""},"categories":[173],"tags":[229,233,231,230,13087,3250,232,234,146,147,25,24,244,13511,30380,23],"class_list":{"0":"post-146215","1":"post","2":"type-post","3":"status-publish","4":"format-standard","5":"has-post-thumbnail","7":"category-arte-y-diseno","8":"tag-arte","9":"tag-arte-y-diseno","10":"tag-arts","11":"tag-arts-and-design","12":"tag-aurelio","13":"tag-camara","14":"tag-design","15":"tag-diseno","16":"tag-entertainment","17":"tag-entretenimiento","18":"tag-es","19":"tag-espana","20":"tag-fotografia","21":"tag-pasion","22":"tag-reportero","23":"tag-spain"},"share_on_mastodon":{"url":"","error":""},"_links":{"self":[{"href":"https:\/\/www.europesays.com\/es\/wp-json\/wp\/v2\/posts\/146215","targetHints":{"allow":["GET"]}}],"collection":[{"href":"https:\/\/www.europesays.com\/es\/wp-json\/wp\/v2\/posts"}],"about":[{"href":"https:\/\/www.europesays.com\/es\/wp-json\/wp\/v2\/types\/post"}],"author":[{"embeddable":true,"href":"https:\/\/www.europesays.com\/es\/wp-json\/wp\/v2\/users\/2"}],"replies":[{"embeddable":true,"href":"https:\/\/www.europesays.com\/es\/wp-json\/wp\/v2\/comments?post=146215"}],"version-history":[{"count":0,"href":"https:\/\/www.europesays.com\/es\/wp-json\/wp\/v2\/posts\/146215\/revisions"}],"wp:featuredmedia":[{"embeddable":true,"href":"https:\/\/www.europesays.com\/es\/wp-json\/wp\/v2\/media\/146216"}],"wp:attachment":[{"href":"https:\/\/www.europesays.com\/es\/wp-json\/wp\/v2\/media?parent=146215"}],"wp:term":[{"taxonomy":"category","embeddable":true,"href":"https:\/\/www.europesays.com\/es\/wp-json\/wp\/v2\/categories?post=146215"},{"taxonomy":"post_tag","embeddable":true,"href":"https:\/\/www.europesays.com\/es\/wp-json\/wp\/v2\/tags?post=146215"}],"curies":[{"name":"wp","href":"https:\/\/api.w.org\/{rel}","templated":true}]}}