{"id":146217,"date":"2025-09-29T10:30:11","date_gmt":"2025-09-29T10:30:11","guid":{"rendered":"https:\/\/www.europesays.com\/es\/146217\/"},"modified":"2025-09-29T10:30:11","modified_gmt":"2025-09-29T10:30:11","slug":"la-tele-por-satelite-astra-tv-se-estrenara-con-mas-de-30-canales-de-la-tdt-e-internacionales-y-1-ano-gratis-de-suscripcion","status":"publish","type":"post","link":"https:\/\/www.europesays.com\/es\/146217\/","title":{"rendered":"La tele por sat\u00e9lite Astra TV se estrenar\u00e1 con m\u00e1s de 30 canales de la TDT e internacionales (y 1 a\u00f1o gratis de suscripci\u00f3n)"},"content":{"rendered":"<p>A comienzos de septiembre, se confirm\u00f3 el inicio de las emisiones en pruebas para este <strong>servicio de TV por sat\u00e9lite<\/strong> que pr\u00f3ximamente ver\u00e1 luz en nuestro pa\u00eds. Sin embargo, son varias las claves que se deben tener en cuenta de esta nueva alternativa que, de momento, no se ha estrenado. Aunque, todo apunta a que ser\u00e1 dentro de poco.<\/p>\n<p>La oferta de canales de Astra<\/p>\n<p>Hay zonas de Espa\u00f1a que no pueden disfrutar de la TDT a trav\u00e9s de la cl\u00e1sica antena de TV o que, incluso, la ven mal -cortes, pixelaciones, etc-. Y es ah\u00ed donde entra en juego los servicios de televisi\u00f3n por sat\u00e9lite. Por mucho que parezca que est\u00e1 desapareciendo con el paso del tiempo, lo cierto es que su papel est\u00e1 cambiando, todo por la aparici\u00f3n tan fuerte del streaming. Ahora bien, que se vaya a estrenar este servicio es un paso importante para la<strong> televisi\u00f3n satelital<\/strong>.<\/p>\n<p>Las frecuencias usadas durante el per\u00edodo de pruebas han sido: 11009-V MHz y 11407-V MHz \/ posici\u00f3n orbital 19,2\u00b0 Este. Y hay que tener en cuenta que este servicio satelital usar\u00e1 la <strong>recepci\u00f3n de la se\u00f1al v\u00eda sat\u00e9lite<\/strong> y el acceso a trav\u00e9s de un <strong>m\u00f3dulo CI+<\/strong> \u2013que es compatible con televisores y decodificadores-. Y la idea que tiene en mente SES es la de lanzar su propio descodificador Astra para dar la oportunidad a otros clientes de acceder a este servicio.<\/p>\n<p><img loading=\"lazy\" decoding=\"async\" class=\"size-full wp-image-2175252\" src=\"https:\/\/www.europesays.com\/es\/wp-content\/uploads\/2025\/09\/registro-astra-hd.jpg\" alt=\"registro de ASTRA HD+\" width=\"1000\" height=\"664\"  \/>Registro de Astra HD+ con la primera fecha de lanzamiento para septiembre de 2024, que posteriormente se retras\u00f3. Foto: Captura propia del Portal MINECOTDT nacionales y auton\u00f3micos<\/p>\n<p>En el portal de MINECO, la oferta de canales no est\u00e1 actualizada. Como se ha demostrado durante estos \u00faltimos d\u00edas, el servicio satelital de Astra contar\u00e1 con otra serie de diales, tanto a nivel nacional como auton\u00f3micos. Y son -incluso, La 1 emitir\u00eda en calidad UHD-:<\/p>\n<ul>\n<li>La 1 (UHD)<\/li>\n<li>La 2<\/li>\n<li>Antena 3<\/li>\n<li>Telecinco<\/li>\n<li>Cuatro<\/li>\n<li>La Sexta<\/li>\n<li>24 H<\/li>\n<li>DKISS<\/li>\n<li>Teledeporte<\/li>\n<li>Real Madrid TV<\/li>\n<li>TRECE<\/li>\n<li>Clan<\/li>\n<li>Boing<\/li>\n<li>Energy<\/li>\n<li>Atreseries<\/li>\n<li>FDF<\/li>\n<li>Neox<\/li>\n<li>Divinity<\/li>\n<li>Nova<\/li>\n<li>Mega<\/li>\n<li>Be Mad<\/li>\n<\/ul>\n<p>Ya se muestran organizados en su correspondiente dial. Sin embargo, el dial 7 no se muestra ning\u00fan canal, a la espera del pr\u00f3ximo canal que saldr\u00e1 a concurso pr\u00f3ximamente; y el dial 12, que se espera que sea ocupado por DMAX, Ten, Paramount Network o VEO7. Por ejemplo, en el portal de ministerio s\u00ed que aparecen esta serie de canales, a excepci\u00f3n de Paramount Network.<\/p>\n<p>Y en cuanto a la parrilla de diales de la TDT auton\u00f3mica, por el momento, aparecen <strong>Canal Sur Andaluc\u00eda y Arag\u00f3n TV Internacional<\/strong>. Esta serie de canales parten desde el dial 30 de esta televisi\u00f3n \u2013hay 18 diales libres hasta el 50-.<\/p>\n<p>Canales internacionales<\/p>\n<p>Adem\u00e1s de los canales de la Televisi\u00f3n Digital Terrestre, durante las pruebas, tambi\u00e9n se ha comprobado que contar\u00e1 con una oferta internacional, la cual incluye los siguientes canales de televisi\u00f3n:<\/p>\n<ul>\n<li>Cubavisi\u00f3n<\/li>\n<li>Telesur<\/li>\n<li>BBC News Europe<\/li>\n<li>France 24<\/li>\n<li>TV5 Monde Europe<\/li>\n<li>TV Monaco<\/li>\n<li>CNN Internacional<\/li>\n<li>ZDF Info<\/li>\n<li>ZDF Vision<\/li>\n<li>KIKA<\/li>\n<li>3 Sat<\/li>\n<li>NHK Word Japan<\/li>\n<li>TRT World<\/li>\n<li>Deutsche Welle<\/li>\n<li>Aljazeera International<\/li>\n<li>CGTN<\/li>\n<li>Arirang TV<\/li>\n<\/ul>\n<p>La suscripci\u00f3n gratuita el primer a\u00f1o<\/p>\n<p>El modelo de financiaci\u00f3n de este servicio satelital es a trav\u00e9s de suscripci\u00f3n. Es decir, que los usuarios que quieran tener acceso a esta alternativa de Astra van a tener que asumir un pago. El precio fijado es de <strong>72 euros al a\u00f1o<\/strong> \u2013como reportan los usuarios a trav\u00e9s de distintos foros-, de momento. Aunque, la novedad m\u00e1s importante est\u00e1 en que ser\u00e1 <strong>gratis durante los primeros 12 meses<\/strong>. Esta estrategia de promoci\u00f3n inicial, que ofrece el primer a\u00f1o sin coste, busca facilitar la captaci\u00f3n de una base de usuarios inicial para el servicio.<\/p>\n","protected":false},"excerpt":{"rendered":"A comienzos de septiembre, se confirm\u00f3 el inicio de las emisiones en pruebas para este servicio de TV&hellip;\n","protected":false},"author":2,"featured_media":146218,"comment_status":"","ping_status":"","sticky":false,"template":"","format":"standard","meta":{"footnotes":""},"categories":[171],"tags":[146,147,25,24,23,214],"class_list":{"0":"post-146217","1":"post","2":"type-post","3":"status-publish","4":"format-standard","5":"has-post-thumbnail","7":"category-tv","8":"tag-entertainment","9":"tag-entretenimiento","10":"tag-es","11":"tag-espana","12":"tag-spain","13":"tag-tv"},"share_on_mastodon":{"url":"","error":""},"_links":{"self":[{"href":"https:\/\/www.europesays.com\/es\/wp-json\/wp\/v2\/posts\/146217","targetHints":{"allow":["GET"]}}],"collection":[{"href":"https:\/\/www.europesays.com\/es\/wp-json\/wp\/v2\/posts"}],"about":[{"href":"https:\/\/www.europesays.com\/es\/wp-json\/wp\/v2\/types\/post"}],"author":[{"embeddable":true,"href":"https:\/\/www.europesays.com\/es\/wp-json\/wp\/v2\/users\/2"}],"replies":[{"embeddable":true,"href":"https:\/\/www.europesays.com\/es\/wp-json\/wp\/v2\/comments?post=146217"}],"version-history":[{"count":0,"href":"https:\/\/www.europesays.com\/es\/wp-json\/wp\/v2\/posts\/146217\/revisions"}],"wp:featuredmedia":[{"embeddable":true,"href":"https:\/\/www.europesays.com\/es\/wp-json\/wp\/v2\/media\/146218"}],"wp:attachment":[{"href":"https:\/\/www.europesays.com\/es\/wp-json\/wp\/v2\/media?parent=146217"}],"wp:term":[{"taxonomy":"category","embeddable":true,"href":"https:\/\/www.europesays.com\/es\/wp-json\/wp\/v2\/categories?post=146217"},{"taxonomy":"post_tag","embeddable":true,"href":"https:\/\/www.europesays.com\/es\/wp-json\/wp\/v2\/tags?post=146217"}],"curies":[{"name":"wp","href":"https:\/\/api.w.org\/{rel}","templated":true}]}}