{"id":146219,"date":"2025-09-29T10:32:10","date_gmt":"2025-09-29T10:32:10","guid":{"rendered":"https:\/\/www.europesays.com\/es\/146219\/"},"modified":"2025-09-29T10:32:10","modified_gmt":"2025-09-29T10:32:10","slug":"5-nombres-destacados-del-estreno-liguero","status":"publish","type":"post","link":"https:\/\/www.europesays.com\/es\/146219\/","title":{"rendered":"5 nombres destacados del estreno liguero"},"content":{"rendered":"<p>La <strong>Primera FEB<\/strong> vivi\u00f3 su primera jornada de liga regular deparando las primeras sorpresas y con las primeras actuaciones destacadas. Estos fueron los resultados de la primera jornada:<\/p>\n<p>Alimerka Oviedo Baloncesto 87 \u2013 <strong>101 Movistar Estudiantes<\/strong><br \/><strong>Grupo Ureta Tizona Burgos 106<\/strong> \u2013 91 Melilla Ciudad del Deporte<br \/><strong>HLA Alicante 87<\/strong> \u2013 76 Club Ourense Baloncesto<br \/>Grupo Alega Cantabria 72 \u2013 <strong>96 Caja Rural CB Zamora<\/strong><br \/><strong>Grupo Caesa Seguros FC Cartagena 72<\/strong> \u2013 70 Fibwi Mallorca Basquet Palma<br \/><strong>Hestia Menorca 97<\/strong> \u2013 77 Monbus Obradoiro<br \/>Inveready Gipuzkoa 63 \u2013 <strong>79 Leyma Coru\u00f1a<\/strong><br \/>Palmer Basket Mallorca Palma 69 \u2013 <strong>78 S\u00faper Agropal Palencia<\/strong><\/p>\n<p><a href=\"https:\/\/www.gigantes.com\/tienda\/otras-publicaciones\/guia-digital-primera-feb-de-bajando-al-barro-septiembre-2025\/\" rel=\"nofollow noopener\" target=\"_blank\">Hazte con tu Gu\u00eda Digital de Primera FEB: Aqu\u00ed no descansa nadie<\/a><\/p>\n<p>Estos son algunos de los nombres m\u00e1s destacados de la primera jornada de Primera FEB<\/p>\n<p>Sasu Salin \u2013 26 puntos, 5\/9 en triples, 27 de valoraci\u00f3n<\/p>\n<p>Aunque Jayson Granger fue el MVP del Movistar Estudiantes con 21 puntos, 12 asistencias y 35 de valoraci\u00f3n, el impacto de Sasu Salin se dej\u00f3 notar desde la primera jornada con su acierto desde la larga distancia, acumulando un +27 en el tiempo que estuvo en cancha y jugando 30 minutos. El finland\u00e9s demostr\u00f3 en el Eurobasket estar a un gran nivel y los colegiales est\u00e1n sacando r\u00e9ditos ya desde la primera jornada.<\/p>\n<p>Vitor Faverani \u2013 12 puntos, 12 rebotes y 17 de valoraci\u00f3n<\/p>\n<p>El p\u00edvot brasile\u00f1o mostr\u00f3 a sus 37 a\u00f1os que la experiencia es un grado y debut\u00f3 con un doble-doble en la apurada victoria del Cartagena. M\u00e1ximo anotador, reboteador y jugador m\u00e1s valorado de los cartageneros que terminaron sufriendo un parcial de 15-30 en el \u00faltimo periodo para terminar sumando el primer triunfo del a\u00f1o.<\/p>\n<p>Jaume Lobo \u2013 22 puntos, 5\/8 en triples y 22 de valoraci\u00f3n<\/p>\n<p>El Hestia Menorca protagoniz\u00f3 una de las victorias m\u00e1s contundentes del arranque de la temporada y ante un rival de entidad como el Monbus Obradoiro. 14 puntos de Edgar Vicedo, 10 puntos y 8 rebotes de Adams Sola y los 22 puntos de Jaume Lobo con 5 triples\u2026 \u00a1en apenas 18 minutos! Fant\u00e1stico resultado para los de Zamora.<\/p>\n<p>Ty Roberts \u2013 24 puntos, 4\/5 en triples, 6 asistencias, 6 recuperaciones y 31 de valoraci\u00f3n<\/p>\n<p>El Caja Rural CB Zamora es el primer l\u00edder de la temporada en la Primera FEB. El conjunto zamorano tuvo en Ty Roberts a su mejor hombre con 24 puntos y una actuaci\u00f3n complet\u00edsima con 6 asistencias y 6 recuperaciones, apoyado por Rogers que anot\u00f3 20 puntos superando tambi\u00e9n el 60% de acierto de cara al aro. Un partido brillante para empezar el a\u00f1o.<\/p>\n<p>Greg Parham \u2013 32 puntos, 9 rebotes, 6 asistencias y 40 de valoraci\u00f3n<\/p>\n<p>No tuvo el premio deseado de la victoria pero Greg Parham del Alimerka Oviedo ser\u00e1 el primer MVP de la temporada en la Primera FEB. 32 puntos con un sobresaliente 12\/16 en tiros de campo, 9 rebotes, 6 asistencias y 40 de valoraci\u00f3n para una de las posiblemente mejores actuaciones de la campa\u00f1a ya en la primera jornada.<\/p>\n<p style=\"text-align: right;\">Fotos: FEB, Moi Valera v\u00eda Hestia Menorca y Caja Rural CB Zamora<\/p>\n<p><img decoding=\"async\" src=\"https:\/\/www.europesays.com\/es\/wp-content\/uploads\/2025\/09\/1759141929_766_mtracking.gif\" alt=\"Etiquetas de Mautic\" style=\"display:none;\"\/><\/p>\n<p><a href=\"https:\/\/www.gigantes.com\/tienda\/hemeroteca\/guia-de-la-liga-endesa-2025-26-no-1-560-septiembre-2025\/\" rel=\"nofollow noopener\" target=\"_blank\"><img loading=\"lazy\" decoding=\"async\" class=\"alignnone size-large wp-image-756436\" src=\"https:\/\/www.europesays.com\/es\/wp-content\/uploads\/2025\/09\/1759141930_498_WhatsApp-Image-2025-09-01-at-17.56.05-1024x1024.jpeg.webp.webp\" alt=\"\" width=\"680\" height=\"680\"  \/><\/a><\/p>\n<p>\t\t\t\t\t<img loading=\"lazy\" decoding=\"async\" src=\"https:\/\/www.europesays.com\/es\/wp-content\/uploads\/2025\/09\/1759141930_387_mano.png\" width=\"60\" height=\"60\" alt=\"Deliza hacia abajo\"\/>Sigue deslizando hacia abajo para ver m\u00e1s contenidos<\/p>\n","protected":false},"excerpt":{"rendered":"La Primera FEB vivi\u00f3 su primera jornada de liga regular deparando las primeras sorpresas y con las primeras&hellip;\n","protected":false},"author":2,"featured_media":146220,"comment_status":"","ping_status":"","sticky":false,"template":"","format":"standard","meta":{"footnotes":""},"categories":[169],"tags":[177,146,147,25,24,176,175,3917,23],"class_list":{"0":"post-146219","1":"post","2":"type-post","3":"status-publish","4":"format-standard","5":"has-post-thumbnail","7":"category-cine","8":"tag-cine","9":"tag-entertainment","10":"tag-entretenimiento","11":"tag-es","12":"tag-espana","13":"tag-film","14":"tag-movies","15":"tag-primera-feb","16":"tag-spain"},"share_on_mastodon":{"url":"","error":""},"_links":{"self":[{"href":"https:\/\/www.europesays.com\/es\/wp-json\/wp\/v2\/posts\/146219","targetHints":{"allow":["GET"]}}],"collection":[{"href":"https:\/\/www.europesays.com\/es\/wp-json\/wp\/v2\/posts"}],"about":[{"href":"https:\/\/www.europesays.com\/es\/wp-json\/wp\/v2\/types\/post"}],"author":[{"embeddable":true,"href":"https:\/\/www.europesays.com\/es\/wp-json\/wp\/v2\/users\/2"}],"replies":[{"embeddable":true,"href":"https:\/\/www.europesays.com\/es\/wp-json\/wp\/v2\/comments?post=146219"}],"version-history":[{"count":0,"href":"https:\/\/www.europesays.com\/es\/wp-json\/wp\/v2\/posts\/146219\/revisions"}],"wp:featuredmedia":[{"embeddable":true,"href":"https:\/\/www.europesays.com\/es\/wp-json\/wp\/v2\/media\/146220"}],"wp:attachment":[{"href":"https:\/\/www.europesays.com\/es\/wp-json\/wp\/v2\/media?parent=146219"}],"wp:term":[{"taxonomy":"category","embeddable":true,"href":"https:\/\/www.europesays.com\/es\/wp-json\/wp\/v2\/categories?post=146219"},{"taxonomy":"post_tag","embeddable":true,"href":"https:\/\/www.europesays.com\/es\/wp-json\/wp\/v2\/tags?post=146219"}],"curies":[{"name":"wp","href":"https:\/\/api.w.org\/{rel}","templated":true}]}}