{"id":146231,"date":"2025-09-29T10:38:13","date_gmt":"2025-09-29T10:38:13","guid":{"rendered":"https:\/\/www.europesays.com\/es\/146231\/"},"modified":"2025-09-29T10:38:13","modified_gmt":"2025-09-29T10:38:13","slug":"esperan-a-trump-en-reunion-de-jefes-militares-el-martes-dw-29-09-2025","status":"publish","type":"post","link":"https:\/\/www.europesays.com\/es\/146231\/","title":{"rendered":"Esperan a Trump en reuni\u00f3n de jefes militares el martes \u2013 DW \u2013 29\/09\/2025"},"content":{"rendered":"<p>El presidente de <a class=\"internal-link\" href=\"https:\/\/www.dw.com\/es\/estados-unidos\/t-17411942\" rel=\"nofollow noopener\" target=\"_blank\">Estados Unidos<\/a>,\u00a0<a class=\"internal-link\" href=\"https:\/\/www.dw.com\/es\/trump-donald\/t-19445010\" rel=\"nofollow noopener\" target=\"_blank\">Donald Trump<\/a> asistir\u00e1 el pr\u00f3ximo martes a una reuni\u00f3n con generales y almirantes estadounidenses en Quantico, Virginia, un encuentro poco habitual de los l\u00edderes militares del pa\u00eds, seg\u00fan inform\u00f3 una fuente an\u00f3nima a medios de prensa el domingo (28.09.2025).<\/p>\n<p>Cientos de generales y almirantes, comandantes de alto rango con una estrella o m\u00e1s y sus principales asesores, han sido convocados desde todas partes del mundo a la base del Cuerpo de Marines en Quantico, Virginia, por parte del secretario de Defensa, <a class=\"internal-link\" href=\"https:\/\/www.dw.com\/es\/hegseth-tropas-de-eeuu-est\u00e1n-en-ejercicio-real-en-el-caribe\/a-73925945\" rel=\"nofollow noopener\" target=\"_blank\">Pete Hegseth<\/a>.<\/p>\n<blockquote class=\"tweet embed\" data-id=\"1972311839263350826\"\/>\n<p>La persona que habl\u00f3 con la agencia AP no estaba autorizada a hablar de los planes del presidente antes de que se anunciara p\u00fablicamente su asistencia y habl\u00f3 bajo condici\u00f3n de anonimato.<\/p>\n<p>La noticia sobre la reuni\u00f3n se dio a conocer el jueves, y Trump no parec\u00eda estar al tanto cuando los periodistas le preguntaron por primera vez durante una aparici\u00f3n en el Despacho Oval.<\/p>\n<p>\u00abEstar\u00e9 all\u00ed si me quieren, pero \u00bfpor qu\u00e9 es tan importante?\u00bb, dijo el mandatario.<\/p>\n<p>La participaci\u00f3n de Trump en la reuni\u00f3n aumenta la probabilidad de que se produzca un evento politizado ante una audiencia no partidista de l\u00edderes militares, consider\u00f3 AP.<\/p>\n<p>La Casa Blanca no hizo comentarios inmediatos sobre la asistencia de Trump a la reuni\u00f3n.<\/p>\n<p>gs (ap, reuters)<\/p>\n","protected":false},"excerpt":{"rendered":"El presidente de Estados Unidos,\u00a0Donald Trump asistir\u00e1 el pr\u00f3ximo martes a una reuni\u00f3n con generales y almirantes estadounidenses&hellip;\n","protected":false},"author":2,"featured_media":146232,"comment_status":"","ping_status":"","sticky":false,"template":"","format":"standard","meta":{"footnotes":""},"categories":[42],"tags":[17,18,13,14,11,61,62,63,64,19,20,9,10,15,16,12,21,22,65,66,67],"class_list":{"0":"post-146231","1":"post","2":"type-post","3":"status-publish","4":"format-standard","5":"has-post-thumbnail","7":"category-internacional","8":"tag-breaking-news","9":"tag-breakingnews","10":"tag-featured-news","11":"tag-featurednews","12":"tag-headlines","13":"tag-internacional","14":"tag-international","15":"tag-international-news","16":"tag-internationalnews","17":"tag-latest-news","18":"tag-latestnews","19":"tag-news","20":"tag-noticias","21":"tag-noticias-destacadas","22":"tag-noticiasdestacadas","23":"tag-titulares","24":"tag-ultimas-noticias","25":"tag-ultimasnoticias","26":"tag-world","27":"tag-world-news","28":"tag-worldnews"},"share_on_mastodon":{"url":"","error":""},"_links":{"self":[{"href":"https:\/\/www.europesays.com\/es\/wp-json\/wp\/v2\/posts\/146231","targetHints":{"allow":["GET"]}}],"collection":[{"href":"https:\/\/www.europesays.com\/es\/wp-json\/wp\/v2\/posts"}],"about":[{"href":"https:\/\/www.europesays.com\/es\/wp-json\/wp\/v2\/types\/post"}],"author":[{"embeddable":true,"href":"https:\/\/www.europesays.com\/es\/wp-json\/wp\/v2\/users\/2"}],"replies":[{"embeddable":true,"href":"https:\/\/www.europesays.com\/es\/wp-json\/wp\/v2\/comments?post=146231"}],"version-history":[{"count":0,"href":"https:\/\/www.europesays.com\/es\/wp-json\/wp\/v2\/posts\/146231\/revisions"}],"wp:featuredmedia":[{"embeddable":true,"href":"https:\/\/www.europesays.com\/es\/wp-json\/wp\/v2\/media\/146232"}],"wp:attachment":[{"href":"https:\/\/www.europesays.com\/es\/wp-json\/wp\/v2\/media?parent=146231"}],"wp:term":[{"taxonomy":"category","embeddable":true,"href":"https:\/\/www.europesays.com\/es\/wp-json\/wp\/v2\/categories?post=146231"},{"taxonomy":"post_tag","embeddable":true,"href":"https:\/\/www.europesays.com\/es\/wp-json\/wp\/v2\/tags?post=146231"}],"curies":[{"name":"wp","href":"https:\/\/api.w.org\/{rel}","templated":true}]}}