{"id":146247,"date":"2025-09-29T10:47:08","date_gmt":"2025-09-29T10:47:08","guid":{"rendered":"https:\/\/www.europesays.com\/es\/146247\/"},"modified":"2025-09-29T10:47:08","modified_gmt":"2025-09-29T10:47:08","slug":"colapinto-se-juega-la-continuidad-en-alpine-en-las-proximas-dos-fechas","status":"publish","type":"post","link":"https:\/\/www.europesays.com\/es\/146247\/","title":{"rendered":"Colapinto se juega la continuidad en Alpine en las pr\u00f3ximas dos fechas"},"content":{"rendered":"<p>\t\t\t\t\t\t\t\tDeportes<\/p>\n<p>\t\t\t<img width=\"800\" height=\"450\" src=\"https:\/\/www.europesays.com\/es\/wp-content\/uploads\/2025\/09\/diseno-titulo-21png-800x450.webp.webp\" class=\"wp-post-image\" alt=\"Colapinto se juega la continuidad en Alpine en las pr\u00f3ximas dos fechas\" loading=\"eager\"  fetchpriority=\"high\" decoding=\"async\" \/>\t\t\t\t\t\t\t<\/p>\n<p>\t\t\t\t\t29 Sep, 2025\n\t\t\t<\/p>\n<p><strong>Franco Colapinto vive d\u00edas decisivos en la F\u00f3rmula 1. El piloto argentino de 22 a\u00f1os atraviesa un momento de ascenso en Alpine y sus pr\u00f3ximos compromisos en Singapur y Estados Unidos podr\u00edan sellar su permanencia como titular de cara a la temporada 2026.<\/strong><\/p>\n<p>Con apenas 20 Grandes Premios en la categor\u00eda, Colapinto logr\u00f3 achicar la brecha con su compa\u00f1ero Pierre Gasly e incluso lo super\u00f3 en las \u00faltimas clasificaciones y carreras. En Hungr\u00eda, Italia y Azerbaiy\u00e1n le gan\u00f3 en la qualy, y en dos de esas competencias finaliz\u00f3 adelante en carrera. Seg\u00fan datos de Delta Data, el bonaerense fue 4\/1000 m\u00e1s r\u00e1pido que el franc\u00e9s en ritmo limpio, una estad\u00edstica que no pasa inadvertida para la c\u00fapula del equipo.<\/p>\n<p>Los tropiezos de inicio de temporada (accidentes en Imola, Silverstone y Azerbaiy\u00e1n) quedaron atr\u00e1s y Colapinto exhibe otra confianza arriba del A525: agresivo, firme en las largadas y con un lenguaje corporal distinto fuera de la pista. Su frase \u201cprefiero chocar yendo r\u00e1pido que ir lento y no chocar\u201d refleja el cambio de mentalidad que le permiti\u00f3 afirmarse en la categor\u00eda.<\/p>\n<p>En paralelo, la grilla de 2026 empieza a despejarse: nombres como Sergio \u201cCheco\u201d P\u00e9rez, Valtteri Bottas, Mick Schumacher y Felipe Drugovich quedaron fuera de competencia directa. El \u00fanico rival en la interna es Paul Aron, piloto de reserva de Alpine, pero sin experiencia en la F1.<\/p>\n<p>De mantener el nivel en Singapur y Austin, todo indica que la escuder\u00eda francesa confirmar\u00e1 la continuidad de Colapinto como titular en un anuncio que podr\u00eda darse antes del Gran Premio de M\u00e9xico o, como m\u00e1ximo, en la previa a Brasil. El apoyo de sus sponsors, con empresas multinacionales detr\u00e1s y la posibilidad de sumar a la petrolera estatal, tambi\u00e9n apuntala el proyecto.<\/p>\n<p>El pr\u00f3ximo fin de semana, Colapinto alcanzar\u00e1 21 Grandes Premios en la F1 e igualar\u00e1 a Gast\u00f3n Mazzacane entre los argentinos con m\u00e1s presencias. M\u00e1s all\u00e1 de la estad\u00edstica, lo que se juega ahora es su permanencia entre los 20 pilotos que corren en la M\u00e1xima: un objetivo cada vez m\u00e1s cerca de hacerse realidad.<\/p>\n","protected":false},"excerpt":{"rendered":"Deportes 29 Sep, 2025 Franco Colapinto vive d\u00edas decisivos en la F\u00f3rmula 1. El piloto argentino de 22&hellip;\n","protected":false},"author":2,"featured_media":146248,"comment_status":"","ping_status":"","sticky":false,"template":"","format":"standard","meta":{"footnotes":""},"categories":[270],"tags":[168,25,24,306,271,272,23,167],"class_list":{"0":"post-146247","1":"post","2":"type-post","3":"status-publish","4":"format-standard","5":"has-post-thumbnail","7":"category-formula-1","8":"tag-deportes","9":"tag-es","10":"tag-espana","11":"tag-f1","12":"tag-formula-1","13":"tag-formula1","14":"tag-spain","15":"tag-sports"},"share_on_mastodon":{"url":"","error":""},"_links":{"self":[{"href":"https:\/\/www.europesays.com\/es\/wp-json\/wp\/v2\/posts\/146247","targetHints":{"allow":["GET"]}}],"collection":[{"href":"https:\/\/www.europesays.com\/es\/wp-json\/wp\/v2\/posts"}],"about":[{"href":"https:\/\/www.europesays.com\/es\/wp-json\/wp\/v2\/types\/post"}],"author":[{"embeddable":true,"href":"https:\/\/www.europesays.com\/es\/wp-json\/wp\/v2\/users\/2"}],"replies":[{"embeddable":true,"href":"https:\/\/www.europesays.com\/es\/wp-json\/wp\/v2\/comments?post=146247"}],"version-history":[{"count":0,"href":"https:\/\/www.europesays.com\/es\/wp-json\/wp\/v2\/posts\/146247\/revisions"}],"wp:featuredmedia":[{"embeddable":true,"href":"https:\/\/www.europesays.com\/es\/wp-json\/wp\/v2\/media\/146248"}],"wp:attachment":[{"href":"https:\/\/www.europesays.com\/es\/wp-json\/wp\/v2\/media?parent=146247"}],"wp:term":[{"taxonomy":"category","embeddable":true,"href":"https:\/\/www.europesays.com\/es\/wp-json\/wp\/v2\/categories?post=146247"},{"taxonomy":"post_tag","embeddable":true,"href":"https:\/\/www.europesays.com\/es\/wp-json\/wp\/v2\/tags?post=146247"}],"curies":[{"name":"wp","href":"https:\/\/api.w.org\/{rel}","templated":true}]}}