{"id":146251,"date":"2025-09-29T10:49:07","date_gmt":"2025-09-29T10:49:07","guid":{"rendered":"https:\/\/www.europesays.com\/es\/146251\/"},"modified":"2025-09-29T10:49:07","modified_gmt":"2025-09-29T10:49:07","slug":"el-madrid-incendia-el-caso-negreira","status":"publish","type":"post","link":"https:\/\/www.europesays.com\/es\/146251\/","title":{"rendered":"El Madrid incendia el caso Negreira"},"content":{"rendered":"<p class=\"ft-text\"><strong>El <\/strong><a href=\"https:\/\/www.sport.es\/es\/noticias\/barca\/real-madrid-pide-prorrogue-seis-119526098\" class=\"ft-link ft-link--decoration\" rel=\"nofollow noopener\" target=\"_blank\"><strong>Real Madrid sigue su cruzada<\/strong><\/a> contra el \u2018Caso Negreira\u2019 y <strong>pide que se incorpore al sumario<\/strong> <strong>de su denuncia<\/strong>, un dosier que entreg\u00f3 el pasado d\u00eda 26 de septiembre en el Juzgado N.\u00ba 1 de Barcelona, en el que <strong>incluye las declaraciones hechas por Gaspart, Freixa, Godall y Perrin<\/strong> a diferentes medios de comunicaci\u00f3n.<\/p>\n<p class=\"ft-text\"><strong>La noticia la adelantaba ayer Xavi Estada<\/strong>, ex \u00e1rbitro catal\u00e1n y pol\u00edtico espa\u00f1ol de Esquerra Republicana de Catalunya, en la que aseguraba que <strong>\u201caltos cargos directivos en el F.C. Barcelona\u2026 han revelado extremos sin duda relevantes para confirmar el sentido y la finalidad corruptora de los pagos efectuados\u201d,<\/strong> por lo que el Real Madrid solicita a ese Juzgado que lo incluya como pruebas para el juicio.<\/p>\n<p class=\"ft-text\">Son varios los pasajes que los servicios jur\u00eddicos del club blanco incluyen para que dar veracidad a la denuncia. El exvicepresidente Albert Perrin aseguraba que: \u201cEs <strong>mejor seguir pagando o nos perjudicar\u00e1n\u00bb. El expresidente <\/strong>Joan Gaspart dec\u00eda: \u201cEn <strong>un servicio ilegal que se pueda hacer en el Bar\u00e7a, el presidente lo sabr\u00eda seguro<\/strong>\u201d. Toni Freixa, el que fuera directivo de\u00a0<a href=\"https:\/\/www.sport.es\/es\/noticias\/barca\/rosell-bartomeu-declararan-jueza-caso-121685632\" class=\"ft-link ft-link--decoration\" rel=\"nofollow noopener\" target=\"_blank\"><strong>Sandro Rosell, afirmaba<\/strong><\/a><strong>: \u201cTodas las juntas lo sab\u00edan\u201d. <\/strong>Y otro, exvicepresidente azulgrana, Alfons Godall, asegur\u00f3: \u201c<strong>En la Federaci\u00f3n se cuecen los \u00e1rbitros<\/strong>\u201d.<\/p>\n<p>Freixas<\/p>\n<p class=\"ft-text\">En el escrito, <strong>se incluyen los enlaces<\/strong> <strong>de las declaracione<\/strong>s de dichos dirigentes <strong>a los medios como prueba<\/strong>, seg\u00fan \u00c1lvarez de Mon en sus cuentas de Internet. <strong>Freixa tambi\u00e9n reconoci\u00f3<\/strong> que, de no haber abandonado su cargo de vicepresidente del CTA en 2018, el Bar\u00e7a\u00a0hubiera seguido teniendo a Jos\u00e9 Mar\u00eda Enr\u00edquez Negreira en n\u00f3mina:\u00a0\u201cPorque <strong>Negreira sali\u00f3 del Comit\u00e9 T\u00e9cnico de \u00c1rbitros, que si no todav\u00eda estar\u00edamos all\u00ed<\/strong>\u201d.<\/p>\n<p class=\"ft-text\"><a href=\"https:\/\/www.sport.es\/es\/temas\/caso-negreira-1789900\" class=\"ft-link ft-link--decoration\" rel=\"nofollow noopener\" target=\"_blank\"><strong>Freixas fue m\u00e1s lejos<\/strong><\/a> en aquella entrevista concedida a la Cadena Ser en 2023: \u201c<strong>Eso lo hacen todas las juntas.<\/strong> El Bar\u00e7a, que tiene la caracter\u00edstica de que cuando llegan unos suprimen todo lo que se ha hecho antes\u2026\u00a0<strong>esto no se suprimi\u00f3 nunca<\/strong>. <strong>Esto pas\u00f3 de un presidente a otro: N\u00fa\u00f1ez, Gaspart, Laporta, Rossell, Bartomeu\u2026\u201d.<\/strong><\/p>\n","protected":false},"excerpt":{"rendered":"El Real Madrid sigue su cruzada contra el \u2018Caso Negreira\u2019 y pide que se incorpore al sumario de&hellip;\n","protected":false},"author":2,"featured_media":146252,"comment_status":"","ping_status":"","sticky":false,"template":"","format":"standard","meta":{"footnotes":""},"categories":[268],"tags":[40675,14762,168,25,24,280,44954,282,13710,1263,205,44955,281,23,167,44956],"class_list":{"0":"post-146251","1":"post","2":"type-post","3":"status-publish","4":"format-standard","5":"has-post-thumbnail","7":"category-futbol","8":"tag-caso-negreira","9":"tag-declaraciones","10":"tag-deportes","11":"tag-es","12":"tag-espana","13":"tag-football","14":"tag-freixa","15":"tag-futbol","16":"tag-gaspart","17":"tag-incorpora","18":"tag-madrid","19":"tag-sandro-rosell","20":"tag-soccer","21":"tag-spain","22":"tag-sports","23":"tag-toni-freixa"},"share_on_mastodon":{"url":"","error":""},"_links":{"self":[{"href":"https:\/\/www.europesays.com\/es\/wp-json\/wp\/v2\/posts\/146251","targetHints":{"allow":["GET"]}}],"collection":[{"href":"https:\/\/www.europesays.com\/es\/wp-json\/wp\/v2\/posts"}],"about":[{"href":"https:\/\/www.europesays.com\/es\/wp-json\/wp\/v2\/types\/post"}],"author":[{"embeddable":true,"href":"https:\/\/www.europesays.com\/es\/wp-json\/wp\/v2\/users\/2"}],"replies":[{"embeddable":true,"href":"https:\/\/www.europesays.com\/es\/wp-json\/wp\/v2\/comments?post=146251"}],"version-history":[{"count":0,"href":"https:\/\/www.europesays.com\/es\/wp-json\/wp\/v2\/posts\/146251\/revisions"}],"wp:featuredmedia":[{"embeddable":true,"href":"https:\/\/www.europesays.com\/es\/wp-json\/wp\/v2\/media\/146252"}],"wp:attachment":[{"href":"https:\/\/www.europesays.com\/es\/wp-json\/wp\/v2\/media?parent=146251"}],"wp:term":[{"taxonomy":"category","embeddable":true,"href":"https:\/\/www.europesays.com\/es\/wp-json\/wp\/v2\/categories?post=146251"},{"taxonomy":"post_tag","embeddable":true,"href":"https:\/\/www.europesays.com\/es\/wp-json\/wp\/v2\/tags?post=146251"}],"curies":[{"name":"wp","href":"https:\/\/api.w.org\/{rel}","templated":true}]}}