{"id":146257,"date":"2025-09-29T10:55:09","date_gmt":"2025-09-29T10:55:09","guid":{"rendered":"https:\/\/www.europesays.com\/es\/146257\/"},"modified":"2025-09-29T10:55:09","modified_gmt":"2025-09-29T10:55:09","slug":"el-cambio-fisico-de-emma-stone-que-ha-lamentado-profundamente-mis-organos-se-transformaron","status":"publish","type":"post","link":"https:\/\/www.europesays.com\/es\/146257\/","title":{"rendered":"El cambio f\u00edsico de Emma Stone que ha lamentado profundamente: \u201cMis \u00f3rganos se transformaron\u201d"},"content":{"rendered":"<p class=\"\"><a href=\"https:\/\/as.com\/meristation\/cine\/asi-afronto-emma-stone-sus-escenas-de-sexo-en-pobres-criaturas-haremos-lo-que-tengamos-que-hacer-n\/\" target=\"_blank\" rel=\"noreferrer nofollow noopener\" title=\"https:\/\/as.com\/meristation\/cine\/asi-afronto-emma-stone-sus-escenas-de-sexo-en-pobres-criaturas-haremos-lo-que-tengamos-que-hacer-n\/\"><b>Emma Stone<\/b><\/a> es una de las actrices m\u00e1s populares de los \u00faltimos tiempos, y es que a sus <b>36 a\u00f1os <\/b>de edad ya ha conseguido ganar el <a href=\"https:\/\/as.com\/us\/tikitakas\/asi-es-la-vida-personal-de-emma-stone-la-actriz-de-pobres-criaturas-ganadora-del-oscar-n\/\" target=\"_blank\" rel=\"noreferrer nofollow noopener\" title=\"https:\/\/as.com\/us\/tikitakas\/asi-es-la-vida-personal-de-emma-stone-la-actriz-de-pobres-criaturas-ganadora-del-oscar-n\/\"><b>Oscar <\/b><\/a>a mejor actriz en dos ocasiones: \u2018La La Land\u2019 y \u2018Pobres criaturas\u2019. Una muestra de su enorme talento y una carrera en la que no deja de destacar con todo tipo de estrenos en los que consigue sobresalir gracias a su <b>carisma<\/b> y <b>naturalidad<\/b> delante de la c\u00e1mara.<\/p>\n<p class=\"\">La industria del <b>cine <\/b>puede resultar agotadora, y con Emma Stone no ha sido diferente. La actriz habl\u00f3 recientemente con Vogue, repasando los looks m\u00e1s ic\u00f3nicos de su carrera, y hay uno en cuesti\u00f3n que le supuso un problema que le afect\u00f3 a nivel f\u00edsico.<\/p>\n<p>Un cambio f\u00edsico provocado por el vestuario<\/p>\n<p class=\"\">La pel\u00edcula en cuesti\u00f3n es &#8216;<b>La Favorita<\/b>\u2018, dirigida por Yorgos Lanthimos y estrenada en el a\u00f1o 2018. Una s\u00e1tira dram\u00e1tica de \u00e9poca en la que Emma Stone tuvo que usar <b>cors\u00e9s <\/b>muy ajustados, ropa de la \u00e9poca que result\u00f3 ser muy <b>inc\u00f3moda<\/b> y que, termin\u00f3 <b>desplazando sus \u00f3rganos<\/b>.<\/p>\n<p>Noticias relacionadas<\/p>\n<p class=\"\">La actriz destaca que \u201cpuedo confirmar que, con el tiempo, los \u00f3rganos se desplazan. Mi cuerpo ten\u00eda una forma diferente durante aproximadamente un mes despu\u00e9s de rodar \u2018La Favorita. Era extremadamente ajustado, te comprime. Y adem\u00e1s, tengo una caja tor\u00e1cica muy grande, as\u00ed que era muy dif\u00edcil moverse. <b>Mi cuerpo definitivamente no estaba hecho para un cors\u00e9<\/b>\u201d. La industria del cine puede conllevar ciertos riesgos, pero no muchos se imaginan que el vestuario es capaz de afectar de esta forma al f\u00edsico y vida de una artista.<\/p>\n<p class=\"\"><b>\u00a1Tus opiniones importan!<\/b> Comenta en los art\u00edculos y suscr\u00edbete gratis a nuestra <a href=\"https:\/\/asfan.as.com\/newsletters\/\" target=\"_blank\" rel=\"nofollow noopener\" title=\"https:\/\/asfan.as.com\/newsletters\/\">newsletter<\/a> y a las alertas informativas en la <a href=\"https:\/\/as.com\/aplicacion-de-as-n\/\" target=\"_blank\" rel=\"nofollow noopener\" title=\"https:\/\/as.com\/aplicacion-de-as-n\/\">App<\/a> o el canal de <a href=\"https:\/\/www.whatsapp.com\/channel\/0029VaAasdA7j6g745nz9M10\" target=\"_blank\" rel=\"nofollow noopener\" title=\"https:\/\/www.whatsapp.com\/channel\/0029VaAasdA7j6g745nz9M10\">WhatsApp<\/a>. \u00bfBuscas licenciar contenido? Haz clic <a href=\"https:\/\/profesional.elpais.com\/soluciones-sindicacion?utm_medium=interno&amp;utm_source=crosslinking&amp;utm_campaign=sindicacion_as_pie_articulos\" target=\"_blank\" rel=\"nofollow noopener\" title=\"https:\/\/profesional.elpais.com\/soluciones-sindicacion?utm_medium=interno&amp;utm_source=crosslinking&amp;utm_campaign=sindicacion_as_pie_articulos\">aqu\u00ed<\/a><\/p>\n","protected":false},"excerpt":{"rendered":"Emma Stone es una de las actrices m\u00e1s populares de los \u00faltimos tiempos, y es que a sus&hellip;\n","protected":false},"author":2,"featured_media":146258,"comment_status":"","ping_status":"","sticky":false,"template":"","format":"standard","meta":{"footnotes":""},"categories":[169],"tags":[177,146,147,25,24,176,175,23],"class_list":{"0":"post-146257","1":"post","2":"type-post","3":"status-publish","4":"format-standard","5":"has-post-thumbnail","7":"category-cine","8":"tag-cine","9":"tag-entertainment","10":"tag-entretenimiento","11":"tag-es","12":"tag-espana","13":"tag-film","14":"tag-movies","15":"tag-spain"},"share_on_mastodon":{"url":"","error":""},"_links":{"self":[{"href":"https:\/\/www.europesays.com\/es\/wp-json\/wp\/v2\/posts\/146257","targetHints":{"allow":["GET"]}}],"collection":[{"href":"https:\/\/www.europesays.com\/es\/wp-json\/wp\/v2\/posts"}],"about":[{"href":"https:\/\/www.europesays.com\/es\/wp-json\/wp\/v2\/types\/post"}],"author":[{"embeddable":true,"href":"https:\/\/www.europesays.com\/es\/wp-json\/wp\/v2\/users\/2"}],"replies":[{"embeddable":true,"href":"https:\/\/www.europesays.com\/es\/wp-json\/wp\/v2\/comments?post=146257"}],"version-history":[{"count":0,"href":"https:\/\/www.europesays.com\/es\/wp-json\/wp\/v2\/posts\/146257\/revisions"}],"wp:featuredmedia":[{"embeddable":true,"href":"https:\/\/www.europesays.com\/es\/wp-json\/wp\/v2\/media\/146258"}],"wp:attachment":[{"href":"https:\/\/www.europesays.com\/es\/wp-json\/wp\/v2\/media?parent=146257"}],"wp:term":[{"taxonomy":"category","embeddable":true,"href":"https:\/\/www.europesays.com\/es\/wp-json\/wp\/v2\/categories?post=146257"},{"taxonomy":"post_tag","embeddable":true,"href":"https:\/\/www.europesays.com\/es\/wp-json\/wp\/v2\/tags?post=146257"}],"curies":[{"name":"wp","href":"https:\/\/api.w.org\/{rel}","templated":true}]}}