{"id":146269,"date":"2025-09-29T11:01:07","date_gmt":"2025-09-29T11:01:07","guid":{"rendered":"https:\/\/www.europesays.com\/es\/146269\/"},"modified":"2025-09-29T11:01:07","modified_gmt":"2025-09-29T11:01:07","slug":"al-menos-4-muertos-en-tiroteo-en-una-iglesia-en-ee-uu-dw-29-09-2025","status":"publish","type":"post","link":"https:\/\/www.europesays.com\/es\/146269\/","title":{"rendered":"Al menos 4 muertos en tiroteo en una iglesia en EE.UU. \u2013 DW \u2013 29\/09\/2025"},"content":{"rendered":"<p>Al menos 4 personas\u00a0murieron en un tiroteo este domingo (28.09.2025)\u00a0 en una iglesia mormona en Grand Blanc, en el estado de M\u00edchigan, <a class=\"internal-link\" href=\"https:\/\/www.dw.com\/es\/estados-unidos\/t-17411942\" rel=\"nofollow noopener\" target=\"_blank\">Estados Unidos<\/a>, y otras ocho resultaron heridas, algunas en estado cr\u00edtico, seg\u00fan informaron fuentes policiales.<\/p>\n<p>Un hombre estrell\u00f3 su coche contra la iglesia de Jesucristo de los Santos de los \u00daltimos D\u00edas antes de abrir fuego contra los feligreses tras lo cual la prendi\u00f3 en llamas.<\/p>\n<p>El tirador, que utiliz\u00f3 un rifle de asalto, fue abatido por dos agentes de Polic\u00eda.<\/p>\n<p>Las autoridades comentaron que el atacante era un hombre de 40 a\u00f1os de la localidad de Burton, tambi\u00e9n en el mismo estado, pero a\u00fan se desconoce su nombre.<\/p>\n<p>\u00abCreemos que encontraremos m\u00e1s v\u00edctimas una vez que hayamos asegurado la escena\u00bb, declar\u00f3 el jefe de Polic\u00eda de la localidad, William Renye.<\/p>\n<p>Hay ni\u00f1os entre los heridos, dijo a CNN una fuente familiarizada con el incidente. De la segunda persona que perdi\u00f3 la vida en el hecho se desconoce la identidad.<\/p>\n<p>Las tareas de las fuerzas de seguridad se han visto ralentizadas por el incendio provocado por el atacante en la iglesia. Renye asegur\u00f3 que el tirador la incendi\u00f3 \u00abdeliberadamente\u00bb.\u00a0<\/p>\n<p>Trump condena el ataque<\/p>\n<p>Tambi\u00e9n indic\u00f3 que obtendr\u00e1 una orden para registrar la residencia del sospechoso y revisar\u00e1n adem\u00e1s los registros de su celular para \u00abaveriguar si hab\u00eda alg\u00fan motivo\u201d.<\/p>\n<p>Se\u00f1al\u00f3 adem\u00e1s que el FBI ha asignado a cien agentes a la zona para ayudar a tomar declaraciones de testigos, de acuerdo con CNN.<\/p>\n<p>Al poco de conocer lo sucedido, la fiscal general de Estados Unidos, Pam Bondi, inform\u00f3 de que agentes del FBI se desplazaron al lugar de los hechos.<\/p>\n<p>\u00a0\u00abTal violencia en un lugar de culto es desgarradora y escalofriante. Por favor, \u00fananse a m\u00ed en orar por las v\u00edctimas de esta terrible tragedia\u00bb, a\u00f1adi\u00f3.<\/p>\n<p>Por su parte, el presidente, <a class=\"internal-link\" href=\"https:\/\/www.dw.com\/es\/trump-desliza-que-acuerdo-para-gaza-est\u00e1-bien-encaminado\/a-74167302\" rel=\"nofollow noopener\" target=\"_blank\">Donald Trump<\/a>, asegur\u00f3 estar siguiendo la situaci\u00f3n y conden\u00f3 el ataque.<\/p>\n<p>\u00abEsto parece ser otro ataque dirigido contra los cristianos en los Estados Unidos de Am\u00e9rica. La Administraci\u00f3n Trump mantendr\u00e1 informada a la opini\u00f3n p\u00fablica, como siempre hacemos. Mientras tanto, RECEN por las v\u00edctimas y sus familias. \u00a1ESTA EPIDEMIA DE VIOLENCIA EN NUESTRO PA\u00cdS DEBE TERMINAR, DE INMEDIATO!\u00bb, dijo.<\/p>\n<p>Las autoridades explicaron que cientos de feligreses se encontraban en la iglesia en el momento del ataque.<\/p>\n<p>mg (efe, CNN)<\/p>\n<p>\u00a0<\/p>\n","protected":false},"excerpt":{"rendered":"Al menos 4 personas\u00a0murieron en un tiroteo este domingo (28.09.2025)\u00a0 en una iglesia mormona en Grand Blanc, en&hellip;\n","protected":false},"author":2,"featured_media":146270,"comment_status":"","ping_status":"","sticky":false,"template":"","format":"standard","meta":{"footnotes":""},"categories":[42],"tags":[17,18,13,14,11,61,62,63,64,19,20,9,10,15,16,12,21,22,65,66,67],"class_list":{"0":"post-146269","1":"post","2":"type-post","3":"status-publish","4":"format-standard","5":"has-post-thumbnail","7":"category-internacional","8":"tag-breaking-news","9":"tag-breakingnews","10":"tag-featured-news","11":"tag-featurednews","12":"tag-headlines","13":"tag-internacional","14":"tag-international","15":"tag-international-news","16":"tag-internationalnews","17":"tag-latest-news","18":"tag-latestnews","19":"tag-news","20":"tag-noticias","21":"tag-noticias-destacadas","22":"tag-noticiasdestacadas","23":"tag-titulares","24":"tag-ultimas-noticias","25":"tag-ultimasnoticias","26":"tag-world","27":"tag-world-news","28":"tag-worldnews"},"share_on_mastodon":{"url":"","error":""},"_links":{"self":[{"href":"https:\/\/www.europesays.com\/es\/wp-json\/wp\/v2\/posts\/146269","targetHints":{"allow":["GET"]}}],"collection":[{"href":"https:\/\/www.europesays.com\/es\/wp-json\/wp\/v2\/posts"}],"about":[{"href":"https:\/\/www.europesays.com\/es\/wp-json\/wp\/v2\/types\/post"}],"author":[{"embeddable":true,"href":"https:\/\/www.europesays.com\/es\/wp-json\/wp\/v2\/users\/2"}],"replies":[{"embeddable":true,"href":"https:\/\/www.europesays.com\/es\/wp-json\/wp\/v2\/comments?post=146269"}],"version-history":[{"count":0,"href":"https:\/\/www.europesays.com\/es\/wp-json\/wp\/v2\/posts\/146269\/revisions"}],"wp:featuredmedia":[{"embeddable":true,"href":"https:\/\/www.europesays.com\/es\/wp-json\/wp\/v2\/media\/146270"}],"wp:attachment":[{"href":"https:\/\/www.europesays.com\/es\/wp-json\/wp\/v2\/media?parent=146269"}],"wp:term":[{"taxonomy":"category","embeddable":true,"href":"https:\/\/www.europesays.com\/es\/wp-json\/wp\/v2\/categories?post=146269"},{"taxonomy":"post_tag","embeddable":true,"href":"https:\/\/www.europesays.com\/es\/wp-json\/wp\/v2\/tags?post=146269"}],"curies":[{"name":"wp","href":"https:\/\/api.w.org\/{rel}","templated":true}]}}