{"id":146275,"date":"2025-09-29T11:04:08","date_gmt":"2025-09-29T11:04:08","guid":{"rendered":"https:\/\/www.europesays.com\/es\/146275\/"},"modified":"2025-09-29T11:04:08","modified_gmt":"2025-09-29T11:04:08","slug":"adesal-cordoba-balonmano-copa-de-la-reina-morvedre","status":"publish","type":"post","link":"https:\/\/www.europesays.com\/es\/146275\/","title":{"rendered":"ADESAL C\u00d3RDOBA BALONMANO COPA DE LA REINA MORVEDRE"},"content":{"rendered":"<p class=\"ft-text\">El <a class=\"ft-link ft-link--decoration\" href=\"https:\/\/www.diariocordoba.com\/tags\/adesal-cordoba\/\" rel=\"nofollow noopener\" target=\"_blank\">Rahi-Sepisur Adesal C\u00f3rdoba<\/a> afrontar\u00e1 el pr\u00f3ximo 22 de octubre un reto may\u00fasculo en la primera fase de la Copa de la Reina de <a class=\"ft-link ft-link--decoration\" href=\"https:\/\/www.diariocordoba.com\/tags\/balonmano\/\" rel=\"nofollow noopener\" target=\"_blank\">balonmano<\/a>. El sorteo ha deparado un duelo frente al <strong>Morvedre<\/strong>, conjunto de Divisi\u00f3n de Honor y, por tanto, de una categor\u00eda superior a las fuensantinas. Ser\u00e1 un exigente examen para el plantel que dirige <strong>Rafa Moreno<\/strong>, que ya ha arrancado el curso con buenas sensaciones.<\/p>\n<p class=\"ft-text\">El equipo cordob\u00e9s abri\u00f3 la temporada 2025-2026 con una victoria convincente en <strong>La Fuensanta <\/strong>ante el <strong>Lanzarote Puerto del Carmen (30-22)<\/strong>. Un estreno s\u00f3lido que reforz\u00f3 la confianza de un bloque que vuelve a aspirar a pelear en la zona alta de la<strong> Divisi\u00f3n de Honor Oro<\/strong>, la segunda categor\u00eda nacional.<\/p>\n<p class=\"ft-text\">El compromiso copero frente al <strong>Morvedre <\/strong>llega, por tanto, en un momento id\u00f3neo para medir el nivel del Adesal. Adem\u00e1s de la ilusi\u00f3n que siempre despierta el torneo del KO, el duelo permitir\u00e1 al conjunto fuensantino comprobar hasta d\u00f3nde es capaz de llegar frente a un adversario de mayor entidad.<\/p>\n","protected":false},"excerpt":{"rendered":"El Rahi-Sepisur Adesal C\u00f3rdoba afrontar\u00e1 el pr\u00f3ximo 22 de octubre un reto may\u00fasculo en la primera fase de&hellip;\n","protected":false},"author":2,"featured_media":146276,"comment_status":"","ping_status":"","sticky":false,"template":"","format":"standard","meta":{"footnotes":""},"categories":[278],"tags":[1128,44277,376,7716,44786,168,25,24,375,1078,6562,6563,23,167],"class_list":{"0":"post-146275","1":"post","2":"type-post","3":"status-publish","4":"format-standard","5":"has-post-thumbnail","7":"category-balonmano","8":"tag-adesal","9":"tag-adesal-cordoba","10":"tag-balonmano","11":"tag-cita","12":"tag-copa-de-la-reina","13":"tag-deportes","14":"tag-es","15":"tag-espana","16":"tag-handball","17":"tag-primera","18":"tag-rahi","19":"tag-sepisur","20":"tag-spain","21":"tag-sports"},"share_on_mastodon":{"url":"","error":""},"_links":{"self":[{"href":"https:\/\/www.europesays.com\/es\/wp-json\/wp\/v2\/posts\/146275","targetHints":{"allow":["GET"]}}],"collection":[{"href":"https:\/\/www.europesays.com\/es\/wp-json\/wp\/v2\/posts"}],"about":[{"href":"https:\/\/www.europesays.com\/es\/wp-json\/wp\/v2\/types\/post"}],"author":[{"embeddable":true,"href":"https:\/\/www.europesays.com\/es\/wp-json\/wp\/v2\/users\/2"}],"replies":[{"embeddable":true,"href":"https:\/\/www.europesays.com\/es\/wp-json\/wp\/v2\/comments?post=146275"}],"version-history":[{"count":0,"href":"https:\/\/www.europesays.com\/es\/wp-json\/wp\/v2\/posts\/146275\/revisions"}],"wp:featuredmedia":[{"embeddable":true,"href":"https:\/\/www.europesays.com\/es\/wp-json\/wp\/v2\/media\/146276"}],"wp:attachment":[{"href":"https:\/\/www.europesays.com\/es\/wp-json\/wp\/v2\/media?parent=146275"}],"wp:term":[{"taxonomy":"category","embeddable":true,"href":"https:\/\/www.europesays.com\/es\/wp-json\/wp\/v2\/categories?post=146275"},{"taxonomy":"post_tag","embeddable":true,"href":"https:\/\/www.europesays.com\/es\/wp-json\/wp\/v2\/tags?post=146275"}],"curies":[{"name":"wp","href":"https:\/\/api.w.org\/{rel}","templated":true}]}}