{"id":146279,"date":"2025-09-29T11:06:19","date_gmt":"2025-09-29T11:06:19","guid":{"rendered":"https:\/\/www.europesays.com\/es\/146279\/"},"modified":"2025-09-29T11:06:19","modified_gmt":"2025-09-29T11:06:19","slug":"khabib-nurmagomedov-cierra-las-puertas-a-ufc-estoy-ayudando-a-mis-hermanos","status":"publish","type":"post","link":"https:\/\/www.europesays.com\/es\/146279\/","title":{"rendered":"Khabib Nurmagomedov cierra las puertas a UFC: \u201cEstoy ayudando a mis hermanos&#8230;\u201d"},"content":{"rendered":"<p class=\"\"><b>Hace casi 4 a\u00f1os,<\/b> de una forma totalmente sorpresiva,<b> Khabib Nurmagomedov dejaba sus guantillas en aquel oct\u00f3gono de Abu Dhabi <\/b>para nunca jam\u00e1s volv\u00e9rselas a enfundar. En aquel momento, <b>\u2018El \u00c1guila\u2019 acababa de salir vencedor de su tercera defensa<\/b> titular tras aplicar un tri\u00e1ngulo de pierna que mand\u00f3 a <b>Justin Gaethje<\/b> a dormir, demostrando que segu\u00eda siendo <b>claro dominador de su divisi<\/b>\u00f3n.<\/p>\n<p class=\"\"><b>Una promesa a su madre, que acababa de enviudar tras la tr\u00e1gica muerte de Abdulmanap,<\/b> padre y mentor de <b>Khabib<\/b>, fue mayor que las ganas de seguir <b>reinando en lo m\u00e1s alto delas MMA mundiales. <\/b>El \u00faltimo deseo de Khabib fue dejar su carrera profesional <b>en lo m\u00e1s alto del ranking libra por libra. <\/b>Una vez conseguido el sue\u00f1o de su difunto padre, <b>Khabib cerr\u00f3 el c\u00edrculo y decidi\u00f3 nunca m\u00e1s regresar.<\/b><\/p>\n<p><img decoding=\"async\" src=\"https:\/\/www.europesays.com\/es\/wp-content\/uploads\/2025\/09\/UZX4RKZVZJGABMSVE3RE54LNSA.jpg\" alt=\"Khabib Nurmagomedov cierra las puertas a UFC: \u201cEstoy ayudando a mis hermanos...\u201d\" height=\"552\" width=\"828\"   loading=\"lazy\"\/><\/p>\n<p class=\"\"><b>Pese a verse tentado en varias ocasiones por la UFC a trav\u00e9s de suculentas ofertas, <\/b>el campe\u00f3n daguestan\u00ed jam\u00e1s ha dado un solo indicio de cuestionarse su retiro, algo que ha secundado recientemente con sus propias palabras en iNews, un medio \u00e1rabe: \u201c<b>No hay posibilidad de regresar, ni un 1%. Estoy ayudando a mis hermanos a convertirse en campeones.<\/b> No me van a echar de menos porque siempre vamos a crear campeones\u201d.<\/p>\n<p><b>Un semillero de talento<\/b><\/p>\n<p class=\"\"><b>La escuela de Abdulmanap es una de las m\u00e1s legendarias y estrictas que existen en el mundo.<\/b> En ella existen c\u00f3digos para todo, <b>desde el corte de pelo hasta en la conducta c\u00edvica y el respeto fuera del gimnasio. <\/b>Esa disciplina y esos valores <b>han llevado al \u00e9xito a muchos de los compa\u00f1eros de Khabib, quien ha tomado el lugar de su padre como mentor<\/b> de los futuros campeones.<\/p>\n<p>Noticias relacionadas<a href=\"https:\/\/as.com\/us\/masdeporte\/mcgregor-a-topuria-te-voy-a-partir-la-mandibula-en-cuanto-te-vea-n\/\" class=\"s_m_w\" title=\"El irland\u00e9s volvi\u00f3 a aparecer en un streaming atacando a Ilia Topuria e incentivando una enemistad entre ambos.\" data-tb-link=\"\" rel=\"nofollow noopener\" target=\"_blank\"><img decoding=\"async\" src=\"https:\/\/www.europesays.com\/es\/wp-content\/uploads\/2025\/09\/WOMYAUJ6RRFYFNFGHG4QDLSG6M.jpeg\" alt=\"McGregor, a Topuria: \u201cTe voy a partir la mand\u00edbula cuando te vea\u201d\" class=\"\" height=\"1\" width=\"1\"   loading=\"lazy\" data-tb-thumbnail=\"\"\/><\/a><a href=\"https:\/\/as.com\/us\/masdeporte\/la-ufc-busca-una-estrella-n\/\" class=\"s_m_w\" title=\"Tras la derrota de Sean O\u2019Malley en UFC 306, la promotora ha perdido, al menos por el momento, a su mayor proyecto de estrella medi\u00e1tica. \" data-tb-link=\"\" rel=\"nofollow noopener\" target=\"_blank\"><img decoding=\"async\" src=\"https:\/\/www.europesays.com\/es\/wp-content\/uploads\/2025\/09\/ZSPB5VIG4VFUBGGBRQ3KIA3CEE.PNG\" alt=\"La UFC busca una estrella\" class=\"\" height=\"1\" width=\"1\"   loading=\"lazy\" data-tb-thumbnail=\"\"\/><\/a><\/p>\n<p class=\"\"><b>\u201cTenemos a Islam <\/b>(Makhachev), campe\u00f3n.<b> Tenemos a Umar <\/b>(Nurmagomedov), contendiente. <b>Tenemos a Usman <\/b>(Nurmagomedov), campe\u00f3n. <b>Siempre vamos a tener alg\u00fan campe\u00f3n\u201d, dijo Khabib<\/b> para cerrar el tema de su imposible regreso y dejar claro que <b>su trabajo ahora consiste en ayudar a otros peleadores a recorrer el camino que un d\u00eda le llevo a \u00e9l mismo a lo m\u00e1s alto.<\/b><\/p>\n<p class=\"\">Sigue el <a href=\"https:\/\/www.whatsapp.com\/channel\/0029VaAasdA7j6g745nz9M10\" target=\"_blank\" rel=\"nofollow noopener\">canal de Diario AS en WhatsApp<\/a>, donde encontrar\u00e1s todo el deporte en un solo espacio: la actualidad del d\u00eda, la agenda con la \u00faltima hora de los eventos deportivos m\u00e1s importantes, las im\u00e1genes m\u00e1s destacadas, la opini\u00f3n de las mejores firmas de AS, reportajes, v\u00eddeos, y algo de humor de vez en cuando.<\/p>\n","protected":false},"excerpt":{"rendered":"Hace casi 4 a\u00f1os, de una forma totalmente sorpresiva, Khabib Nurmagomedov dejaba sus guantillas en aquel oct\u00f3gono de&hellip;\n","protected":false},"author":2,"featured_media":146280,"comment_status":"","ping_status":"","sticky":false,"template":"","format":"standard","meta":{"footnotes":""},"categories":[276],"tags":[168,25,24,23,167,343],"class_list":{"0":"post-146279","1":"post","2":"type-post","3":"status-publish","4":"format-standard","5":"has-post-thumbnail","7":"category-ufc","8":"tag-deportes","9":"tag-es","10":"tag-espana","11":"tag-spain","12":"tag-sports","13":"tag-ufc"},"share_on_mastodon":{"url":"","error":""},"_links":{"self":[{"href":"https:\/\/www.europesays.com\/es\/wp-json\/wp\/v2\/posts\/146279","targetHints":{"allow":["GET"]}}],"collection":[{"href":"https:\/\/www.europesays.com\/es\/wp-json\/wp\/v2\/posts"}],"about":[{"href":"https:\/\/www.europesays.com\/es\/wp-json\/wp\/v2\/types\/post"}],"author":[{"embeddable":true,"href":"https:\/\/www.europesays.com\/es\/wp-json\/wp\/v2\/users\/2"}],"replies":[{"embeddable":true,"href":"https:\/\/www.europesays.com\/es\/wp-json\/wp\/v2\/comments?post=146279"}],"version-history":[{"count":0,"href":"https:\/\/www.europesays.com\/es\/wp-json\/wp\/v2\/posts\/146279\/revisions"}],"wp:featuredmedia":[{"embeddable":true,"href":"https:\/\/www.europesays.com\/es\/wp-json\/wp\/v2\/media\/146280"}],"wp:attachment":[{"href":"https:\/\/www.europesays.com\/es\/wp-json\/wp\/v2\/media?parent=146279"}],"wp:term":[{"taxonomy":"category","embeddable":true,"href":"https:\/\/www.europesays.com\/es\/wp-json\/wp\/v2\/categories?post=146279"},{"taxonomy":"post_tag","embeddable":true,"href":"https:\/\/www.europesays.com\/es\/wp-json\/wp\/v2\/tags?post=146279"}],"curies":[{"name":"wp","href":"https:\/\/api.w.org\/{rel}","templated":true}]}}