{"id":146281,"date":"2025-09-29T11:07:12","date_gmt":"2025-09-29T11:07:12","guid":{"rendered":"https:\/\/www.europesays.com\/es\/146281\/"},"modified":"2025-09-29T11:07:12","modified_gmt":"2025-09-29T11:07:12","slug":"zarapicos-celebra-su-35o-aniversario-por-todo-lo-alto","status":"publish","type":"post","link":"https:\/\/www.europesays.com\/es\/146281\/","title":{"rendered":"Zarapicos celebra su 35\u00ba aniversario por todo lo alto"},"content":{"rendered":"<p><a class=\"v-mdl-ath__fig-a\" href=\"https:\/\/www.lagacetadesalamanca.es\/autor\/alex-g-santana-6000.html\" title=\"Alex G. Santana\" rel=\"nofollow noopener\" target=\"_blank\"><br \/>\n<img decoding=\"async\" class=\"v-mdl-ath__img\" src=\"https:\/\/www.europesays.com\/es\/wp-content\/uploads\/2025\/09\/autor-6000-foto-1.png\" alt=\"Alex G. Santana\"\/><br \/>\n<\/a><\/p>\n<p class=\"v-mdl-ath__p v-mdl-ath__p--6\">\nDomingo, 28 de septiembre 2025, 22:46<\/p>\n<p>| Actualizado 22:58h.<\/p>\n<p class=\"v-p\"><strong>Salamanca Golf &amp; Country Club<\/strong> puso el broche de oro a la celebraci\u00f3n del <strong>35\u00ba aniversario del campo de Zarapicos<\/strong>, el m\u00e1s antiguo de Castilla y Le\u00f3n, con su torneo m\u00e1s emblem\u00e1tico. Ha sido un fin de semana muy especial, como se encarg\u00f3 de enfatizar su presidente, <strong>Juan Mari L\u00f3pez<\/strong>, durante la entrega de premios: \u00abZarapicos no es s\u00f3lo un campo de golf. Es historia, es paisaje, es esfuerzo y tradici\u00f3n. Es el lugar donde muchos hemos aprendido, competido, disfrutado y, sobre todo, creado v\u00ednculos que van mucho m\u00e1s all\u00e1 del deporte\u00bb.<\/p>\n<p class=\"v-p\">Adem\u00e1s, Juan Mari L\u00f3pez aprovech\u00f3 para dar la bienvenida al nuevo director general del club, <strong>Mois\u00e9s Blanco<\/strong>, que destac\u00f3 que Salamanca Golf &amp; Country Club \u00abest\u00e1 vivo, renovado y preparado para seguir siendo un referente\u00bb.<\/p>\n<p class=\"v-p\">En cuanto al cuadro de honor, el primer premio scratch fue para los hermanos <strong>Juan y Javier Hern\u00e1ndez<\/strong>, mientras que en h\u00e1ndicap se llevaron el triunfo <strong>Antonio Jes\u00fas Robles y Alfonso Hern\u00e1ndez<\/strong>. Adem\u00e1s hubo una gran cantidad de premios de los patrocinadores y el sorteo de regalos.<\/p>\n<p><img decoding=\"async\" loading=\"lazy\" src=\"https:\/\/s2.ppllstatics.com\/lagacetadesalamanca\/www\/multimedia\/2025\/09\/28\/ganadores%20handicap-U11132232565lLO-1200x841@Gaceta%20Salamanca.jpg\" class=\"v-mdl__img-z\" width=\"1200\" height=\"841\" alt=\"Imagen principal - Zarapicos celebra su 35\u00ba aniversario por todo lo alto\"\/><\/p>\n<p><img decoding=\"async\" loading=\"lazy\" src=\"https:\/\/www.europesays.com\/es\/wp-content\/uploads\/2025\/09\/partido-U72150006702JKF-1200x851@Gaceta Salamanca.jpg\" class=\"v-mdl__img-z\" width=\"1200\" height=\"851\" alt=\"Imagen secundaria 1 - Zarapicos celebra su 35\u00ba aniversario por todo lo alto\"\/><\/p>\n<p><img decoding=\"async\" loading=\"lazy\" src=\"https:\/\/www.europesays.com\/es\/wp-content\/uploads\/2025\/09\/mejor parja junior-U64687044573Kat-711x841@Gaceta Salamanca.jpg\" class=\"v-mdl__img-z\" width=\"711\" height=\"841\" alt=\"Imagen secundaria 2 - Zarapicos celebra su 35\u00ba aniversario por todo lo alto\"\/><\/p>\n<p class=\"v-p\">La edici\u00f3n del torneo en este 2025 ha sido especialmente significativa, con un incremento del 34 % en las inscripciones y una programaci\u00f3n llena de novedades: concursos, sorteos, fitting, un hoyo nocturno, marcas personalizadas en los tees de salida y una exposici\u00f3n fotogr\u00e1fica que pronto se convertir\u00e1 en publicaci\u00f3n.<\/p>\n<p class=\"v-p\">En este<strong> mes de celebraciones en Zarapicos<\/strong>, la intensidad ha sido continua, con la creaci\u00f3n del Club Deportivo Federado Salamanca Golf &amp; Country, la actualizaci\u00f3n de los canales digitales de comunicaci\u00f3n, la participaci\u00f3n activa en las Ferias y Fiestas de Salamanca, clases gratuitas en la Academia, firma de convenios con la Universidad de Salamanca, y la celebraci\u00f3n de un encuentro digital con Manuel Pi\u00f1ero, el dise\u00f1ador del campo.<\/p>\n<p>Comenta<\/p>\n<p>Reporta un error<\/p>\n","protected":false},"excerpt":{"rendered":"Domingo, 28 de septiembre 2025, 22:46 | Actualizado 22:58h. Salamanca Golf &amp; Country Club puso el broche de&hellip;\n","protected":false},"author":2,"featured_media":146282,"comment_status":"","ping_status":"","sticky":false,"template":"","format":"standard","meta":{"footnotes":""},"categories":[275],"tags":[44960,3196,9807,6951,168,25,24,329,23,167,38736],"class_list":{"0":"post-146281","1":"post","2":"type-post","3":"status-publish","4":"format-standard","5":"has-post-thumbnail","7":"category-golf","8":"tag-35o","9":"tag-alto","10":"tag-aniversario","11":"tag-celebra","12":"tag-deportes","13":"tag-es","14":"tag-espana","15":"tag-golf","16":"tag-spain","17":"tag-sports","18":"tag-zarapicos"},"share_on_mastodon":{"url":"","error":""},"_links":{"self":[{"href":"https:\/\/www.europesays.com\/es\/wp-json\/wp\/v2\/posts\/146281","targetHints":{"allow":["GET"]}}],"collection":[{"href":"https:\/\/www.europesays.com\/es\/wp-json\/wp\/v2\/posts"}],"about":[{"href":"https:\/\/www.europesays.com\/es\/wp-json\/wp\/v2\/types\/post"}],"author":[{"embeddable":true,"href":"https:\/\/www.europesays.com\/es\/wp-json\/wp\/v2\/users\/2"}],"replies":[{"embeddable":true,"href":"https:\/\/www.europesays.com\/es\/wp-json\/wp\/v2\/comments?post=146281"}],"version-history":[{"count":0,"href":"https:\/\/www.europesays.com\/es\/wp-json\/wp\/v2\/posts\/146281\/revisions"}],"wp:featuredmedia":[{"embeddable":true,"href":"https:\/\/www.europesays.com\/es\/wp-json\/wp\/v2\/media\/146282"}],"wp:attachment":[{"href":"https:\/\/www.europesays.com\/es\/wp-json\/wp\/v2\/media?parent=146281"}],"wp:term":[{"taxonomy":"category","embeddable":true,"href":"https:\/\/www.europesays.com\/es\/wp-json\/wp\/v2\/categories?post=146281"},{"taxonomy":"post_tag","embeddable":true,"href":"https:\/\/www.europesays.com\/es\/wp-json\/wp\/v2\/tags?post=146281"}],"curies":[{"name":"wp","href":"https:\/\/api.w.org\/{rel}","templated":true}]}}